{"id":61980,"date":"2019-05-27T16:26:24","date_gmt":"2019-05-27T13:26:24","guid":{"rendered":"http:\/\/arantv.az\/?p=61980"},"modified":"2019-05-27T16:26:24","modified_gmt":"2019-05-27T13:26:24","slug":"putin-ilham-%c9%99liyevi-t%c9%99brik-etdi","status":"publish","type":"post","link":"https:\/\/arantv.az\/?p=61980","title":{"rendered":"Putin \u0130lham \u018fliyevi t\u0259brik etdi"},"content":{"rendered":"<p>Rusiya Federasiyas\u0131n\u0131n Prezidenti Vladimir Putin Az\u0259rbaycan Respublikas\u0131n\u0131n Prezidenti \u0130lham \u018fliyev\u0259 t\u0259brik m\u0259ktubu g\u00f6nd\u0259rib.<\/p>\n<p>M\u0259ktubda\u00a0<a href=\"https:\/\/azertag.az\/xeber\/Rusiya_Federasiyasinin_Prezidenti_Vladimir_Putinden-1287901\" target=\"_blank\" rel=\"noopener\">deyilir<\/a>:<\/p>\n<p>\u201cH\u00f6rm\u0259tli \u0130lham Heyd\u0259r o\u011flu.<\/p>\n<div id=\"AdviadNativeVideo0\" class=\"AdviadNativeVideo\"><\/div>\n<p>Az\u0259rbaycan\u0131n milli bayram\u0131 \u2013 Respublika G\u00fcn\u00fc m\u00fcnasib\u0259til\u0259 \u0259n s\u0259mimi t\u0259brikl\u0259rimi q\u0259bul edin.<\/p>\n<p>Sizin \u00f6lk\u0259niz sosial-iqtisadi inki\u015faf yolunda inamla ir\u0259lil\u0259yir, beyn\u0259lxalq g\u00fcnd\u0259likd\u0259ki aktual m\u0259s\u0259l\u0259l\u0259rin h\u0259llind\u0259 m\u00fch\u00fcm rol oynay\u0131r.<\/p>\n<p>Rusiyada Az\u0259rbaycan il\u0259 strateji t\u0259r\u0259fda\u015fl\u0131q m\u00fcnasib\u0259tl\u0259rini y\u00fcks\u0259k qiym\u0259tl\u0259ndirirl\u0259r. \u018fmin\u0259m ki, biz b\u00fct\u00fcn sah\u0259l\u0259rd\u0259 s\u0259m\u0259r\u0259li ikit\u0259r\u0259fli \u0259laq\u0259l\u0259ri, regional sabitliyin v\u0259 t\u0259hl\u00fck\u0259sizliyin t\u0259min edilm\u0259sind\u0259 konstruktiv qar\u015f\u0131l\u0131ql\u0131 f\u0259aliyy\u0259ti birg\u0259 s\u0259yl\u0259rimizl\u0259 bundan sonra da u\u011furla inki\u015faf etdir\u0259c\u0259yik. He\u00e7 \u015f\u00fcbh\u0259siz ki, bu, dost xalqlar\u0131m\u0131z\u0131n \u0259sas m\u0259nafel\u0259rin\u0259 uy\u011fundur.<\/p>\n<p>H\u00f6rm\u0259tli \u0130lham Heyd\u0259r o\u011flu, Siz\u0259 m\u00f6hk\u0259m cansa\u011fl\u0131\u011f\u0131 v\u0259 u\u011furlar, Az\u0259rbaycan\u0131n b\u00fct\u00fcn v\u0259t\u0259nda\u015flar\u0131na is\u0259 firavanl\u0131q v\u0259 rifah dil\u0259yir\u0259m\u201d.<\/p>\n","protected":false},"excerpt":{"rendered":"<p>Rusiya Federasiyas\u0131n\u0131n Prezidenti Vladimir Putin Az\u0259rbaycan Respublikas\u0131n\u0131n Prezidenti \u0130lham \u018fliyev\u0259 t\u0259brik m\u0259ktubu g\u00f6nd\u0259rib. M\u0259ktubda\u00a0deyilir: \u201cH\u00f6rm\u0259tli \u0130lham Heyd\u0259r o\u011flu. Az\u0259rbaycan\u0131n milli bayram\u0131 \u2013 Respublika G\u00fcn\u00fc m\u00fcnasib\u0259til\u0259 \u0259n s\u0259mimi t\u0259brikl\u0259rimi q\u0259bul edin. Sizin \u00f6lk\u0259niz sosial-iqtisadi inki\u015faf yolunda inamla ir\u0259lil\u0259yir, beyn\u0259lxalq g\u00fcnd\u0259likd\u0259ki aktual m\u0259s\u0259l\u0259l\u0259rin h\u0259llind\u0259 m\u00fch\u00fcm rol oynay\u0131r. Rusiyada Az\u0259rbaycan il\u0259 strateji t\u0259r\u0259fda\u015fl\u0131q m\u00fcnasib\u0259tl\u0259rini y\u00fcks\u0259k qiym\u0259tl\u0259ndirirl\u0259r. \u018fmin\u0259m ki, biz b\u00fct\u00fcn sah\u0259l\u0259rd\u0259 s\u0259m\u0259r\u0259li ikit\u0259r\u0259fli \u0259laq\u0259l\u0259ri, regional sabitliyin v\u0259 t\u0259hl\u00fck\u0259sizliyin t\u0259min edilm\u0259sind\u0259 konstruktiv qar\u015f\u0131l\u0131ql\u0131 f\u0259aliyy\u0259ti birg\u0259 s\u0259yl\u0259rimizl\u0259 bundan sonra da u\u011furla inki\u015faf etdir\u0259c\u0259yik. He\u00e7 \u015f\u00fcbh\u0259siz ki, bu, dost xalqlar\u0131m\u0131z\u0131n \u0259sas m\u0259nafel\u0259rin\u0259 uy\u011fundur. H\u00f6rm\u0259tli \u0130lham Heyd\u0259r&hellip;<\/p>\n","protected":false},"author":2,"featured_media":61981,"comment_status":"closed","ping_status":"closed","sticky":false,"template":"","format":"standard","meta":{"om_disable_all_campaigns":false,"_monsterinsights_skip_tracking":false,"_monsterinsights_sitenote_active":false,"_monsterinsights_sitenote_note":"","_monsterinsights_sitenote_category":0},"categories":[4],"tags":[],"aioseo_notices":[],"gutentor_comment":0,"rttpg_featured_image_url":{"full":["https:\/\/arantv.az\/wp-content\/uploads\/2019\/05\/4622933-1.jpg",620,399,false],"landscape":["https:\/\/arantv.az\/wp-content\/uploads\/2019\/05\/4622933-1.jpg",620,399,false],"portraits":["https:\/\/arantv.az\/wp-content\/uploads\/2019\/05\/4622933-1.jpg",620,399,false],"thumbnail":["https:\/\/arantv.az\/wp-content\/uploads\/2019\/05\/4622933-1-150x150.jpg",150,150,true],"medium":["https:\/\/arantv.az\/wp-content\/uploads\/2019\/05\/4622933-1-300x193.jpg",300,193,true],"large":["https:\/\/arantv.az\/wp-content\/uploads\/2019\/05\/4622933-1.jpg",620,399,false],"1536x1536":["https:\/\/arantv.az\/wp-content\/uploads\/2019\/05\/4622933-1.jpg",620,399,false],"2048x2048":["https:\/\/arantv.az\/wp-content\/uploads\/2019\/05\/4622933-1.jpg",620,399,false],"post-thumbnail":["https:\/\/arantv.az\/wp-content\/uploads\/2019\/05\/4622933-1-240x172.jpg",240,172,true],"advps-thumb-one":["https:\/\/arantv.az\/wp-content\/uploads\/2019\/05\/4622933-1.jpg",620,399,false]},"rttpg_author":{"display_name":"V\u00fcsal Rafiqo\u011flu","author_link":"https:\/\/arantv.az\/?author=2"},"rttpg_comment":0,"rttpg_category":"<a href=\"https:\/\/arantv.az\/?cat=4\" rel=\"category\">Siyas\u0259t<\/a>","rttpg_excerpt":"Rusiya Federasiyas\u0131n\u0131n Prezidenti Vladimir Putin Az\u0259rbaycan Respublikas\u0131n\u0131n Prezidenti \u0130lham \u018fliyev\u0259 t\u0259brik m\u0259ktubu g\u00f6nd\u0259rib. M\u0259ktubda\u00a0deyilir: \u201cH\u00f6rm\u0259tli \u0130lham Heyd\u0259r o\u011flu. Az\u0259rbaycan\u0131n milli bayram\u0131 \u2013 Respublika G\u00fcn\u00fc m\u00fcnasib\u0259til\u0259 \u0259n s\u0259mimi t\u0259brikl\u0259rimi q\u0259bul edin. Sizin \u00f6lk\u0259niz sosial-iqtisadi inki\u015faf yolunda inamla ir\u0259lil\u0259yir, beyn\u0259lxalq g\u00fcnd\u0259likd\u0259ki aktual m\u0259s\u0259l\u0259l\u0259rin h\u0259llind\u0259 m\u00fch\u00fcm rol oynay\u0131r. Rusiyada Az\u0259rbaycan il\u0259 strateji t\u0259r\u0259fda\u015fl\u0131q m\u00fcnasib\u0259tl\u0259rini y\u00fcks\u0259k qiym\u0259tl\u0259ndirirl\u0259r. \u018fmin\u0259m ki,&hellip;","_links":{"self":[{"href":"https:\/\/arantv.az\/index.php?rest_route=\/wp\/v2\/posts\/61980"}],"collection":[{"href":"https:\/\/arantv.az\/index.php?rest_route=\/wp\/v2\/posts"}],"about":[{"href":"https:\/\/arantv.az\/index.php?rest_route=\/wp\/v2\/types\/post"}],"author":[{"embeddable":true,"href":"https:\/\/arantv.az\/index.php?rest_route=\/wp\/v2\/users\/2"}],"replies":[{"embeddable":true,"href":"https:\/\/arantv.az\/index.php?rest_route=%2Fwp%2Fv2%2Fcomments&post=61980"}],"version-history":[{"count":0,"href":"https:\/\/arantv.az\/index.php?rest_route=\/wp\/v2\/posts\/61980\/revisions"}],"wp:featuredmedia":[{"embeddable":true,"href":"https:\/\/arantv.az\/index.php?rest_route=\/wp\/v2\/media\/61981"}],"wp:attachment":[{"href":"https:\/\/arantv.az\/index.php?rest_route=%2Fwp%2Fv2%2Fmedia&parent=61980"}],"wp:term":[{"taxonomy":"category","embeddable":true,"href":"https:\/\/arantv.az\/index.php?rest_route=%2Fwp%2Fv2%2Fcategories&post=61980"},{"taxonomy":"post_tag","embeddable":true,"href":"https:\/\/arantv.az\/index.php?rest_route=%2Fwp%2Fv2%2Ftags&post=61980"}],"curies":[{"name":"wp","href":"https:\/\/api.w.org\/{rel}","templated":true}]}}