{"id":62039,"date":"2019-05-28T08:05:28","date_gmt":"2019-05-28T05:05:28","guid":{"rendered":"http:\/\/arantv.az\/?p=62039"},"modified":"2019-05-28T08:05:28","modified_gmt":"2019-05-28T05:05:28","slug":"gelandewagen-bin%c9%99q%c9%99did%c9%99-q%c9%99za-tor%c9%99dib-video","status":"publish","type":"post","link":"https:\/\/arantv.az\/?p=62039","title":{"rendered":"\u201cGelandewagen\u201d Bin\u0259q\u0259did\u0259 q\u0259za t\u00f6r\u0259dib \u2013 V\u0130DEO"},"content":{"rendered":"<p>Gec\u0259 saatlar\u0131nda Bak\u0131n\u0131n Bin\u0259q\u0259di rayonunda iki\u00a0avtomobilin i\u015ftirak\u0131 il\u0259 yol-n\u0259qliyyat hadis\u0259si ba\u015f verib.<\/p>\n<p><strong>ARANTV.AZ\u00a0<\/strong>\u00a0x\u0259b\u0259r verir ki,\u00a0rayonun \u201cVarovski\u201d dair\u0259si adlanan \u0259razid\u0259 h\u0259r\u0259k\u0259td\u0259 olan \u201cMercedes Gelandewagen\u201d markal\u0131 minik avtomobili dair\u0259vi yola daxil olark\u0259n yol ni\u015fan\u0131n\u0131n t\u0259l\u0259bini pozub. N\u0259tic\u0259d\u0259, avtomobil qar\u015f\u0131dan g\u0259l\u0259n \u201c90-KP-804\u201d d\u00f6vl\u0259t n\u00f6mr\u0259 ni\u015fanl\u0131 \u201cK\u0130A\u201d markal\u0131 minik ma\u015f\u0131n\u0131na \u00e7\u0131rp\u0131l\u0131b.<\/p>\n<p>Q\u0259zada x\u0259sar\u0259t alan olmasa da, avtomobilll\u0259r\u0259 maddi ziyan d\u0259yib.<\/p>\n<p>\u018fraziy\u0259 yol polisi \u0259m\u0259kda\u015flar\u0131 c\u0259lb olunub. Hadis\u0259nin t\u0259f\u0259rr\u00fcat\u0131 apar\u0131lan ara\u015fd\u0131rmalardan sonra m\u0259lum olacaq.<\/p>\n<div><iframe loading=\"lazy\" src=\"https:\/\/player.baku.tv\/embed\/8634?fbclid=IwAR1k1_WgR2inwRLgVfjC2ZiGYEBPDU2-YkpeJNJFS9dTvwQB_jhoOR5a7ZA\" width=\"560\" height=\"315\" frameborder=\"0\" allowfullscreen=\"allowfullscreen\" data-mce-fragment=\"1\"><\/iframe><\/div>\n<p><b>oxu.az<\/b><\/p>\n","protected":false},"excerpt":{"rendered":"<p>Gec\u0259 saatlar\u0131nda Bak\u0131n\u0131n Bin\u0259q\u0259di rayonunda iki\u00a0avtomobilin i\u015ftirak\u0131 il\u0259 yol-n\u0259qliyyat hadis\u0259si ba\u015f verib. ARANTV.AZ\u00a0\u00a0x\u0259b\u0259r verir ki,\u00a0rayonun \u201cVarovski\u201d dair\u0259si adlanan \u0259razid\u0259 h\u0259r\u0259k\u0259td\u0259 olan \u201cMercedes Gelandewagen\u201d markal\u0131 minik avtomobili dair\u0259vi yola daxil olark\u0259n yol ni\u015fan\u0131n\u0131n t\u0259l\u0259bini pozub. N\u0259tic\u0259d\u0259, avtomobil qar\u015f\u0131dan g\u0259l\u0259n \u201c90-KP-804\u201d d\u00f6vl\u0259t n\u00f6mr\u0259 ni\u015fanl\u0131 \u201cK\u0130A\u201d markal\u0131 minik ma\u015f\u0131n\u0131na \u00e7\u0131rp\u0131l\u0131b. Q\u0259zada x\u0259sar\u0259t alan olmasa da, avtomobilll\u0259r\u0259 maddi ziyan d\u0259yib. \u018fraziy\u0259 yol polisi \u0259m\u0259kda\u015flar\u0131 c\u0259lb olunub. Hadis\u0259nin t\u0259f\u0259rr\u00fcat\u0131 apar\u0131lan ara\u015fd\u0131rmalardan sonra m\u0259lum olacaq. oxu.az<\/p>\n","protected":false},"author":2,"featured_media":62040,"comment_status":"closed","ping_status":"closed","sticky":false,"template":"","format":"standard","meta":{"om_disable_all_campaigns":false,"_monsterinsights_skip_tracking":false,"_monsterinsights_sitenote_active":false,"_monsterinsights_sitenote_note":"","_monsterinsights_sitenote_category":0},"categories":[5],"tags":[],"aioseo_notices":[],"gutentor_comment":0,"rttpg_featured_image_url":{"full":["https:\/\/arantv.az\/wp-content\/uploads\/2019\/05\/61160519_366830167524902_5340776284794388480_n.jpg",620,349,false],"landscape":["https:\/\/arantv.az\/wp-content\/uploads\/2019\/05\/61160519_366830167524902_5340776284794388480_n.jpg",620,349,false],"portraits":["https:\/\/arantv.az\/wp-content\/uploads\/2019\/05\/61160519_366830167524902_5340776284794388480_n.jpg",620,349,false],"thumbnail":["https:\/\/arantv.az\/wp-content\/uploads\/2019\/05\/61160519_366830167524902_5340776284794388480_n-150x150.jpg",150,150,true],"medium":["https:\/\/arantv.az\/wp-content\/uploads\/2019\/05\/61160519_366830167524902_5340776284794388480_n-300x169.jpg",300,169,true],"large":["https:\/\/arantv.az\/wp-content\/uploads\/2019\/05\/61160519_366830167524902_5340776284794388480_n.jpg",620,349,false],"1536x1536":["https:\/\/arantv.az\/wp-content\/uploads\/2019\/05\/61160519_366830167524902_5340776284794388480_n.jpg",620,349,false],"2048x2048":["https:\/\/arantv.az\/wp-content\/uploads\/2019\/05\/61160519_366830167524902_5340776284794388480_n.jpg",620,349,false],"post-thumbnail":["https:\/\/arantv.az\/wp-content\/uploads\/2019\/05\/61160519_366830167524902_5340776284794388480_n-240x172.jpg",240,172,true],"advps-thumb-one":["https:\/\/arantv.az\/wp-content\/uploads\/2019\/05\/61160519_366830167524902_5340776284794388480_n.jpg",620,349,false]},"rttpg_author":{"display_name":"V\u00fcsal Rafiqo\u011flu","author_link":"https:\/\/arantv.az\/?author=2"},"rttpg_comment":0,"rttpg_category":"<a href=\"https:\/\/arantv.az\/?cat=5\" rel=\"category\">Hadis\u0259<\/a>","rttpg_excerpt":"Gec\u0259 saatlar\u0131nda Bak\u0131n\u0131n Bin\u0259q\u0259di rayonunda iki\u00a0avtomobilin i\u015ftirak\u0131 il\u0259 yol-n\u0259qliyyat hadis\u0259si ba\u015f verib. ARANTV.AZ\u00a0\u00a0x\u0259b\u0259r verir ki,\u00a0rayonun \u201cVarovski\u201d dair\u0259si adlanan \u0259razid\u0259 h\u0259r\u0259k\u0259td\u0259 olan \u201cMercedes Gelandewagen\u201d markal\u0131 minik avtomobili dair\u0259vi yola daxil olark\u0259n yol ni\u015fan\u0131n\u0131n t\u0259l\u0259bini pozub. N\u0259tic\u0259d\u0259, avtomobil qar\u015f\u0131dan g\u0259l\u0259n \u201c90-KP-804\u201d d\u00f6vl\u0259t n\u00f6mr\u0259 ni\u015fanl\u0131 \u201cK\u0130A\u201d markal\u0131 minik ma\u015f\u0131n\u0131na \u00e7\u0131rp\u0131l\u0131b. Q\u0259zada x\u0259sar\u0259t alan olmasa da, avtomobilll\u0259r\u0259 maddi ziyan&hellip;","_links":{"self":[{"href":"https:\/\/arantv.az\/index.php?rest_route=\/wp\/v2\/posts\/62039"}],"collection":[{"href":"https:\/\/arantv.az\/index.php?rest_route=\/wp\/v2\/posts"}],"about":[{"href":"https:\/\/arantv.az\/index.php?rest_route=\/wp\/v2\/types\/post"}],"author":[{"embeddable":true,"href":"https:\/\/arantv.az\/index.php?rest_route=\/wp\/v2\/users\/2"}],"replies":[{"embeddable":true,"href":"https:\/\/arantv.az\/index.php?rest_route=%2Fwp%2Fv2%2Fcomments&post=62039"}],"version-history":[{"count":0,"href":"https:\/\/arantv.az\/index.php?rest_route=\/wp\/v2\/posts\/62039\/revisions"}],"wp:featuredmedia":[{"embeddable":true,"href":"https:\/\/arantv.az\/index.php?rest_route=\/wp\/v2\/media\/62040"}],"wp:attachment":[{"href":"https:\/\/arantv.az\/index.php?rest_route=%2Fwp%2Fv2%2Fmedia&parent=62039"}],"wp:term":[{"taxonomy":"category","embeddable":true,"href":"https:\/\/arantv.az\/index.php?rest_route=%2Fwp%2Fv2%2Fcategories&post=62039"},{"taxonomy":"post_tag","embeddable":true,"href":"https:\/\/arantv.az\/index.php?rest_route=%2Fwp%2Fv2%2Ftags&post=62039"}],"curies":[{"name":"wp","href":"https:\/\/api.w.org\/{rel}","templated":true}]}}