{"id":62054,"date":"2019-05-28T09:37:15","date_gmt":"2019-05-28T06:37:15","guid":{"rendered":"http:\/\/arantv.az\/?p=62054"},"modified":"2019-05-28T09:37:15","modified_gmt":"2019-05-28T06:37:15","slug":"29-yasli-g%c9%99ncin-evind%c9%99-meyiti-tapildi","status":"publish","type":"post","link":"https:\/\/arantv.az\/?p=62054","title":{"rendered":"29 ya\u015fl\u0131 g\u0259ncin evind\u0259 meyiti tap\u0131ld\u0131"},"content":{"rendered":"<p>Sumqay\u0131tda 29 ya\u015fl\u0131 g\u0259ncin meyiti evind\u0259 tap\u0131ld\u0131.<\/p>\n<p><b>ARANTV.AZ\u00a0<\/b> x\u0259b\u0259r verir ki, F\u00f6vq\u0259lad\u0259 Hallar Nazirliyinin &#8220;112&#8221; qaynar telefon x\u0259ttin\u0259 daxil olan m\u0259lumata \u0259sas\u0259n, Sumqay\u0131t \u015f\u0259h\u0259rind\u0259 1 n\u0259f\u0259r m\u0259nzild\u0259 ba\u011fl\u0131 qap\u0131 arxas\u0131nda k\u00f6m\u0259ksiz v\u0259ziyy\u0259td\u0259 qal\u0131b. Hadis\u0259 yerin\u0259 c\u0259lb olunan Sumqay\u0131t Regional M\u0259rk\u0259zinin m\u00fcvafiq xilasetm\u0259 q\u00fcvv\u0259l\u0259ri m\u0259nzilin giri\u015f qap\u0131s\u0131n\u0131 a\u00e7\u0131b v\u0259 orada a\u015fkarlanan 1990-c\u0131 il t\u0259v\u0259ll\u00fcdl\u00fc H\u0259\u015fimov Muxtar Oktay o\u011flunun meyitini aidiyy\u0259ti \u00fczr\u0259 t\u0259hvil veribl\u0259r.big.az<\/p>\n","protected":false},"excerpt":{"rendered":"<p>Sumqay\u0131tda 29 ya\u015fl\u0131 g\u0259ncin meyiti evind\u0259 tap\u0131ld\u0131. ARANTV.AZ\u00a0 x\u0259b\u0259r verir ki, F\u00f6vq\u0259lad\u0259 Hallar Nazirliyinin &#8220;112&#8221; qaynar telefon x\u0259ttin\u0259 daxil olan m\u0259lumata \u0259sas\u0259n, Sumqay\u0131t \u015f\u0259h\u0259rind\u0259 1 n\u0259f\u0259r m\u0259nzild\u0259 ba\u011fl\u0131 qap\u0131 arxas\u0131nda k\u00f6m\u0259ksiz v\u0259ziyy\u0259td\u0259 qal\u0131b. Hadis\u0259 yerin\u0259 c\u0259lb olunan Sumqay\u0131t Regional M\u0259rk\u0259zinin m\u00fcvafiq xilasetm\u0259 q\u00fcvv\u0259l\u0259ri m\u0259nzilin giri\u015f qap\u0131s\u0131n\u0131 a\u00e7\u0131b v\u0259 orada a\u015fkarlanan 1990-c\u0131 il t\u0259v\u0259ll\u00fcdl\u00fc H\u0259\u015fimov Muxtar Oktay o\u011flunun meyitini aidiyy\u0259ti \u00fczr\u0259 t\u0259hvil veribl\u0259r.big.az<\/p>\n","protected":false},"author":2,"featured_media":62055,"comment_status":"closed","ping_status":"closed","sticky":false,"template":"","format":"standard","meta":{"om_disable_all_campaigns":false,"_monsterinsights_skip_tracking":false,"_monsterinsights_sitenote_active":false,"_monsterinsights_sitenote_note":"","_monsterinsights_sitenote_category":0},"categories":[5],"tags":[],"aioseo_notices":[],"gutentor_comment":0,"rttpg_featured_image_url":{"full":["https:\/\/arantv.az\/wp-content\/uploads\/2019\/05\/1_51559025258.jpg",600,400,false],"landscape":["https:\/\/arantv.az\/wp-content\/uploads\/2019\/05\/1_51559025258.jpg",600,400,false],"portraits":["https:\/\/arantv.az\/wp-content\/uploads\/2019\/05\/1_51559025258.jpg",600,400,false],"thumbnail":["https:\/\/arantv.az\/wp-content\/uploads\/2019\/05\/1_51559025258-150x150.jpg",150,150,true],"medium":["https:\/\/arantv.az\/wp-content\/uploads\/2019\/05\/1_51559025258-300x200.jpg",300,200,true],"large":["https:\/\/arantv.az\/wp-content\/uploads\/2019\/05\/1_51559025258.jpg",600,400,false],"1536x1536":["https:\/\/arantv.az\/wp-content\/uploads\/2019\/05\/1_51559025258.jpg",600,400,false],"2048x2048":["https:\/\/arantv.az\/wp-content\/uploads\/2019\/05\/1_51559025258.jpg",600,400,false],"post-thumbnail":["https:\/\/arantv.az\/wp-content\/uploads\/2019\/05\/1_51559025258-240x172.jpg",240,172,true],"advps-thumb-one":["https:\/\/arantv.az\/wp-content\/uploads\/2019\/05\/1_51559025258.jpg",600,400,false]},"rttpg_author":{"display_name":"V\u00fcsal Rafiqo\u011flu","author_link":"https:\/\/arantv.az\/?author=2"},"rttpg_comment":0,"rttpg_category":"<a href=\"https:\/\/arantv.az\/?cat=5\" rel=\"category\">Hadis\u0259<\/a>","rttpg_excerpt":"Sumqay\u0131tda 29 ya\u015fl\u0131 g\u0259ncin meyiti evind\u0259 tap\u0131ld\u0131. ARANTV.AZ\u00a0 x\u0259b\u0259r verir ki, F\u00f6vq\u0259lad\u0259 Hallar Nazirliyinin &#8220;112&#8221; qaynar telefon x\u0259ttin\u0259 daxil olan m\u0259lumata \u0259sas\u0259n, Sumqay\u0131t \u015f\u0259h\u0259rind\u0259 1 n\u0259f\u0259r m\u0259nzild\u0259 ba\u011fl\u0131 qap\u0131 arxas\u0131nda k\u00f6m\u0259ksiz v\u0259ziyy\u0259td\u0259 qal\u0131b. Hadis\u0259 yerin\u0259 c\u0259lb olunan Sumqay\u0131t Regional M\u0259rk\u0259zinin m\u00fcvafiq xilasetm\u0259 q\u00fcvv\u0259l\u0259ri m\u0259nzilin giri\u015f qap\u0131s\u0131n\u0131 a\u00e7\u0131b v\u0259 orada a\u015fkarlanan 1990-c\u0131 il t\u0259v\u0259ll\u00fcdl\u00fc H\u0259\u015fimov Muxtar&hellip;","_links":{"self":[{"href":"https:\/\/arantv.az\/index.php?rest_route=\/wp\/v2\/posts\/62054"}],"collection":[{"href":"https:\/\/arantv.az\/index.php?rest_route=\/wp\/v2\/posts"}],"about":[{"href":"https:\/\/arantv.az\/index.php?rest_route=\/wp\/v2\/types\/post"}],"author":[{"embeddable":true,"href":"https:\/\/arantv.az\/index.php?rest_route=\/wp\/v2\/users\/2"}],"replies":[{"embeddable":true,"href":"https:\/\/arantv.az\/index.php?rest_route=%2Fwp%2Fv2%2Fcomments&post=62054"}],"version-history":[{"count":0,"href":"https:\/\/arantv.az\/index.php?rest_route=\/wp\/v2\/posts\/62054\/revisions"}],"wp:featuredmedia":[{"embeddable":true,"href":"https:\/\/arantv.az\/index.php?rest_route=\/wp\/v2\/media\/62055"}],"wp:attachment":[{"href":"https:\/\/arantv.az\/index.php?rest_route=%2Fwp%2Fv2%2Fmedia&parent=62054"}],"wp:term":[{"taxonomy":"category","embeddable":true,"href":"https:\/\/arantv.az\/index.php?rest_route=%2Fwp%2Fv2%2Fcategories&post=62054"},{"taxonomy":"post_tag","embeddable":true,"href":"https:\/\/arantv.az\/index.php?rest_route=%2Fwp%2Fv2%2Ftags&post=62054"}],"curies":[{"name":"wp","href":"https:\/\/api.w.org\/{rel}","templated":true}]}}