{"id":62057,"date":"2019-05-28T09:38:14","date_gmt":"2019-05-28T06:38:14","guid":{"rendered":"http:\/\/arantv.az\/?p=62057"},"modified":"2019-05-28T09:38:14","modified_gmt":"2019-05-28T06:38:14","slug":"alpinist-everesti-f%c9%99th-etdi","status":"publish","type":"post","link":"https:\/\/arantv.az\/?p=62057","title":{"rendered":"Alpinist Everesti f\u0259th etdi"},"content":{"rendered":"<p>Az\u0259rbaycanl\u0131 alpinist Vadim Vokrya\u00e7ko 24 mayda planetin \u0259n y\u00fcks\u0259k n\u00f6qt\u0259si &#8211; Everesti (d\u0259niz s\u0259viyy\u0259sind\u0259n 8848 metr h\u00fcnd\u00fcrl\u00fck) f\u0259th edib v\u0259 indi evin\u0259 qay\u0131d\u0131r. Bu g\u00fcn ax\u015fam onun Bak\u0131ya \u00e7atmas\u0131 g\u00f6zl\u0259nilir.<\/p>\n<p><b>ARANTV.AZ\u00a0<\/b>x\u0259b\u0259r verir ki, bu bar\u0259d\u0259 oxu.az-a Vadim Vokrya\u00e7ko bildirib.<\/p>\n<div id=\"AdviadNativeVideo0\" class=\"AdviadNativeVideo\"><\/div>\n<p>Alpinistin f\u0259aliyy\u0259tini izl\u0259yirik v\u0259 onun \u0259vv\u0259lki f\u0259thl\u0259ri bar\u0259d\u0259 yazm\u0131\u015fd\u0131q.<\/p>\n<p>Everest\u0259 olan r\u0259smi ekspedisiya 15 apreld\u0259 Tibetin paytaxt\u0131 Lhasa \u015f\u0259h\u0259rind\u0259 ba\u015flay\u0131b. Alt\u0131 \u00f6lk\u0259d\u0259n v\u0259 on \u015f\u0259h\u0259rd\u0259n olan i\u015ftirak\u00e7\u0131lar ekpedisiyada i\u015ftirak edibl\u0259r. Everest\u0259 qalxmaq t\u0259hl\u00fck\u0259li say\u0131l\u0131r. Bu da\u011fda y\u00fczl\u0259rl\u0259 alpinist \u00f6l\u00fcb, buna g\u00f6r\u0259 zirv\u0259ni h\u0259m d\u0259 \u201c\u00f6l\u00fcm da\u011f\u0131\u201d adland\u0131r\u0131rlar.<\/p>\n<p>\u201cHimalayan Times\u201d q\u0259zeti yaz\u0131r ki, yaz m\u00f6vs\u00fcm\u00fcnd\u0259 Everestd\u0259 \u00f6l\u0259n alpinistl\u0259rin say\u0131 10-a \u00e7at\u0131b.<\/p>\n","protected":false},"excerpt":{"rendered":"<p>Az\u0259rbaycanl\u0131 alpinist Vadim Vokrya\u00e7ko 24 mayda planetin \u0259n y\u00fcks\u0259k n\u00f6qt\u0259si &#8211; Everesti (d\u0259niz s\u0259viyy\u0259sind\u0259n 8848 metr h\u00fcnd\u00fcrl\u00fck) f\u0259th edib v\u0259 indi evin\u0259 qay\u0131d\u0131r. Bu g\u00fcn ax\u015fam onun Bak\u0131ya \u00e7atmas\u0131 g\u00f6zl\u0259nilir. ARANTV.AZ\u00a0x\u0259b\u0259r verir ki, bu bar\u0259d\u0259 oxu.az-a Vadim Vokrya\u00e7ko bildirib. Alpinistin f\u0259aliyy\u0259tini izl\u0259yirik v\u0259 onun \u0259vv\u0259lki f\u0259thl\u0259ri bar\u0259d\u0259 yazm\u0131\u015fd\u0131q. Everest\u0259 olan r\u0259smi ekspedisiya 15 apreld\u0259 Tibetin paytaxt\u0131 Lhasa \u015f\u0259h\u0259rind\u0259 ba\u015flay\u0131b. Alt\u0131 \u00f6lk\u0259d\u0259n v\u0259 on \u015f\u0259h\u0259rd\u0259n olan i\u015ftirak\u00e7\u0131lar ekpedisiyada i\u015ftirak edibl\u0259r. Everest\u0259 qalxmaq t\u0259hl\u00fck\u0259li say\u0131l\u0131r. Bu da\u011fda y\u00fczl\u0259rl\u0259 alpinist \u00f6l\u00fcb, buna g\u00f6r\u0259 zirv\u0259ni h\u0259m d\u0259 \u201c\u00f6l\u00fcm da\u011f\u0131\u201d adland\u0131r\u0131rlar. \u201cHimalayan Times\u201d q\u0259zeti yaz\u0131r&hellip;<\/p>\n","protected":false},"author":2,"featured_media":62058,"comment_status":"closed","ping_status":"closed","sticky":false,"template":"","format":"standard","meta":{"om_disable_all_campaigns":false,"_monsterinsights_skip_tracking":false,"_monsterinsights_sitenote_active":false,"_monsterinsights_sitenote_note":"","_monsterinsights_sitenote_category":0},"categories":[6],"tags":[],"aioseo_notices":[],"gutentor_comment":0,"rttpg_featured_image_url":{"full":["https:\/\/arantv.az\/wp-content\/uploads\/2019\/05\/alpini.jpg",620,414,false],"landscape":["https:\/\/arantv.az\/wp-content\/uploads\/2019\/05\/alpini.jpg",620,414,false],"portraits":["https:\/\/arantv.az\/wp-content\/uploads\/2019\/05\/alpini.jpg",620,414,false],"thumbnail":["https:\/\/arantv.az\/wp-content\/uploads\/2019\/05\/alpini-150x150.jpg",150,150,true],"medium":["https:\/\/arantv.az\/wp-content\/uploads\/2019\/05\/alpini-300x200.jpg",300,200,true],"large":["https:\/\/arantv.az\/wp-content\/uploads\/2019\/05\/alpini.jpg",620,414,false],"1536x1536":["https:\/\/arantv.az\/wp-content\/uploads\/2019\/05\/alpini.jpg",620,414,false],"2048x2048":["https:\/\/arantv.az\/wp-content\/uploads\/2019\/05\/alpini.jpg",620,414,false],"post-thumbnail":["https:\/\/arantv.az\/wp-content\/uploads\/2019\/05\/alpini-240x172.jpg",240,172,true],"advps-thumb-one":["https:\/\/arantv.az\/wp-content\/uploads\/2019\/05\/alpini.jpg",620,414,false]},"rttpg_author":{"display_name":"V\u00fcsal Rafiqo\u011flu","author_link":"https:\/\/arantv.az\/?author=2"},"rttpg_comment":0,"rttpg_category":"<a href=\"https:\/\/arantv.az\/?cat=6\" rel=\"category\">\u0130dman<\/a>","rttpg_excerpt":"Az\u0259rbaycanl\u0131 alpinist Vadim Vokrya\u00e7ko 24 mayda planetin \u0259n y\u00fcks\u0259k n\u00f6qt\u0259si &#8211; Everesti (d\u0259niz s\u0259viyy\u0259sind\u0259n 8848 metr h\u00fcnd\u00fcrl\u00fck) f\u0259th edib v\u0259 indi evin\u0259 qay\u0131d\u0131r. Bu g\u00fcn ax\u015fam onun Bak\u0131ya \u00e7atmas\u0131 g\u00f6zl\u0259nilir. ARANTV.AZ\u00a0x\u0259b\u0259r verir ki, bu bar\u0259d\u0259 oxu.az-a Vadim Vokrya\u00e7ko bildirib. Alpinistin f\u0259aliyy\u0259tini izl\u0259yirik v\u0259 onun \u0259vv\u0259lki f\u0259thl\u0259ri bar\u0259d\u0259 yazm\u0131\u015fd\u0131q. Everest\u0259 olan r\u0259smi ekspedisiya 15 apreld\u0259 Tibetin&hellip;","_links":{"self":[{"href":"https:\/\/arantv.az\/index.php?rest_route=\/wp\/v2\/posts\/62057"}],"collection":[{"href":"https:\/\/arantv.az\/index.php?rest_route=\/wp\/v2\/posts"}],"about":[{"href":"https:\/\/arantv.az\/index.php?rest_route=\/wp\/v2\/types\/post"}],"author":[{"embeddable":true,"href":"https:\/\/arantv.az\/index.php?rest_route=\/wp\/v2\/users\/2"}],"replies":[{"embeddable":true,"href":"https:\/\/arantv.az\/index.php?rest_route=%2Fwp%2Fv2%2Fcomments&post=62057"}],"version-history":[{"count":0,"href":"https:\/\/arantv.az\/index.php?rest_route=\/wp\/v2\/posts\/62057\/revisions"}],"wp:featuredmedia":[{"embeddable":true,"href":"https:\/\/arantv.az\/index.php?rest_route=\/wp\/v2\/media\/62058"}],"wp:attachment":[{"href":"https:\/\/arantv.az\/index.php?rest_route=%2Fwp%2Fv2%2Fmedia&parent=62057"}],"wp:term":[{"taxonomy":"category","embeddable":true,"href":"https:\/\/arantv.az\/index.php?rest_route=%2Fwp%2Fv2%2Fcategories&post=62057"},{"taxonomy":"post_tag","embeddable":true,"href":"https:\/\/arantv.az\/index.php?rest_route=%2Fwp%2Fv2%2Ftags&post=62057"}],"curies":[{"name":"wp","href":"https:\/\/api.w.org\/{rel}","templated":true}]}}