{"id":62072,"date":"2019-05-28T09:41:47","date_gmt":"2019-05-28T06:41:47","guid":{"rendered":"http:\/\/arantv.az\/?p=62072"},"modified":"2019-05-28T09:41:47","modified_gmt":"2019-05-28T06:41:47","slug":"usaga-gor%c9%99-veril%c9%99n-200-manat-pulu-nec%c9%99-almaq-olar-video","status":"publish","type":"post","link":"https:\/\/arantv.az\/?p=62072","title":{"rendered":"U\u015fa\u011fa g\u00f6r\u0259 veril\u0259n 200 manat pulu nec\u0259 almaq olar? &#8211; V\u0130DEO"},"content":{"rendered":"<div id=\"entry\" class=\"entry\">U\u015fa\u011f\u0131n anadan olmas\u0131na g\u00f6r\u0259 bird\u0259f\u0259lik m\u00fcavin\u0259t almaq \u00fc\u00e7\u00fcn v\u0259t\u0259nda\u015flar \u018fm\u0259k v\u0259 \u018fhalinin Sosial M\u00fcdafi\u0259si Nazirliyi yan\u0131nda D\u00f6vl\u0259t Sosial M\u00fcdaif\u0259 Fonudunun m\u00fcvafiq idar\u0259sin\u0259 m\u00fcraci\u0259t etm\u0259lidir.<\/p>\n<p>Paytaxt\u0131n Yasamal v\u0259 S\u0259bail rayonlar\u0131nda ya\u015fayan v\u0259t\u0259nda\u015flar is\u0259 bunun \u00fc\u00e7\u00fcn DOST (Dayan\u0131ql\u0131 v\u0259 Operativ Sosial T\u0259minat) Agentliyinin 1 sayl\u0131 DOST m\u0259rk\u0259zin\u0259 m\u00fcraci\u0259t ed\u0259 bil\u0259rl\u0259r.<\/p>\n<p>DOST m\u0259rk\u0259zinin m\u0259sl\u0259h\u0259t\u00e7isi Kamran Abdullayev m\u00fcavin\u0259t almaq \u00fc\u00e7\u00fcn t\u0259l\u0259b olunan s\u0259n\u0259dl\u0259ri a\u00e7\u0131qlay\u0131b.<\/p>\n<div id=\"AdviadNativeVideo0\" class=\"AdviadNativeVideo\"><\/div>\n<p>\u018fg\u0259r yeni do\u011fulan k\u00f6rp\u0259nin valideynl\u0259rind\u0259n biri i\u015fl\u0259y\u0259rs\u0259, onda h\u0259min \u015f\u0259xs m\u00fcavin\u0259ti almaq \u00fc\u00e7\u00fcn i\u015fl\u0259diyi yer\u0259, y\u0259ni, i\u015f\u0259g\u00f6t\u00fcr\u0259n\u0259 m\u00fcraci\u0259t etm\u0259lidir. \u0130\u015f\u0259g\u00f6t\u00fcr\u0259n is\u0259 onlayn \u015f\u0259kild\u0259 m\u0259lumatlar\u0131 d\u00f6vl\u0259t qurumuna t\u0259qdim etm\u0259lidir.<\/p>\n<p>Qeyd ed\u0259k ki, Prezident \u0130lham \u018fliyevin s\u0259r\u0259ncam\u0131 il\u0259 u\u015fa\u011f\u0131n anadan olmas\u0131na g\u00f6r\u0259 sosial m\u00fcavin\u0259tin m\u0259bl\u0259\u011fi art\u0131r\u0131laraq 200 manat olub. Yeni qayda aprel ay\u0131ndan q\u00fcvv\u0259y\u0259 minib.<\/p>\n<p>Xezerxeber.az m\u00f6vzu il\u0259 ba\u011fl\u0131 daha \u0259trafl\u0131 videomaterial\u0131 t\u0259qdim edir:<\/p>\n<div class=\"embed-responsive embed-responsive-16by9\"><iframe loading=\"lazy\" id=\"nmqembedid\" class=\"embed-responsive-item\" title=\"video player\" src=\"https:\/\/izle.az\/embed\/S6qwNTMxtDACAA~~\" width=\"600\" height=\"340\" frameborder=\"0\" scrolling=\"no\" allowfullscreen=\"allowfullscreen\" data-mce-fragment=\"1\"><\/iframe><\/div>\n<\/div>\n<p>&nbsp;<\/p>\n","protected":false},"excerpt":{"rendered":"<p>U\u015fa\u011f\u0131n anadan olmas\u0131na g\u00f6r\u0259 bird\u0259f\u0259lik m\u00fcavin\u0259t almaq \u00fc\u00e7\u00fcn v\u0259t\u0259nda\u015flar \u018fm\u0259k v\u0259 \u018fhalinin Sosial M\u00fcdafi\u0259si Nazirliyi yan\u0131nda D\u00f6vl\u0259t Sosial M\u00fcdaif\u0259 Fonudunun m\u00fcvafiq idar\u0259sin\u0259 m\u00fcraci\u0259t etm\u0259lidir. Paytaxt\u0131n Yasamal v\u0259 S\u0259bail rayonlar\u0131nda ya\u015fayan v\u0259t\u0259nda\u015flar is\u0259 bunun \u00fc\u00e7\u00fcn DOST (Dayan\u0131ql\u0131 v\u0259 Operativ Sosial T\u0259minat) Agentliyinin 1 sayl\u0131 DOST m\u0259rk\u0259zin\u0259 m\u00fcraci\u0259t ed\u0259 bil\u0259rl\u0259r. DOST m\u0259rk\u0259zinin m\u0259sl\u0259h\u0259t\u00e7isi Kamran Abdullayev m\u00fcavin\u0259t almaq \u00fc\u00e7\u00fcn t\u0259l\u0259b olunan s\u0259n\u0259dl\u0259ri a\u00e7\u0131qlay\u0131b. \u018fg\u0259r yeni do\u011fulan k\u00f6rp\u0259nin valideynl\u0259rind\u0259n biri i\u015fl\u0259y\u0259rs\u0259, onda h\u0259min \u015f\u0259xs m\u00fcavin\u0259ti almaq \u00fc\u00e7\u00fcn i\u015fl\u0259diyi yer\u0259, y\u0259ni, i\u015f\u0259g\u00f6t\u00fcr\u0259n\u0259 m\u00fcraci\u0259t etm\u0259lidir. \u0130\u015f\u0259g\u00f6t\u00fcr\u0259n is\u0259 onlayn \u015f\u0259kild\u0259 m\u0259lumatlar\u0131 d\u00f6vl\u0259t qurumuna t\u0259qdim etm\u0259lidir. Qeyd ed\u0259k&hellip;<\/p>\n","protected":false},"author":2,"featured_media":62073,"comment_status":"closed","ping_status":"closed","sticky":false,"template":"","format":"standard","meta":{"om_disable_all_campaigns":false,"_monsterinsights_skip_tracking":false,"_monsterinsights_sitenote_active":false,"_monsterinsights_sitenote_note":"","_monsterinsights_sitenote_category":0},"categories":[1],"tags":[],"aioseo_notices":[],"gutentor_comment":0,"rttpg_featured_image_url":{"full":["https:\/\/arantv.az\/wp-content\/uploads\/2019\/05\/1559022520_1559016701_1553161774_1552379.jpg",650,388,false],"landscape":["https:\/\/arantv.az\/wp-content\/uploads\/2019\/05\/1559022520_1559016701_1553161774_1552379.jpg",650,388,false],"portraits":["https:\/\/arantv.az\/wp-content\/uploads\/2019\/05\/1559022520_1559016701_1553161774_1552379.jpg",650,388,false],"thumbnail":["https:\/\/arantv.az\/wp-content\/uploads\/2019\/05\/1559022520_1559016701_1553161774_1552379-150x150.jpg",150,150,true],"medium":["https:\/\/arantv.az\/wp-content\/uploads\/2019\/05\/1559022520_1559016701_1553161774_1552379-300x179.jpg",300,179,true],"large":["https:\/\/arantv.az\/wp-content\/uploads\/2019\/05\/1559022520_1559016701_1553161774_1552379.jpg",640,382,false],"1536x1536":["https:\/\/arantv.az\/wp-content\/uploads\/2019\/05\/1559022520_1559016701_1553161774_1552379.jpg",650,388,false],"2048x2048":["https:\/\/arantv.az\/wp-content\/uploads\/2019\/05\/1559022520_1559016701_1553161774_1552379.jpg",650,388,false],"post-thumbnail":["https:\/\/arantv.az\/wp-content\/uploads\/2019\/05\/1559022520_1559016701_1553161774_1552379-240x172.jpg",240,172,true],"advps-thumb-one":["https:\/\/arantv.az\/wp-content\/uploads\/2019\/05\/1559022520_1559016701_1553161774_1552379.jpg",650,388,false]},"rttpg_author":{"display_name":"V\u00fcsal Rafiqo\u011flu","author_link":"https:\/\/arantv.az\/?author=2"},"rttpg_comment":0,"rttpg_category":"<a href=\"https:\/\/arantv.az\/?cat=1\" rel=\"category\">C\u0259miyy\u0259t<\/a>","rttpg_excerpt":"U\u015fa\u011f\u0131n anadan olmas\u0131na g\u00f6r\u0259 bird\u0259f\u0259lik m\u00fcavin\u0259t almaq \u00fc\u00e7\u00fcn v\u0259t\u0259nda\u015flar \u018fm\u0259k v\u0259 \u018fhalinin Sosial M\u00fcdafi\u0259si Nazirliyi yan\u0131nda D\u00f6vl\u0259t Sosial M\u00fcdaif\u0259 Fonudunun m\u00fcvafiq idar\u0259sin\u0259 m\u00fcraci\u0259t etm\u0259lidir. Paytaxt\u0131n Yasamal v\u0259 S\u0259bail rayonlar\u0131nda ya\u015fayan v\u0259t\u0259nda\u015flar is\u0259 bunun \u00fc\u00e7\u00fcn DOST (Dayan\u0131ql\u0131 v\u0259 Operativ Sosial T\u0259minat) Agentliyinin 1 sayl\u0131 DOST m\u0259rk\u0259zin\u0259 m\u00fcraci\u0259t ed\u0259 bil\u0259rl\u0259r. DOST m\u0259rk\u0259zinin m\u0259sl\u0259h\u0259t\u00e7isi Kamran Abdullayev m\u00fcavin\u0259t almaq&hellip;","_links":{"self":[{"href":"https:\/\/arantv.az\/index.php?rest_route=\/wp\/v2\/posts\/62072"}],"collection":[{"href":"https:\/\/arantv.az\/index.php?rest_route=\/wp\/v2\/posts"}],"about":[{"href":"https:\/\/arantv.az\/index.php?rest_route=\/wp\/v2\/types\/post"}],"author":[{"embeddable":true,"href":"https:\/\/arantv.az\/index.php?rest_route=\/wp\/v2\/users\/2"}],"replies":[{"embeddable":true,"href":"https:\/\/arantv.az\/index.php?rest_route=%2Fwp%2Fv2%2Fcomments&post=62072"}],"version-history":[{"count":0,"href":"https:\/\/arantv.az\/index.php?rest_route=\/wp\/v2\/posts\/62072\/revisions"}],"wp:featuredmedia":[{"embeddable":true,"href":"https:\/\/arantv.az\/index.php?rest_route=\/wp\/v2\/media\/62073"}],"wp:attachment":[{"href":"https:\/\/arantv.az\/index.php?rest_route=%2Fwp%2Fv2%2Fmedia&parent=62072"}],"wp:term":[{"taxonomy":"category","embeddable":true,"href":"https:\/\/arantv.az\/index.php?rest_route=%2Fwp%2Fv2%2Fcategories&post=62072"},{"taxonomy":"post_tag","embeddable":true,"href":"https:\/\/arantv.az\/index.php?rest_route=%2Fwp%2Fv2%2Ftags&post=62072"}],"curies":[{"name":"wp","href":"https:\/\/api.w.org\/{rel}","templated":true}]}}