{"id":62075,"date":"2019-05-28T09:42:32","date_gmt":"2019-05-28T06:42:32","guid":{"rendered":"http:\/\/arantv.az\/?p=62075"},"modified":"2019-05-28T09:42:37","modified_gmt":"2019-05-28T06:42:37","slug":"istanbul-korpul%c9%99ri-az%c9%99rbaycan-bayraginin-r%c9%99ngl%c9%99rind%c9%99-isiqlandirildi","status":"publish","type":"post","link":"https:\/\/arantv.az\/?p=62075","title":{"rendered":"\u0130stanbul k\u00f6rp\u00fcl\u0259ri Az\u0259rbaycan bayra\u011f\u0131n\u0131n r\u0259ngl\u0259rind\u0259 i\u015f\u0131qland\u0131r\u0131ld\u0131"},"content":{"rendered":"<p>\u0130stanbulun r\u0259mzl\u0259rind\u0259n hesab edil\u0259n \u201c15 \u0130yul \u015e\u0259hidl\u0259ri\u201d, \u201cFatih Sultan Mehmet\u201d v\u0259 \u201cYavuz Sultan S\u0259lim\u201d k\u00f6rp\u00fcl\u0259ri Az\u0259rbaycan Xalq C\u00fcmhuriyy\u0259tinin yaranmas\u0131n\u0131n 101 illiyi m\u00fcnasib\u0259til\u0259 d\u00f6vl\u0259t bayra\u011f\u0131m\u0131z\u0131n r\u0259ngl\u0259ri il\u0259 i\u015f\u0131qland\u0131r\u0131l\u0131b. \u0130stanbulun tarixind\u0259 ilk d\u0259f\u0259 olaraq h\u0259r \u00fc\u00e7 k\u00f6rp\u00fc Az\u0259rbaycan bayra\u011f\u0131n\u0131n r\u0259ngl\u0259rin\u0259 b\u00fcr\u00fcn\u00fcb.<\/p>\n<div id=\"AdviadNativeVideo0\" class=\"AdviadNativeVideo\"><\/div>\n<p><b>ARANTV.AZ\u00a0<\/b>\u00a0publika-ya istinad\u0259n x\u0259b\u0259r verir ki, k\u00f6rp\u00fcl\u0259rin i\u015f\u0131qland\u0131r\u0131lmas\u0131 Az\u0259rbaycan\u0131n \u0130stanbuldak\u0131 ba\u015f konsullu\u011funun t\u0259\u015f\u0259bb\u00fcs\u00fc, T\u00fcrkiy\u0259nin Avtomobil Yollar\u0131 D\u00f6vl\u0259t M\u00fcd\u00fcrl\u00fcy\u00fc v\u0259 \u0130stanbul Valiliyinin d\u0259st\u0259yi il\u0259 ba\u015f tutub.<\/p>\n<p>Qeyd ed\u0259k ki, bundan \u0259vv\u0259l Respublika G\u00fcn\u00fc m\u00fcnasib\u0259til\u0259 yaln\u0131z \u201cFatih Sultan Mehmet\u201d k\u00f6rp\u00fcs\u00fc iki d\u0259f\u0259 Az\u0259rbaycan bayra\u011f\u0131n\u0131n r\u0259ngl\u0259rind\u0259 i\u015f\u0131qland\u0131r\u0131l\u0131b.<\/p>\n","protected":false},"excerpt":{"rendered":"<p>\u0130stanbulun r\u0259mzl\u0259rind\u0259n hesab edil\u0259n \u201c15 \u0130yul \u015e\u0259hidl\u0259ri\u201d, \u201cFatih Sultan Mehmet\u201d v\u0259 \u201cYavuz Sultan S\u0259lim\u201d k\u00f6rp\u00fcl\u0259ri Az\u0259rbaycan Xalq C\u00fcmhuriyy\u0259tinin yaranmas\u0131n\u0131n 101 illiyi m\u00fcnasib\u0259til\u0259 d\u00f6vl\u0259t bayra\u011f\u0131m\u0131z\u0131n r\u0259ngl\u0259ri il\u0259 i\u015f\u0131qland\u0131r\u0131l\u0131b. \u0130stanbulun tarixind\u0259 ilk d\u0259f\u0259 olaraq h\u0259r \u00fc\u00e7 k\u00f6rp\u00fc Az\u0259rbaycan bayra\u011f\u0131n\u0131n r\u0259ngl\u0259rin\u0259 b\u00fcr\u00fcn\u00fcb. ARANTV.AZ\u00a0\u00a0publika-ya istinad\u0259n x\u0259b\u0259r verir ki, k\u00f6rp\u00fcl\u0259rin i\u015f\u0131qland\u0131r\u0131lmas\u0131 Az\u0259rbaycan\u0131n \u0130stanbuldak\u0131 ba\u015f konsullu\u011funun t\u0259\u015f\u0259bb\u00fcs\u00fc, T\u00fcrkiy\u0259nin Avtomobil Yollar\u0131 D\u00f6vl\u0259t M\u00fcd\u00fcrl\u00fcy\u00fc v\u0259 \u0130stanbul Valiliyinin d\u0259st\u0259yi il\u0259 ba\u015f tutub. Qeyd ed\u0259k ki, bundan \u0259vv\u0259l Respublika G\u00fcn\u00fc m\u00fcnasib\u0259til\u0259 yaln\u0131z \u201cFatih Sultan Mehmet\u201d k\u00f6rp\u00fcs\u00fc iki d\u0259f\u0259 Az\u0259rbaycan bayra\u011f\u0131n\u0131n r\u0259ngl\u0259rind\u0259 i\u015f\u0131qland\u0131r\u0131l\u0131b.<\/p>\n","protected":false},"author":2,"featured_media":62076,"comment_status":"closed","ping_status":"closed","sticky":false,"template":"","format":"standard","meta":{"om_disable_all_campaigns":false,"_monsterinsights_skip_tracking":false,"_monsterinsights_sitenote_active":false,"_monsterinsights_sitenote_note":"","_monsterinsights_sitenote_category":0},"categories":[19],"tags":[],"aioseo_notices":[],"gutentor_comment":0,"rttpg_featured_image_url":{"full":["https:\/\/arantv.az\/wp-content\/uploads\/2019\/05\/1558988500341037388_1000x669.jpg",649,365,false],"landscape":["https:\/\/arantv.az\/wp-content\/uploads\/2019\/05\/1558988500341037388_1000x669.jpg",649,365,false],"portraits":["https:\/\/arantv.az\/wp-content\/uploads\/2019\/05\/1558988500341037388_1000x669.jpg",649,365,false],"thumbnail":["https:\/\/arantv.az\/wp-content\/uploads\/2019\/05\/1558988500341037388_1000x669-150x150.jpg",150,150,true],"medium":["https:\/\/arantv.az\/wp-content\/uploads\/2019\/05\/1558988500341037388_1000x669-300x169.jpg",300,169,true],"large":["https:\/\/arantv.az\/wp-content\/uploads\/2019\/05\/1558988500341037388_1000x669.jpg",640,360,false],"1536x1536":["https:\/\/arantv.az\/wp-content\/uploads\/2019\/05\/1558988500341037388_1000x669.jpg",649,365,false],"2048x2048":["https:\/\/arantv.az\/wp-content\/uploads\/2019\/05\/1558988500341037388_1000x669.jpg",649,365,false],"post-thumbnail":["https:\/\/arantv.az\/wp-content\/uploads\/2019\/05\/1558988500341037388_1000x669-240x172.jpg",240,172,true],"advps-thumb-one":["https:\/\/arantv.az\/wp-content\/uploads\/2019\/05\/1558988500341037388_1000x669.jpg",649,365,false]},"rttpg_author":{"display_name":"V\u00fcsal Rafiqo\u011flu","author_link":"https:\/\/arantv.az\/?author=2"},"rttpg_comment":0,"rttpg_category":"<a href=\"https:\/\/arantv.az\/?cat=19\" rel=\"category\">G\u00fcnd\u0259m<\/a>","rttpg_excerpt":"\u0130stanbulun r\u0259mzl\u0259rind\u0259n hesab edil\u0259n \u201c15 \u0130yul \u015e\u0259hidl\u0259ri\u201d, \u201cFatih Sultan Mehmet\u201d v\u0259 \u201cYavuz Sultan S\u0259lim\u201d k\u00f6rp\u00fcl\u0259ri Az\u0259rbaycan Xalq C\u00fcmhuriyy\u0259tinin yaranmas\u0131n\u0131n 101 illiyi m\u00fcnasib\u0259til\u0259 d\u00f6vl\u0259t bayra\u011f\u0131m\u0131z\u0131n r\u0259ngl\u0259ri il\u0259 i\u015f\u0131qland\u0131r\u0131l\u0131b. \u0130stanbulun tarixind\u0259 ilk d\u0259f\u0259 olaraq h\u0259r \u00fc\u00e7 k\u00f6rp\u00fc Az\u0259rbaycan bayra\u011f\u0131n\u0131n r\u0259ngl\u0259rin\u0259 b\u00fcr\u00fcn\u00fcb. ARANTV.AZ\u00a0\u00a0publika-ya istinad\u0259n x\u0259b\u0259r verir ki, k\u00f6rp\u00fcl\u0259rin i\u015f\u0131qland\u0131r\u0131lmas\u0131 Az\u0259rbaycan\u0131n \u0130stanbuldak\u0131 ba\u015f konsullu\u011funun t\u0259\u015f\u0259bb\u00fcs\u00fc, T\u00fcrkiy\u0259nin Avtomobil Yollar\u0131 D\u00f6vl\u0259t&hellip;","_links":{"self":[{"href":"https:\/\/arantv.az\/index.php?rest_route=\/wp\/v2\/posts\/62075"}],"collection":[{"href":"https:\/\/arantv.az\/index.php?rest_route=\/wp\/v2\/posts"}],"about":[{"href":"https:\/\/arantv.az\/index.php?rest_route=\/wp\/v2\/types\/post"}],"author":[{"embeddable":true,"href":"https:\/\/arantv.az\/index.php?rest_route=\/wp\/v2\/users\/2"}],"replies":[{"embeddable":true,"href":"https:\/\/arantv.az\/index.php?rest_route=%2Fwp%2Fv2%2Fcomments&post=62075"}],"version-history":[{"count":0,"href":"https:\/\/arantv.az\/index.php?rest_route=\/wp\/v2\/posts\/62075\/revisions"}],"wp:featuredmedia":[{"embeddable":true,"href":"https:\/\/arantv.az\/index.php?rest_route=\/wp\/v2\/media\/62076"}],"wp:attachment":[{"href":"https:\/\/arantv.az\/index.php?rest_route=%2Fwp%2Fv2%2Fmedia&parent=62075"}],"wp:term":[{"taxonomy":"category","embeddable":true,"href":"https:\/\/arantv.az\/index.php?rest_route=%2Fwp%2Fv2%2Fcategories&post=62075"},{"taxonomy":"post_tag","embeddable":true,"href":"https:\/\/arantv.az\/index.php?rest_route=%2Fwp%2Fv2%2Ftags&post=62075"}],"curies":[{"name":"wp","href":"https:\/\/api.w.org\/{rel}","templated":true}]}}