{"id":62084,"date":"2019-05-28T09:44:56","date_gmt":"2019-05-28T06:44:56","guid":{"rendered":"http:\/\/arantv.az\/?p=62084"},"modified":"2019-05-28T09:44:56","modified_gmt":"2019-05-28T06:44:56","slug":"mehriban-%c9%99liyeva-az%c9%99rbaycan-xalqini-t%c9%99brik-etdi-2","status":"publish","type":"post","link":"https:\/\/arantv.az\/?p=62084","title":{"rendered":"Mehriban \u018fliyeva Az\u0259rbaycan xalq\u0131n\u0131 T\u018fBR\u0130K ETD\u0130"},"content":{"rendered":"<p><strong>Az\u0259rbaycan Respublikas\u0131n\u0131n Birinci vitse-prezidenti Mehriban \u018fliyeva Az\u0259rbaycan xalq\u0131n\u0131 28 May Respublika G\u00fcn\u00fc m\u00fcnasib\u0259til\u0259 t\u0259brik edib.<\/strong><\/p>\n<p><b>ARANTV.AZ\u00a0<\/b>x\u0259b\u0259r verir ki, birinci vitse-prezident t\u0259brikini sosial \u015f\u0259b\u0259k\u0259d\u0259 payla\u015f\u0131b.<\/p>\n<p>T\u0259brikd\u0259 deyilir:<\/p>\n<p>\u201c\u018fziz h\u0259mv\u0259t\u0259nl\u0259r, Sizi Respublika G\u00fcn\u00fc m\u00fcnasib\u0259til\u0259 t\u0259brik edir\u0259m! 101 il \u0259vv\u0259l bu g\u00fcn Az\u0259rbaycan Xalq C\u00fcmhuriyy\u0259ti \u2013 m\u00fcs\u0259lman al\u0259mind\u0259 ilk demokratik respublika elan olunub. Az\u0259rbaycan\u0131n \u00e7ox\u0259srlik tarix\u0259 malik d\u00f6vl\u0259t\u00e7ilik ideyalar\u0131 yeni, m\u00fct\u0259r\u0259qqi formada dir\u00e7\u0259lib. AXC-nin q\u0131sa, lakin parlaq taleyi bizim milli m\u0259nlik \u015f\u00fcurumuzda d\u0259rin iz qoyub. Onun ideyalar\u0131, onun irsi bizim m\u00fcasir d\u00f6vl\u0259t\u00e7iliyimizin tarixi v\u0259 m\u0259n\u0259vi t\u0259m\u0259lini t\u0259\u015fkil edib.<\/p>\n<p>M\u00fcst\u0259qillik, suverenlik, \u00f6z taleyimizi t\u0259yin etm\u0259k imkan\u0131 V\u0259t\u0259nimizin inki\u015faf\u0131 \u00fc\u00e7\u00fcn ba\u015fl\u0131ca \u015f\u0259rtdir. Bu g\u00fcn biz Respublika G\u00fcn\u00fcn\u00fc g\u00fccl\u00fc v\u0259 m\u00fcst\u0259qil Az\u0259rbaycanda qar\u015f\u0131lay\u0131r\u0131q.<\/p>\n<p>Sizin ham\u0131n\u0131za s\u0259ad\u0259t, xo\u015f g\u00fcnl\u0259r v\u0259 sevgi, V\u0259t\u0259nimiz\u0259 is\u0259 firavanl\u0131q, rifah, s\u00fclh v\u0259 t\u0259r\u0259qqi dil\u0259yir\u0259m\u201d.<\/p>\n","protected":false},"excerpt":{"rendered":"<p>Az\u0259rbaycan Respublikas\u0131n\u0131n Birinci vitse-prezidenti Mehriban \u018fliyeva Az\u0259rbaycan xalq\u0131n\u0131 28 May Respublika G\u00fcn\u00fc m\u00fcnasib\u0259til\u0259 t\u0259brik edib. ARANTV.AZ\u00a0x\u0259b\u0259r verir ki, birinci vitse-prezident t\u0259brikini sosial \u015f\u0259b\u0259k\u0259d\u0259 payla\u015f\u0131b. T\u0259brikd\u0259 deyilir: \u201c\u018fziz h\u0259mv\u0259t\u0259nl\u0259r, Sizi Respublika G\u00fcn\u00fc m\u00fcnasib\u0259til\u0259 t\u0259brik edir\u0259m! 101 il \u0259vv\u0259l bu g\u00fcn Az\u0259rbaycan Xalq C\u00fcmhuriyy\u0259ti \u2013 m\u00fcs\u0259lman al\u0259mind\u0259 ilk demokratik respublika elan olunub. Az\u0259rbaycan\u0131n \u00e7ox\u0259srlik tarix\u0259 malik d\u00f6vl\u0259t\u00e7ilik ideyalar\u0131 yeni, m\u00fct\u0259r\u0259qqi formada dir\u00e7\u0259lib. AXC-nin q\u0131sa, lakin parlaq taleyi bizim milli m\u0259nlik \u015f\u00fcurumuzda d\u0259rin iz qoyub. Onun ideyalar\u0131, onun irsi bizim m\u00fcasir d\u00f6vl\u0259t\u00e7iliyimizin tarixi v\u0259 m\u0259n\u0259vi t\u0259m\u0259lini t\u0259\u015fkil edib. M\u00fcst\u0259qillik, suverenlik, \u00f6z taleyimizi t\u0259yin&hellip;<\/p>\n","protected":false},"author":2,"featured_media":62085,"comment_status":"closed","ping_status":"closed","sticky":false,"template":"","format":"standard","meta":{"om_disable_all_campaigns":false,"_monsterinsights_skip_tracking":false,"_monsterinsights_sitenote_active":false,"_monsterinsights_sitenote_note":"","_monsterinsights_sitenote_category":0},"categories":[4],"tags":[],"aioseo_notices":[],"gutentor_comment":0,"rttpg_featured_image_url":{"full":["https:\/\/arantv.az\/wp-content\/uploads\/2019\/05\/60061660_1459712840820405_1170193238846341120_n.jpg",280,381,false],"landscape":["https:\/\/arantv.az\/wp-content\/uploads\/2019\/05\/60061660_1459712840820405_1170193238846341120_n.jpg",280,381,false],"portraits":["https:\/\/arantv.az\/wp-content\/uploads\/2019\/05\/60061660_1459712840820405_1170193238846341120_n.jpg",280,381,false],"thumbnail":["https:\/\/arantv.az\/wp-content\/uploads\/2019\/05\/60061660_1459712840820405_1170193238846341120_n-150x150.jpg",150,150,true],"medium":["https:\/\/arantv.az\/wp-content\/uploads\/2019\/05\/60061660_1459712840820405_1170193238846341120_n-220x300.jpg",220,300,true],"large":["https:\/\/arantv.az\/wp-content\/uploads\/2019\/05\/60061660_1459712840820405_1170193238846341120_n.jpg",280,381,false],"1536x1536":["https:\/\/arantv.az\/wp-content\/uploads\/2019\/05\/60061660_1459712840820405_1170193238846341120_n.jpg",280,381,false],"2048x2048":["https:\/\/arantv.az\/wp-content\/uploads\/2019\/05\/60061660_1459712840820405_1170193238846341120_n.jpg",280,381,false],"post-thumbnail":["https:\/\/arantv.az\/wp-content\/uploads\/2019\/05\/60061660_1459712840820405_1170193238846341120_n-240x172.jpg",240,172,true],"advps-thumb-one":["https:\/\/arantv.az\/wp-content\/uploads\/2019\/05\/60061660_1459712840820405_1170193238846341120_n.jpg",280,381,false]},"rttpg_author":{"display_name":"V\u00fcsal Rafiqo\u011flu","author_link":"https:\/\/arantv.az\/?author=2"},"rttpg_comment":0,"rttpg_category":"<a href=\"https:\/\/arantv.az\/?cat=4\" rel=\"category\">Siyas\u0259t<\/a>","rttpg_excerpt":"Az\u0259rbaycan Respublikas\u0131n\u0131n Birinci vitse-prezidenti Mehriban \u018fliyeva Az\u0259rbaycan xalq\u0131n\u0131 28 May Respublika G\u00fcn\u00fc m\u00fcnasib\u0259til\u0259 t\u0259brik edib. ARANTV.AZ\u00a0x\u0259b\u0259r verir ki, birinci vitse-prezident t\u0259brikini sosial \u015f\u0259b\u0259k\u0259d\u0259 payla\u015f\u0131b. T\u0259brikd\u0259 deyilir: \u201c\u018fziz h\u0259mv\u0259t\u0259nl\u0259r, Sizi Respublika G\u00fcn\u00fc m\u00fcnasib\u0259til\u0259 t\u0259brik edir\u0259m! 101 il \u0259vv\u0259l bu g\u00fcn Az\u0259rbaycan Xalq C\u00fcmhuriyy\u0259ti \u2013 m\u00fcs\u0259lman al\u0259mind\u0259 ilk demokratik respublika elan olunub. Az\u0259rbaycan\u0131n \u00e7ox\u0259srlik tarix\u0259 malik d\u00f6vl\u0259t\u00e7ilik&hellip;","_links":{"self":[{"href":"https:\/\/arantv.az\/index.php?rest_route=\/wp\/v2\/posts\/62084"}],"collection":[{"href":"https:\/\/arantv.az\/index.php?rest_route=\/wp\/v2\/posts"}],"about":[{"href":"https:\/\/arantv.az\/index.php?rest_route=\/wp\/v2\/types\/post"}],"author":[{"embeddable":true,"href":"https:\/\/arantv.az\/index.php?rest_route=\/wp\/v2\/users\/2"}],"replies":[{"embeddable":true,"href":"https:\/\/arantv.az\/index.php?rest_route=%2Fwp%2Fv2%2Fcomments&post=62084"}],"version-history":[{"count":0,"href":"https:\/\/arantv.az\/index.php?rest_route=\/wp\/v2\/posts\/62084\/revisions"}],"wp:featuredmedia":[{"embeddable":true,"href":"https:\/\/arantv.az\/index.php?rest_route=\/wp\/v2\/media\/62085"}],"wp:attachment":[{"href":"https:\/\/arantv.az\/index.php?rest_route=%2Fwp%2Fv2%2Fmedia&parent=62084"}],"wp:term":[{"taxonomy":"category","embeddable":true,"href":"https:\/\/arantv.az\/index.php?rest_route=%2Fwp%2Fv2%2Fcategories&post=62084"},{"taxonomy":"post_tag","embeddable":true,"href":"https:\/\/arantv.az\/index.php?rest_route=%2Fwp%2Fv2%2Ftags&post=62084"}],"curies":[{"name":"wp","href":"https:\/\/api.w.org\/{rel}","templated":true}]}}