{"id":62090,"date":"2019-05-28T09:47:56","date_gmt":"2019-05-28T06:47:56","guid":{"rendered":"http:\/\/arantv.az\/?p=62090"},"modified":"2019-05-28T09:47:56","modified_gmt":"2019-05-28T06:47:56","slug":"d%c9%99hs%c9%99tli-intihar-2-usaq-anasi-ata-evind%c9%99","status":"publish","type":"post","link":"https:\/\/arantv.az\/?p=62090","title":{"rendered":"D\u018fH\u015e\u018fTL\u0130 \u0130NT\u0130HAR! 2 u\u015faq anas\u0131 ata evind\u0259&#8230;"},"content":{"rendered":"<p>Qazax rayonunda 33 ya\u015fl\u0131 qad\u0131n can\u0131na q\u0259sd edib.<\/p>\n<p>Yuxar\u0131 Salahl\u0131 k\u0259nd sakini, 1986-cu il t\u0259v\u0259ll\u00fcdl\u00fc Fatim\u0259 H\u0259s\u0259nova atas\u0131n\u0131n evind\u0259 \u00f6z\u00fcn\u00fc asaraq, intihar edib.<\/p>\n<div id=\"AdviadNativeVideo0\" class=\"AdviadNativeVideo\"><\/div>\n<p>Onun ail\u0259li v\u0259 2 azya\u015fl\u0131 \u00f6vlad\u0131n\u0131n oldu\u011fu bildirilir. Faktla ba\u011fl\u0131 Qazax rayon Prokurorlu\u011funda ara\u015fd\u0131rma apar\u0131l\u0131r. (oxu.az)<\/p>\n","protected":false},"excerpt":{"rendered":"<p>Qazax rayonunda 33 ya\u015fl\u0131 qad\u0131n can\u0131na q\u0259sd edib. Yuxar\u0131 Salahl\u0131 k\u0259nd sakini, 1986-cu il t\u0259v\u0259ll\u00fcdl\u00fc Fatim\u0259 H\u0259s\u0259nova atas\u0131n\u0131n evind\u0259 \u00f6z\u00fcn\u00fc asaraq, intihar edib. Onun ail\u0259li v\u0259 2 azya\u015fl\u0131 \u00f6vlad\u0131n\u0131n oldu\u011fu bildirilir. Faktla ba\u011fl\u0131 Qazax rayon Prokurorlu\u011funda ara\u015fd\u0131rma apar\u0131l\u0131r. (oxu.az)<\/p>\n","protected":false},"author":2,"featured_media":62091,"comment_status":"closed","ping_status":"closed","sticky":false,"template":"","format":"standard","meta":{"om_disable_all_campaigns":false,"_monsterinsights_skip_tracking":false,"_monsterinsights_sitenote_active":false,"_monsterinsights_sitenote_note":"","_monsterinsights_sitenote_category":0},"categories":[5],"tags":[],"aioseo_notices":[],"gutentor_comment":0,"rttpg_featured_image_url":{"full":["https:\/\/arantv.az\/wp-content\/uploads\/2019\/05\/erzincan_da_kendini_agaca_asarak_intihar_etti_h57779_e384e.jpg",549,335,false],"landscape":["https:\/\/arantv.az\/wp-content\/uploads\/2019\/05\/erzincan_da_kendini_agaca_asarak_intihar_etti_h57779_e384e.jpg",549,335,false],"portraits":["https:\/\/arantv.az\/wp-content\/uploads\/2019\/05\/erzincan_da_kendini_agaca_asarak_intihar_etti_h57779_e384e.jpg",549,335,false],"thumbnail":["https:\/\/arantv.az\/wp-content\/uploads\/2019\/05\/erzincan_da_kendini_agaca_asarak_intihar_etti_h57779_e384e-150x150.jpg",150,150,true],"medium":["https:\/\/arantv.az\/wp-content\/uploads\/2019\/05\/erzincan_da_kendini_agaca_asarak_intihar_etti_h57779_e384e-300x183.jpg",300,183,true],"large":["https:\/\/arantv.az\/wp-content\/uploads\/2019\/05\/erzincan_da_kendini_agaca_asarak_intihar_etti_h57779_e384e.jpg",549,335,false],"1536x1536":["https:\/\/arantv.az\/wp-content\/uploads\/2019\/05\/erzincan_da_kendini_agaca_asarak_intihar_etti_h57779_e384e.jpg",549,335,false],"2048x2048":["https:\/\/arantv.az\/wp-content\/uploads\/2019\/05\/erzincan_da_kendini_agaca_asarak_intihar_etti_h57779_e384e.jpg",549,335,false],"post-thumbnail":["https:\/\/arantv.az\/wp-content\/uploads\/2019\/05\/erzincan_da_kendini_agaca_asarak_intihar_etti_h57779_e384e-240x172.jpg",240,172,true],"advps-thumb-one":["https:\/\/arantv.az\/wp-content\/uploads\/2019\/05\/erzincan_da_kendini_agaca_asarak_intihar_etti_h57779_e384e.jpg",549,335,false]},"rttpg_author":{"display_name":"V\u00fcsal Rafiqo\u011flu","author_link":"https:\/\/arantv.az\/?author=2"},"rttpg_comment":0,"rttpg_category":"<a href=\"https:\/\/arantv.az\/?cat=5\" rel=\"category\">Hadis\u0259<\/a>","rttpg_excerpt":"Qazax rayonunda 33 ya\u015fl\u0131 qad\u0131n can\u0131na q\u0259sd edib. Yuxar\u0131 Salahl\u0131 k\u0259nd sakini, 1986-cu il t\u0259v\u0259ll\u00fcdl\u00fc Fatim\u0259 H\u0259s\u0259nova atas\u0131n\u0131n evind\u0259 \u00f6z\u00fcn\u00fc asaraq, intihar edib. Onun ail\u0259li v\u0259 2 azya\u015fl\u0131 \u00f6vlad\u0131n\u0131n oldu\u011fu bildirilir. Faktla ba\u011fl\u0131 Qazax rayon Prokurorlu\u011funda ara\u015fd\u0131rma apar\u0131l\u0131r. (oxu.az)","_links":{"self":[{"href":"https:\/\/arantv.az\/index.php?rest_route=\/wp\/v2\/posts\/62090"}],"collection":[{"href":"https:\/\/arantv.az\/index.php?rest_route=\/wp\/v2\/posts"}],"about":[{"href":"https:\/\/arantv.az\/index.php?rest_route=\/wp\/v2\/types\/post"}],"author":[{"embeddable":true,"href":"https:\/\/arantv.az\/index.php?rest_route=\/wp\/v2\/users\/2"}],"replies":[{"embeddable":true,"href":"https:\/\/arantv.az\/index.php?rest_route=%2Fwp%2Fv2%2Fcomments&post=62090"}],"version-history":[{"count":0,"href":"https:\/\/arantv.az\/index.php?rest_route=\/wp\/v2\/posts\/62090\/revisions"}],"wp:featuredmedia":[{"embeddable":true,"href":"https:\/\/arantv.az\/index.php?rest_route=\/wp\/v2\/media\/62091"}],"wp:attachment":[{"href":"https:\/\/arantv.az\/index.php?rest_route=%2Fwp%2Fv2%2Fmedia&parent=62090"}],"wp:term":[{"taxonomy":"category","embeddable":true,"href":"https:\/\/arantv.az\/index.php?rest_route=%2Fwp%2Fv2%2Fcategories&post=62090"},{"taxonomy":"post_tag","embeddable":true,"href":"https:\/\/arantv.az\/index.php?rest_route=%2Fwp%2Fv2%2Ftags&post=62090"}],"curies":[{"name":"wp","href":"https:\/\/api.w.org\/{rel}","templated":true}]}}