{"id":62102,"date":"2019-05-28T10:26:17","date_gmt":"2019-05-28T07:26:17","guid":{"rendered":"http:\/\/arantv.az\/?p=62102"},"modified":"2019-05-28T10:26:17","modified_gmt":"2019-05-28T07:26:17","slug":"lukasenko-ilham-%c9%99liyev%c9%99-m%c9%99ktub-unvanladi","status":"publish","type":"post","link":"https:\/\/arantv.az\/?p=62102","title":{"rendered":"Luka\u015fenko \u0130lham \u018fliyev\u0259 m\u0259ktub \u00fcnvanlad\u0131"},"content":{"rendered":"<p>Belarus Respublikas\u0131n\u0131n Prezidenti Aleksandr Luka\u015fenkodan Az\u0259rbaycan Respublikas\u0131n\u0131n Prezidenti\u00a0\u0130lham \u018fliyev\u0259 m\u0259ktub \u00fcnvanlay\u0131b.<\/p>\n<p>M\u0259ktubda\u00a0<a href=\"https:\/\/azertag.az\/xeber\/Belarus_Respublikasinin_Prezidenti_Aleksandr_Lukasenkodan-1288162\" target=\"_blank\" rel=\"noopener\">deyilir<\/a>:<\/p>\n<p>\u201cH\u00f6rm\u0259tli \u0130lham Heyd\u0259r o\u011flu.<\/p>\n<div id=\"AdviadNativeVideo0\" class=\"AdviadNativeVideo\"><\/div>\n<p>Milli bayram\u0131n\u0131z \u2013 Respublika G\u00fcn\u00fc m\u00fcnasib\u0259til\u0259 s\u0259mimi t\u0259brikl\u0259rimi q\u0259bul edin.<\/p>\n<p>M\u00fcasir Az\u0259rbaycan dinamik inki\u015faf ed\u0259n d\u00f6vl\u0259t, etibarl\u0131 iqtisadi t\u0259r\u0259fda\u015fd\u0131r.<\/p>\n<p>Sanball\u0131 ictimai-siyasi d\u0259yi\u015fiklikl\u0259r, istehsal sektorunun \u0259sasl\u0131 sur\u0259td\u0259 modernl\u0259\u015fdirilm\u0259si, \u00f6lk\u0259nizin beyn\u0259lxalq al\u0259md\u0259 n\u00fcfuzunun artmas\u0131 Sizin h\u0259yata ke\u00e7irdiyiniz v\u0259 \u00f6lk\u0259nin iqtisadi q\u00fcdr\u0259tinin, \u0259halinin s\u0259m\u0259r\u0259li sosial m\u00fcdafi\u0259sinin t\u0259min edilm\u0259sin\u0259, m\u00fcst\u0259qil xarici siyas\u0259t y\u00fcr\u00fcd\u00fclm\u0259sin\u0259 y\u00f6n\u0259lmi\u015f kursun d\u00fczg\u00fcn odu\u011funu \u0259yani \u015f\u0259kild\u0259 t\u0259sdiq edir.<\/p>\n<p>\u018fmin\u0259m ki, raz\u0131la\u015fmalar\u0131n praktiki realla\u015fmas\u0131 v\u0259 Sizin d\u0259st\u0259yinizl\u0259 h\u0259yata ke\u00e7iril\u0259n birg\u0259 layih\u0259l\u0259r \u00f6lk\u0259l\u0259rimizin potensial\u0131n\u0131n daha da art\u0131r\u0131lmas\u0131na, Belarus v\u0259 Az\u0259rbaycan xalqlar\u0131 aras\u0131nda dostluq v\u0259 qar\u015f\u0131l\u0131ql\u0131 yard\u0131m \u0259n\u0259n\u0259l\u0259rinin m\u00f6hk\u0259ml\u0259nm\u0259sin\u0259 \u015f\u0259rait yaradacaq.<\/p>\n<p>H\u00f6rm\u0259tli \u0130lham Heyd\u0259r o\u011flu, Siz\u0259 s\u0259mimi q\u0259lbd\u0259n m\u00f6hk\u0259m cansa\u011fl\u0131\u011f\u0131 v\u0259 qar\u015f\u0131ya qoydu\u011funuz m\u0259qs\u0259dl\u0259r\u0259 nail olma\u011f\u0131n\u0131z\u0131, qarda\u015f Az\u0259rbaycan\u0131n \u0259halisin\u0259 is\u0259 s\u00fclh v\u0259 firavanl\u0131q arzu edir\u0259m\u201d.<\/p>\n","protected":false},"excerpt":{"rendered":"<p>Belarus Respublikas\u0131n\u0131n Prezidenti Aleksandr Luka\u015fenkodan Az\u0259rbaycan Respublikas\u0131n\u0131n Prezidenti\u00a0\u0130lham \u018fliyev\u0259 m\u0259ktub \u00fcnvanlay\u0131b. M\u0259ktubda\u00a0deyilir: \u201cH\u00f6rm\u0259tli \u0130lham Heyd\u0259r o\u011flu. Milli bayram\u0131n\u0131z \u2013 Respublika G\u00fcn\u00fc m\u00fcnasib\u0259til\u0259 s\u0259mimi t\u0259brikl\u0259rimi q\u0259bul edin. M\u00fcasir Az\u0259rbaycan dinamik inki\u015faf ed\u0259n d\u00f6vl\u0259t, etibarl\u0131 iqtisadi t\u0259r\u0259fda\u015fd\u0131r. Sanball\u0131 ictimai-siyasi d\u0259yi\u015fiklikl\u0259r, istehsal sektorunun \u0259sasl\u0131 sur\u0259td\u0259 modernl\u0259\u015fdirilm\u0259si, \u00f6lk\u0259nizin beyn\u0259lxalq al\u0259md\u0259 n\u00fcfuzunun artmas\u0131 Sizin h\u0259yata ke\u00e7irdiyiniz v\u0259 \u00f6lk\u0259nin iqtisadi q\u00fcdr\u0259tinin, \u0259halinin s\u0259m\u0259r\u0259li sosial m\u00fcdafi\u0259sinin t\u0259min edilm\u0259sin\u0259, m\u00fcst\u0259qil xarici siyas\u0259t y\u00fcr\u00fcd\u00fclm\u0259sin\u0259 y\u00f6n\u0259lmi\u015f kursun d\u00fczg\u00fcn odu\u011funu \u0259yani \u015f\u0259kild\u0259 t\u0259sdiq edir. \u018fmin\u0259m ki, raz\u0131la\u015fmalar\u0131n praktiki realla\u015fmas\u0131 v\u0259 Sizin d\u0259st\u0259yinizl\u0259 h\u0259yata ke\u00e7iril\u0259n birg\u0259 layih\u0259l\u0259r \u00f6lk\u0259l\u0259rimizin potensial\u0131n\u0131n daha da art\u0131r\u0131lmas\u0131na,&hellip;<\/p>\n","protected":false},"author":2,"featured_media":62103,"comment_status":"closed","ping_status":"closed","sticky":false,"template":"","format":"standard","meta":{"om_disable_all_campaigns":false,"_monsterinsights_skip_tracking":false,"_monsterinsights_sitenote_active":false,"_monsterinsights_sitenote_note":"","_monsterinsights_sitenote_category":0},"categories":[4],"tags":[],"aioseo_notices":[],"gutentor_comment":0,"rttpg_featured_image_url":{"full":["https:\/\/arantv.az\/wp-content\/uploads\/2019\/05\/lukasenko.jpg",620,389,false],"landscape":["https:\/\/arantv.az\/wp-content\/uploads\/2019\/05\/lukasenko.jpg",620,389,false],"portraits":["https:\/\/arantv.az\/wp-content\/uploads\/2019\/05\/lukasenko.jpg",620,389,false],"thumbnail":["https:\/\/arantv.az\/wp-content\/uploads\/2019\/05\/lukasenko-150x150.jpg",150,150,true],"medium":["https:\/\/arantv.az\/wp-content\/uploads\/2019\/05\/lukasenko-300x188.jpg",300,188,true],"large":["https:\/\/arantv.az\/wp-content\/uploads\/2019\/05\/lukasenko.jpg",620,389,false],"1536x1536":["https:\/\/arantv.az\/wp-content\/uploads\/2019\/05\/lukasenko.jpg",620,389,false],"2048x2048":["https:\/\/arantv.az\/wp-content\/uploads\/2019\/05\/lukasenko.jpg",620,389,false],"post-thumbnail":["https:\/\/arantv.az\/wp-content\/uploads\/2019\/05\/lukasenko-240x172.jpg",240,172,true],"advps-thumb-one":["https:\/\/arantv.az\/wp-content\/uploads\/2019\/05\/lukasenko.jpg",620,389,false]},"rttpg_author":{"display_name":"V\u00fcsal Rafiqo\u011flu","author_link":"https:\/\/arantv.az\/?author=2"},"rttpg_comment":0,"rttpg_category":"<a href=\"https:\/\/arantv.az\/?cat=4\" rel=\"category\">Siyas\u0259t<\/a>","rttpg_excerpt":"Belarus Respublikas\u0131n\u0131n Prezidenti Aleksandr Luka\u015fenkodan Az\u0259rbaycan Respublikas\u0131n\u0131n Prezidenti\u00a0\u0130lham \u018fliyev\u0259 m\u0259ktub \u00fcnvanlay\u0131b. M\u0259ktubda\u00a0deyilir: \u201cH\u00f6rm\u0259tli \u0130lham Heyd\u0259r o\u011flu. Milli bayram\u0131n\u0131z \u2013 Respublika G\u00fcn\u00fc m\u00fcnasib\u0259til\u0259 s\u0259mimi t\u0259brikl\u0259rimi q\u0259bul edin. M\u00fcasir Az\u0259rbaycan dinamik inki\u015faf ed\u0259n d\u00f6vl\u0259t, etibarl\u0131 iqtisadi t\u0259r\u0259fda\u015fd\u0131r. Sanball\u0131 ictimai-siyasi d\u0259yi\u015fiklikl\u0259r, istehsal sektorunun \u0259sasl\u0131 sur\u0259td\u0259 modernl\u0259\u015fdirilm\u0259si, \u00f6lk\u0259nizin beyn\u0259lxalq al\u0259md\u0259 n\u00fcfuzunun artmas\u0131 Sizin h\u0259yata ke\u00e7irdiyiniz v\u0259 \u00f6lk\u0259nin iqtisadi q\u00fcdr\u0259tinin,&hellip;","_links":{"self":[{"href":"https:\/\/arantv.az\/index.php?rest_route=\/wp\/v2\/posts\/62102"}],"collection":[{"href":"https:\/\/arantv.az\/index.php?rest_route=\/wp\/v2\/posts"}],"about":[{"href":"https:\/\/arantv.az\/index.php?rest_route=\/wp\/v2\/types\/post"}],"author":[{"embeddable":true,"href":"https:\/\/arantv.az\/index.php?rest_route=\/wp\/v2\/users\/2"}],"replies":[{"embeddable":true,"href":"https:\/\/arantv.az\/index.php?rest_route=%2Fwp%2Fv2%2Fcomments&post=62102"}],"version-history":[{"count":0,"href":"https:\/\/arantv.az\/index.php?rest_route=\/wp\/v2\/posts\/62102\/revisions"}],"wp:featuredmedia":[{"embeddable":true,"href":"https:\/\/arantv.az\/index.php?rest_route=\/wp\/v2\/media\/62103"}],"wp:attachment":[{"href":"https:\/\/arantv.az\/index.php?rest_route=%2Fwp%2Fv2%2Fmedia&parent=62102"}],"wp:term":[{"taxonomy":"category","embeddable":true,"href":"https:\/\/arantv.az\/index.php?rest_route=%2Fwp%2Fv2%2Fcategories&post=62102"},{"taxonomy":"post_tag","embeddable":true,"href":"https:\/\/arantv.az\/index.php?rest_route=%2Fwp%2Fv2%2Ftags&post=62102"}],"curies":[{"name":"wp","href":"https:\/\/api.w.org\/{rel}","templated":true}]}}