{"id":62121,"date":"2019-05-28T10:41:40","date_gmt":"2019-05-28T07:41:40","guid":{"rendered":"http:\/\/arantv.az\/?p=62121"},"modified":"2019-05-31T12:40:26","modified_gmt":"2019-05-31T09:40:26","slug":"b%c9%99rd%c9%99-rayon-m%c9%99d%c9%99niyy%c9%99t-m%c9%99rk%c9%99zi-28-may-respublika-gunu-munasib%c9%99til%c9%99-t%c9%99dbir-t%c9%99skil-edib-video","status":"publish","type":"post","link":"https:\/\/arantv.az\/?p=62121","title":{"rendered":"B\u0259rd\u0259 rayon M\u0259d\u0259niyy\u0259t M\u0259rk\u0259zi 28 May Respublika G\u00fcn\u00fc m\u00fcnasib\u0259til\u0259 t\u0259dbir t\u0259\u015fkil edib-V\u0130DEO"},"content":{"rendered":"<p><strong>ARANTV.AZ<\/strong> x\u0259b\u0259r verir ki, B\u0259rd\u0259 regional M\u0259d\u0259niyy\u0259t \u0130dar\u0259si v\u0259 idar\u0259nin tabeliyind\u0259 olan \u00fcmu\u0259ss\u0259l\u0259r bu \u0259lam\u0259tdar g\u00fcn\u00fc \u00fcruh y\u00fcks\u0259k li il\u0259 qeyd edib regional idar\u0259nin B\u0259rd\u0259 Yevlax T\u0259rt\u0259r v\u0259 Ming\u0259cevir \u015f\u0259h\u0259r n\u00fcmay\u0259nd\u0259likl\u0259ri n\u0259 28 May Respublika G\u00fcn\u00fc m\u00fcnasib\u0259til\u0259 silsil\u0259 t\u0259dbirl\u0259r &#8211; t\u0259\u015fkil olunub . B\u0259rd\u0259 d\u00f6vl\u0259t r\u0259sim qaleriyas\u0131 bu \u0259lam\u0259tdar g\u00fcn\u00fc a\u00e7\u0131q havada qeyd edib.\u018fvv\u0259lc\u0259 t\u0259dbir i\u015ftirak\u00e7\u0131lar\u0131 B\u0259rd\u0259 D\u00f6vl\u0259t R\u0259sm qalereyas\u0131n\u0131n qar\u015f\u0131s\u0131nda t\u0259\u015fkil olunmu\u015f s\u0259rgiy\u0259 bax\u0131\u015f ke\u00e7iribl\u0259r. Ke\u00e7iril\u0259n t\u0259dbird\u0259 B\u0259rd\u0259 \u015f\u0259h\u0259r 2 n\u00f6mr\u0259li U\u015faq musiqi m\u0259kt\u0259binin b\u0259dii-\u00f6zf\u0259aliyy\u0259t kollektivinin haz\u0131rlad\u0131qlar\u0131 maraql\u0131 konsert proqramlar\u0131 il\u0259 t\u0259dbir i\u015ftirak\u0131lar\u0131na xo\u015f anlar ya\u015fatd\u0131 v\u0259 \u015f\u0259h\u0259r \u0259halisinin m\u0259d\u0259ni istirah\u0259tini y\u00fcks\u0259k s\u0259viyy\u0259d\u0259 t\u0259\u015fkil etdi. t\u0259dbird\u0259 regional idar\u0259nin r\u0259is m\u00fcavini Valid\u0259 Nabatova Az\u0259rbaycan Xalq C\u00fcmhuriyy\u0259tinin yaranmas\u0131ndan geni\u015f dan\u0131\u015fd\u0131.<\/p>\n<p><iframe loading=\"lazy\" width=\"640\" height=\"360\" src=\"https:\/\/www.youtube.com\/embed\/O1XsC8OIf48?feature=oembed\" frameborder=\"0\" allow=\"accelerometer; autoplay; encrypted-media; gyroscope; picture-in-picture\" allowfullscreen><\/iframe><\/p>\n","protected":false},"excerpt":{"rendered":"<p>ARANTV.AZ x\u0259b\u0259r verir ki, B\u0259rd\u0259 regional M\u0259d\u0259niyy\u0259t \u0130dar\u0259si v\u0259 idar\u0259nin tabeliyind\u0259 olan \u00fcmu\u0259ss\u0259l\u0259r bu \u0259lam\u0259tdar g\u00fcn\u00fc \u00fcruh y\u00fcks\u0259k li il\u0259 qeyd edib regional idar\u0259nin B\u0259rd\u0259 Yevlax T\u0259rt\u0259r v\u0259 Ming\u0259cevir \u015f\u0259h\u0259r n\u00fcmay\u0259nd\u0259likl\u0259ri n\u0259 28 May Respublika G\u00fcn\u00fc m\u00fcnasib\u0259til\u0259 silsil\u0259 t\u0259dbirl\u0259r &#8211; t\u0259\u015fkil olunub . B\u0259rd\u0259 d\u00f6vl\u0259t r\u0259sim qaleriyas\u0131 bu \u0259lam\u0259tdar g\u00fcn\u00fc a\u00e7\u0131q havada qeyd edib.\u018fvv\u0259lc\u0259 t\u0259dbir i\u015ftirak\u00e7\u0131lar\u0131 B\u0259rd\u0259 D\u00f6vl\u0259t R\u0259sm qalereyas\u0131n\u0131n qar\u015f\u0131s\u0131nda t\u0259\u015fkil olunmu\u015f s\u0259rgiy\u0259 bax\u0131\u015f ke\u00e7iribl\u0259r. Ke\u00e7iril\u0259n t\u0259dbird\u0259 B\u0259rd\u0259 \u015f\u0259h\u0259r 2 n\u00f6mr\u0259li U\u015faq musiqi m\u0259kt\u0259binin b\u0259dii-\u00f6zf\u0259aliyy\u0259t kollektivinin haz\u0131rlad\u0131qlar\u0131 maraql\u0131 konsert proqramlar\u0131 il\u0259 t\u0259dbir i\u015ftirak\u0131lar\u0131na xo\u015f anlar ya\u015fatd\u0131 v\u0259 \u015f\u0259h\u0259r \u0259halisinin&hellip;<\/p>\n","protected":false},"author":2,"featured_media":62122,"comment_status":"closed","ping_status":"closed","sticky":false,"template":"","format":"standard","meta":{"om_disable_all_campaigns":false,"_monsterinsights_skip_tracking":false,"_monsterinsights_sitenote_active":false,"_monsterinsights_sitenote_note":"","_monsterinsights_sitenote_category":0},"categories":[11,2],"tags":[],"aioseo_notices":[],"gutentor_comment":0,"rttpg_featured_image_url":{"full":["https:\/\/arantv.az\/wp-content\/uploads\/2019\/05\/61311711_818285308543025_8611072131813343232_n.jpg",1132,572,false],"landscape":["https:\/\/arantv.az\/wp-content\/uploads\/2019\/05\/61311711_818285308543025_8611072131813343232_n.jpg",1132,572,false],"portraits":["https:\/\/arantv.az\/wp-content\/uploads\/2019\/05\/61311711_818285308543025_8611072131813343232_n.jpg",1132,572,false],"thumbnail":["https:\/\/arantv.az\/wp-content\/uploads\/2019\/05\/61311711_818285308543025_8611072131813343232_n-150x150.jpg",150,150,true],"medium":["https:\/\/arantv.az\/wp-content\/uploads\/2019\/05\/61311711_818285308543025_8611072131813343232_n-300x152.jpg",300,152,true],"large":["https:\/\/arantv.az\/wp-content\/uploads\/2019\/05\/61311711_818285308543025_8611072131813343232_n-1024x517.jpg",640,323,true],"1536x1536":["https:\/\/arantv.az\/wp-content\/uploads\/2019\/05\/61311711_818285308543025_8611072131813343232_n.jpg",1132,572,false],"2048x2048":["https:\/\/arantv.az\/wp-content\/uploads\/2019\/05\/61311711_818285308543025_8611072131813343232_n.jpg",1132,572,false],"post-thumbnail":["https:\/\/arantv.az\/wp-content\/uploads\/2019\/05\/61311711_818285308543025_8611072131813343232_n-240x172.jpg",240,172,true],"advps-thumb-one":["https:\/\/arantv.az\/wp-content\/uploads\/2019\/05\/61311711_818285308543025_8611072131813343232_n.jpg",1132,572,false]},"rttpg_author":{"display_name":"V\u00fcsal Rafiqo\u011flu","author_link":"https:\/\/arantv.az\/?author=2"},"rttpg_comment":0,"rttpg_category":"<a href=\"https:\/\/arantv.az\/?cat=11\" rel=\"category\">Manset<\/a> <a href=\"https:\/\/arantv.az\/?cat=2\" rel=\"category\">Region X\u0259b\u0259rl\u0259ri<\/a>","rttpg_excerpt":"ARANTV.AZ x\u0259b\u0259r verir ki, B\u0259rd\u0259 regional M\u0259d\u0259niyy\u0259t \u0130dar\u0259si v\u0259 idar\u0259nin tabeliyind\u0259 olan \u00fcmu\u0259ss\u0259l\u0259r bu \u0259lam\u0259tdar g\u00fcn\u00fc \u00fcruh y\u00fcks\u0259k li il\u0259 qeyd edib regional idar\u0259nin B\u0259rd\u0259 Yevlax T\u0259rt\u0259r v\u0259 Ming\u0259cevir \u015f\u0259h\u0259r n\u00fcmay\u0259nd\u0259likl\u0259ri n\u0259 28 May Respublika G\u00fcn\u00fc m\u00fcnasib\u0259til\u0259 silsil\u0259 t\u0259dbirl\u0259r &#8211; t\u0259\u015fkil olunub . B\u0259rd\u0259 d\u00f6vl\u0259t r\u0259sim qaleriyas\u0131 bu \u0259lam\u0259tdar g\u00fcn\u00fc a\u00e7\u0131q havada qeyd edib.\u018fvv\u0259lc\u0259 t\u0259dbir&hellip;","_links":{"self":[{"href":"https:\/\/arantv.az\/index.php?rest_route=\/wp\/v2\/posts\/62121"}],"collection":[{"href":"https:\/\/arantv.az\/index.php?rest_route=\/wp\/v2\/posts"}],"about":[{"href":"https:\/\/arantv.az\/index.php?rest_route=\/wp\/v2\/types\/post"}],"author":[{"embeddable":true,"href":"https:\/\/arantv.az\/index.php?rest_route=\/wp\/v2\/users\/2"}],"replies":[{"embeddable":true,"href":"https:\/\/arantv.az\/index.php?rest_route=%2Fwp%2Fv2%2Fcomments&post=62121"}],"version-history":[{"count":0,"href":"https:\/\/arantv.az\/index.php?rest_route=\/wp\/v2\/posts\/62121\/revisions"}],"wp:featuredmedia":[{"embeddable":true,"href":"https:\/\/arantv.az\/index.php?rest_route=\/wp\/v2\/media\/62122"}],"wp:attachment":[{"href":"https:\/\/arantv.az\/index.php?rest_route=%2Fwp%2Fv2%2Fmedia&parent=62121"}],"wp:term":[{"taxonomy":"category","embeddable":true,"href":"https:\/\/arantv.az\/index.php?rest_route=%2Fwp%2Fv2%2Fcategories&post=62121"},{"taxonomy":"post_tag","embeddable":true,"href":"https:\/\/arantv.az\/index.php?rest_route=%2Fwp%2Fv2%2Ftags&post=62121"}],"curies":[{"name":"wp","href":"https:\/\/api.w.org\/{rel}","templated":true}]}}