{"id":62126,"date":"2019-05-28T10:59:21","date_gmt":"2019-05-28T07:59:21","guid":{"rendered":"http:\/\/arantv.az\/?p=62126"},"modified":"2019-05-28T10:59:21","modified_gmt":"2019-05-28T07:59:21","slug":"qarabag-muharib%c9%99si-%c9%99lill%c9%99rin%c9%99-50-avtomobil-verilib","status":"publish","type":"post","link":"https:\/\/arantv.az\/?p=62126","title":{"rendered":"Qaraba\u011f m\u00fcharib\u0259si \u0259lill\u0259rin\u0259 50 avtomobil verilib"},"content":{"rendered":"<p>\u018fm\u0259k v\u0259 \u018fhalinin Sosial M\u00fcdafi\u0259si Nazirliyi t\u0259r\u0259find\u0259n Qaraba\u011f m\u00fcharib\u0259si \u0259lill\u0259rin\u0259 50 avtomobil t\u0259qdim edilib.<\/p>\n<p><strong>ARANTV.AZ<\/strong>-\u0131n m\u0259lumat\u0131na g\u00f6r\u0259, avtomobill\u0259rin t\u0259qdim olunmas\u0131 t\u0259dbirind\u0259 \u018fm\u0259k v\u0259 \u018fhalinin Sosial M\u00fcdafi\u0259si nazirinin m\u00fcavini Anar K\u0259rimov i\u015ftirak edib.<\/p>\n<p>Nazir m\u00fcavini bildirib ki, cari ilin \u00f6t\u0259n d\u00f6vr\u00fcnd\u0259 Prezident \u0130lham \u018fliyevin imzalad\u0131\u011f\u0131 f\u0259rman v\u0259 s\u0259r\u0259ncamlarla minimum \u0259m\u0259khaqq\u0131 v\u0259 minimum pensiya orta hesabla 40 faiz, sosial m\u00fcavin\u0259t v\u0259 t\u0259qa\u00fcdl\u0259r orta hesabla 100 faiz, m\u0259cburi k\u00f6\u00e7k\u00fcnl\u0259r\u0259 veril\u0259n m\u00fcavin\u0259tl\u0259r 50 faiz, h\u0259m\u00e7inin t\u0259l\u0259b\u0259l\u0259rin t\u0259qa\u00fcdl\u0259ri \u0259h\u0259miyy\u0259tli d\u0259r\u0259c\u0259d\u0259 art\u0131r\u0131l\u0131b:<\/p>\n<div id=\"AdviadNativeVideo0\" class=\"AdviadNativeVideo\"><\/div>\n<p>\u201c\u00dcmumilikd\u0259, bu ilin ilk aylar\u0131nda realla\u015fd\u0131r\u0131lan sosial paket t\u0259qrib\u0259n \u00fc\u00e7 milyon insan\u0131n\u00a0 rifah\u0131na ciddi d\u0259st\u0259k olub. H\u0259m\u00e7inin, \u015f\u0259hid ail\u0259l\u0259rin\u0259 v\u0259 Qaraba\u011f m\u00fcharib\u0259si \u0259lill\u0259rin\u0259 2018-ci ild\u0259 n\u0259z\u0259rd\u0259 tutuldu\u011fundan \u00fc\u00e7 d\u0259f\u0259d\u0259n \u00e7ox\u00a0 olmaqla 626 m\u0259nzil, indiy\u0259d\u0259k is\u0259 6654 m\u0259nzil verilib\u201d.<\/p>\n<p>Anar K\u0259rimovun s\u00f6zl\u0259rin\u0259 g\u00f6r\u0259, cari ild\u0259 bu kateqoriyadan olan v\u0259t\u0259nda\u015flara az\u0131 800 m\u0259nzil t\u0259qdim olunacaq:<\/p>\n<p>\u201cCari ilin \u00f6t\u0259n d\u00f6vr\u00fcnd\u0259 Prezidentin ayl\u0131q t\u0259qa\u00fcd\u00fc \u015f\u0259hid ail\u0259l\u0259ri \u00fc\u00e7\u00fcn 300 manata \u00e7atd\u0131r\u0131l\u0131b, m\u00fcharib\u0259 \u0259lill\u0259ri \u00fc\u00e7\u00fcn m\u00fcavin\u0259t v\u0259 t\u0259qa\u00fcdl\u0259r d\u0259 orta hesabla 100 faiz art\u0131r\u0131l\u0131b, I qrup \u0259lilliyi olanlara qulluq ed\u0259nl\u0259r \u00fc\u00e7\u00fcn Prezidentin ayl\u0131q t\u0259qa\u00fcd\u00fc t\u0259sis edilib. 12268 \u015f\u0259hidin v\u0259r\u0259s\u0259l\u0259rini \u0259hat\u0259 ed\u0259n bird\u0259f\u0259lik \u00f6d\u0259m\u0259 (11 min manat) il\u0259 t\u0259minat proqram\u0131 art\u0131q 80 faiz icra olunub\u201d.<\/p>\n<p>\u201c2018-ci ild\u0259 265 m\u00fcharib\u0259 \u0259lilin\u0259 avtomobil verilib. D\u00f6vl\u0259t ba\u015f\u00e7\u0131s\u0131n\u0131n 18 mart 2019-cu il tarixli s\u0259r\u0259ncam\u0131 il\u0259 ayr\u0131lm\u0131\u015f v\u0259sait 2019-cu ild\u0259 \u0259lav\u0259 olaraq 400-d\u0259n art\u0131q avtomobilin al\u0131nmas\u0131na, bel\u0259likl\u0259, cari ild\u0259 m\u00fcharib\u0259 \u0259lill\u0259rin\u0259 n\u0259z\u0259rd\u0259 tutuldu\u011fundan 3,2 d\u0259f\u0259 \u00e7ox olmaqla, 600-\u0259 yax\u0131n avtomobilin verilm\u0259sin\u0259 imkan yarad\u0131b.<\/p>\n<p>Onlardan art\u0131q 50 avtomobil bu g\u00fcn t\u0259qdim edilir. Bununla da indiy\u0259d\u0259k 6200-d\u0259k avtomobil m\u00fcharib\u0259 \u0259lill\u0259ri v\u0259 onlara b\u0259rab\u0259r tutulanlara verilib\u201d, &#8211; dey\u0259 nazir m\u00fcavini qeyd edib.oxu.az<\/p>\n","protected":false},"excerpt":{"rendered":"<p>\u018fm\u0259k v\u0259 \u018fhalinin Sosial M\u00fcdafi\u0259si Nazirliyi t\u0259r\u0259find\u0259n Qaraba\u011f m\u00fcharib\u0259si \u0259lill\u0259rin\u0259 50 avtomobil t\u0259qdim edilib. ARANTV.AZ-\u0131n m\u0259lumat\u0131na g\u00f6r\u0259, avtomobill\u0259rin t\u0259qdim olunmas\u0131 t\u0259dbirind\u0259 \u018fm\u0259k v\u0259 \u018fhalinin Sosial M\u00fcdafi\u0259si nazirinin m\u00fcavini Anar K\u0259rimov i\u015ftirak edib. Nazir m\u00fcavini bildirib ki, cari ilin \u00f6t\u0259n d\u00f6vr\u00fcnd\u0259 Prezident \u0130lham \u018fliyevin imzalad\u0131\u011f\u0131 f\u0259rman v\u0259 s\u0259r\u0259ncamlarla minimum \u0259m\u0259khaqq\u0131 v\u0259 minimum pensiya orta hesabla 40 faiz, sosial m\u00fcavin\u0259t v\u0259 t\u0259qa\u00fcdl\u0259r orta hesabla 100 faiz, m\u0259cburi k\u00f6\u00e7k\u00fcnl\u0259r\u0259 veril\u0259n m\u00fcavin\u0259tl\u0259r 50 faiz, h\u0259m\u00e7inin t\u0259l\u0259b\u0259l\u0259rin t\u0259qa\u00fcdl\u0259ri \u0259h\u0259miyy\u0259tli d\u0259r\u0259c\u0259d\u0259 art\u0131r\u0131l\u0131b: \u201c\u00dcmumilikd\u0259, bu ilin ilk aylar\u0131nda realla\u015fd\u0131r\u0131lan sosial paket t\u0259qrib\u0259n \u00fc\u00e7 milyon insan\u0131n\u00a0 rifah\u0131na ciddi&hellip;<\/p>\n","protected":false},"author":2,"featured_media":62127,"comment_status":"closed","ping_status":"closed","sticky":false,"template":"","format":"standard","meta":{"om_disable_all_campaigns":false,"_monsterinsights_skip_tracking":false,"_monsterinsights_sitenote_active":false,"_monsterinsights_sitenote_note":"","_monsterinsights_sitenote_category":0},"categories":[1],"tags":[],"aioseo_notices":[],"gutentor_comment":0,"rttpg_featured_image_url":{"full":["https:\/\/arantv.az\/wp-content\/uploads\/2019\/05\/ma\u00c5_\u00c4\u00b1n.jpg",620,414,false],"landscape":["https:\/\/arantv.az\/wp-content\/uploads\/2019\/05\/ma\u00c5_\u00c4\u00b1n.jpg",620,414,false],"portraits":["https:\/\/arantv.az\/wp-content\/uploads\/2019\/05\/ma\u00c5_\u00c4\u00b1n.jpg",620,414,false],"thumbnail":["https:\/\/arantv.az\/wp-content\/uploads\/2019\/05\/ma\u00c5_\u00c4\u00b1n-150x150.jpg",150,150,true],"medium":["https:\/\/arantv.az\/wp-content\/uploads\/2019\/05\/ma\u00c5_\u00c4\u00b1n-300x200.jpg",300,200,true],"large":["https:\/\/arantv.az\/wp-content\/uploads\/2019\/05\/ma\u00c5_\u00c4\u00b1n.jpg",620,414,false],"1536x1536":["https:\/\/arantv.az\/wp-content\/uploads\/2019\/05\/ma\u00c5_\u00c4\u00b1n.jpg",620,414,false],"2048x2048":["https:\/\/arantv.az\/wp-content\/uploads\/2019\/05\/ma\u00c5_\u00c4\u00b1n.jpg",620,414,false],"post-thumbnail":["https:\/\/arantv.az\/wp-content\/uploads\/2019\/05\/ma\u00c5_\u00c4\u00b1n-240x172.jpg",240,172,true],"advps-thumb-one":["https:\/\/arantv.az\/wp-content\/uploads\/2019\/05\/ma\u00c5_\u00c4\u00b1n.jpg",620,414,false]},"rttpg_author":{"display_name":"V\u00fcsal Rafiqo\u011flu","author_link":"https:\/\/arantv.az\/?author=2"},"rttpg_comment":0,"rttpg_category":"<a href=\"https:\/\/arantv.az\/?cat=1\" rel=\"category\">C\u0259miyy\u0259t<\/a>","rttpg_excerpt":"\u018fm\u0259k v\u0259 \u018fhalinin Sosial M\u00fcdafi\u0259si Nazirliyi t\u0259r\u0259find\u0259n Qaraba\u011f m\u00fcharib\u0259si \u0259lill\u0259rin\u0259 50 avtomobil t\u0259qdim edilib. ARANTV.AZ-\u0131n m\u0259lumat\u0131na g\u00f6r\u0259, avtomobill\u0259rin t\u0259qdim olunmas\u0131 t\u0259dbirind\u0259 \u018fm\u0259k v\u0259 \u018fhalinin Sosial M\u00fcdafi\u0259si nazirinin m\u00fcavini Anar K\u0259rimov i\u015ftirak edib. Nazir m\u00fcavini bildirib ki, cari ilin \u00f6t\u0259n d\u00f6vr\u00fcnd\u0259 Prezident \u0130lham \u018fliyevin imzalad\u0131\u011f\u0131 f\u0259rman v\u0259 s\u0259r\u0259ncamlarla minimum \u0259m\u0259khaqq\u0131 v\u0259 minimum pensiya orta hesabla 40&hellip;","_links":{"self":[{"href":"https:\/\/arantv.az\/index.php?rest_route=\/wp\/v2\/posts\/62126"}],"collection":[{"href":"https:\/\/arantv.az\/index.php?rest_route=\/wp\/v2\/posts"}],"about":[{"href":"https:\/\/arantv.az\/index.php?rest_route=\/wp\/v2\/types\/post"}],"author":[{"embeddable":true,"href":"https:\/\/arantv.az\/index.php?rest_route=\/wp\/v2\/users\/2"}],"replies":[{"embeddable":true,"href":"https:\/\/arantv.az\/index.php?rest_route=%2Fwp%2Fv2%2Fcomments&post=62126"}],"version-history":[{"count":0,"href":"https:\/\/arantv.az\/index.php?rest_route=\/wp\/v2\/posts\/62126\/revisions"}],"wp:featuredmedia":[{"embeddable":true,"href":"https:\/\/arantv.az\/index.php?rest_route=\/wp\/v2\/media\/62127"}],"wp:attachment":[{"href":"https:\/\/arantv.az\/index.php?rest_route=%2Fwp%2Fv2%2Fmedia&parent=62126"}],"wp:term":[{"taxonomy":"category","embeddable":true,"href":"https:\/\/arantv.az\/index.php?rest_route=%2Fwp%2Fv2%2Fcategories&post=62126"},{"taxonomy":"post_tag","embeddable":true,"href":"https:\/\/arantv.az\/index.php?rest_route=%2Fwp%2Fv2%2Ftags&post=62126"}],"curies":[{"name":"wp","href":"https:\/\/api.w.org\/{rel}","templated":true}]}}