{"id":621540,"date":"2023-08-18T15:30:37","date_gmt":"2023-08-18T11:30:37","guid":{"rendered":"https:\/\/arantv.az\/?p=621540"},"modified":"2023-08-18T15:30:37","modified_gmt":"2023-08-18T11:30:37","slug":"pa-nin-sektor-mudiri-erm%c9%99nistan-itkin-dusmus-az%c9%99rbaycanlilarla-bagli-m%c9%99lumatlari-verm%c9%99kd%c9%99n-qorxur","status":"publish","type":"post","link":"https:\/\/arantv.az\/?p=621540","title":{"rendered":"PA-n\u0131n sektor m\u00fcdiri: \u201cErm\u0259nistan itkin d\u00fc\u015fm\u00fc\u015f az\u0259rbaycanl\u0131larla ba\u011fl\u0131 m\u0259lumatlar\u0131 verm\u0259kd\u0259n qorxur\u201d"},"content":{"rendered":"<p>\u201cErm\u0259nistan itkin d\u00fc\u015fm\u00fc\u015f az\u0259rbaycanl\u0131larla ba\u011fl\u0131 m\u0259lumatlar\u0131 verm\u0259kd\u0259n qorxur\u201d.<\/p>\n<p>\u201cReport\u201d x\u0259b\u0259r verir ki, bunu Prezident Administrasiyas\u0131n\u0131n Xarici siyas\u0259t m\u0259s\u0259l\u0259l\u0259ri \u015f\u00f6b\u0259sinin sektor m\u00fcdiri H\u0259bib Mikay\u0131ll\u0131 itkin d\u00fc\u015fm\u00fc\u015f \u015f\u0259xsl\u0259rl\u0259 ba\u011fl\u0131 brifinqd\u0259 deyib.<\/p>\n<p>O bildirib ki, Birinci Qaraba\u011f m\u00fcharib\u0259si zaman\u0131 \u00f6lk\u0259mizin t\u0259xmin\u0259n 3 900 itkin d\u00fc\u015fm\u00fc\u015f insan\u0131 var.<\/p>\n<p>Sektor m\u00fcdirinin s\u00f6zl\u0259rin\u0259 g\u00f6r\u0259, aidiyy\u0259ti qurumlarla bu m\u0259s\u0259l\u0259 il\u0259 ba\u011fl\u0131 s\u0131x \u0259m\u0259kda\u015fl\u0131q edilir:<\/p>\n<p>\u201cBQXK-dan g\u00f6zl\u0259ntil\u0259rimiz y\u00fcks\u0259k idi\u201d.<\/p>\n<p>\u201c\u018frazil\u0259rimizin azad olunmas\u0131 h\u0259min yerl\u0259rd\u0259 f\u0259aliyy\u0259timizin g\u00fccl\u0259ndirilm\u0259sin\u0259 imkan verib. \u00c7\u00fcnki art\u0131q h\u0259min \u0259razil\u0259rd\u0259 i\u015fl\u0259r g\u00f6r\u00fcr\u00fck, k\u00fctl\u0259vi m\u0259zarl\u0131qlar a\u015fkar edirik. A\u015fkarlanan qal\u0131qlarda erm\u0259ni h\u0259rb\u00e7il\u0259rin daim \u0259sirl\u0259r\u0259 i\u015fg\u0259nc\u0259l\u0259r verdikl\u0259ri m\u0259lum olur. Erm\u0259nistanla bir \u00e7ox m\u0259s\u0259l\u0259l\u0259r, el\u0259c\u0259 itkin d\u00fc\u015fm\u00fc\u015f \u015f\u0259xsl\u0259rl\u0259 ba\u011fl\u0131 daim m\u00fczakir\u0259l\u0259r apar\u0131l\u0131r. \u00dcmid edirik ki, art\u0131q Erm\u0259nistan itkin d\u00fc\u015fm\u00fc\u015f \u015f\u0259xsl\u0259rin aqib\u0259ti bar\u0259d\u0259 biz\u0259 m\u0259lumat ver\u0259c\u0259k, h\u0259m\u00e7inin, k\u00fctl\u0259vi m\u0259zarl\u0131qlar\u0131n siyah\u0131s\u0131n\u0131 biz\u0259 ver\u0259c\u0259k.<\/p>\n<p>30 il vaxt ke\u00e7ib, g\u00f6r\u00fcn\u0259n odur ki, bel\u0259 m\u0259lumatlar\u0131 payla\u015fmaqdan qorxurlar. \u00c7\u00fcnki bilirl\u0259r ki, siyah\u0131n\u0131 ver\u0259c\u0259kl\u0259ri t\u0259qdird\u0259 M\u00fcharib\u0259 Cinay\u0259tl\u0259ri il\u0259 ba\u011fl\u0131 Komissiya m\u00fcvafiq t\u0259dbirl\u0259r g\u00f6r\u0259c\u0259k. Bu m\u0259s\u0259l\u0259d\u0259 beyn\u0259lxalq s\u0259viyy\u0259li i\u015f birliyin\u0259 ehtiyac var\u201d, &#8211; o \u0259lav\u0259 edib.<\/p>\n","protected":false},"excerpt":{"rendered":"<p>\u201cErm\u0259nistan itkin d\u00fc\u015fm\u00fc\u015f az\u0259rbaycanl\u0131larla ba\u011fl\u0131 m\u0259lumatlar\u0131 verm\u0259kd\u0259n qorxur\u201d. \u201cReport\u201d x\u0259b\u0259r verir ki, bunu Prezident Administrasiyas\u0131n\u0131n Xarici siyas\u0259t m\u0259s\u0259l\u0259l\u0259ri \u015f\u00f6b\u0259sinin sektor m\u00fcdiri H\u0259bib Mikay\u0131ll\u0131 itkin d\u00fc\u015fm\u00fc\u015f \u015f\u0259xsl\u0259rl\u0259 ba\u011fl\u0131 brifinqd\u0259 deyib. O bildirib ki, Birinci Qaraba\u011f m\u00fcharib\u0259si zaman\u0131 \u00f6lk\u0259mizin t\u0259xmin\u0259n 3 900 itkin d\u00fc\u015fm\u00fc\u015f insan\u0131 var. Sektor m\u00fcdirinin s\u00f6zl\u0259rin\u0259 g\u00f6r\u0259, aidiyy\u0259ti qurumlarla bu m\u0259s\u0259l\u0259 il\u0259 ba\u011fl\u0131 s\u0131x \u0259m\u0259kda\u015fl\u0131q edilir: \u201cBQXK-dan g\u00f6zl\u0259ntil\u0259rimiz y\u00fcks\u0259k idi\u201d. \u201c\u018frazil\u0259rimizin azad olunmas\u0131 h\u0259min yerl\u0259rd\u0259 f\u0259aliyy\u0259timizin g\u00fccl\u0259ndirilm\u0259sin\u0259 imkan verib. \u00c7\u00fcnki art\u0131q h\u0259min \u0259razil\u0259rd\u0259 i\u015fl\u0259r g\u00f6r\u00fcr\u00fck, k\u00fctl\u0259vi m\u0259zarl\u0131qlar a\u015fkar edirik. A\u015fkarlanan qal\u0131qlarda erm\u0259ni h\u0259rb\u00e7il\u0259rin daim \u0259sirl\u0259r\u0259 i\u015fg\u0259nc\u0259l\u0259r verdikl\u0259ri m\u0259lum olur.&hellip;<\/p>\n","protected":false},"author":2,"featured_media":621541,"comment_status":"closed","ping_status":"closed","sticky":false,"template":"","format":"standard","meta":{"om_disable_all_campaigns":false,"_monsterinsights_skip_tracking":false,"_monsterinsights_sitenote_active":false,"_monsterinsights_sitenote_note":"","_monsterinsights_sitenote_category":0},"categories":[4],"tags":[],"aioseo_notices":[],"gutentor_comment":0,"rttpg_featured_image_url":{"full":["https:\/\/arantv.az\/wp-content\/uploads\/2023\/08\/2e48fbcf-fc69-370d-a9ee-5ff80b73dfa3_850.jpg",620,413,false],"landscape":["https:\/\/arantv.az\/wp-content\/uploads\/2023\/08\/2e48fbcf-fc69-370d-a9ee-5ff80b73dfa3_850.jpg",620,413,false],"portraits":["https:\/\/arantv.az\/wp-content\/uploads\/2023\/08\/2e48fbcf-fc69-370d-a9ee-5ff80b73dfa3_850.jpg",620,413,false],"thumbnail":["https:\/\/arantv.az\/wp-content\/uploads\/2023\/08\/2e48fbcf-fc69-370d-a9ee-5ff80b73dfa3_850-500x280.jpg",500,280,true],"medium":["https:\/\/arantv.az\/wp-content\/uploads\/2023\/08\/2e48fbcf-fc69-370d-a9ee-5ff80b73dfa3_850-548x365.jpg",548,365,true],"large":["https:\/\/arantv.az\/wp-content\/uploads\/2023\/08\/2e48fbcf-fc69-370d-a9ee-5ff80b73dfa3_850.jpg",620,413,false],"1536x1536":["https:\/\/arantv.az\/wp-content\/uploads\/2023\/08\/2e48fbcf-fc69-370d-a9ee-5ff80b73dfa3_850.jpg",620,413,false],"2048x2048":["https:\/\/arantv.az\/wp-content\/uploads\/2023\/08\/2e48fbcf-fc69-370d-a9ee-5ff80b73dfa3_850.jpg",620,413,false],"post-thumbnail":["https:\/\/arantv.az\/wp-content\/uploads\/2023\/08\/2e48fbcf-fc69-370d-a9ee-5ff80b73dfa3_850-240x172.jpg",240,172,true],"advps-thumb-one":["https:\/\/arantv.az\/wp-content\/uploads\/2023\/08\/2e48fbcf-fc69-370d-a9ee-5ff80b73dfa3_850.jpg",620,413,false]},"rttpg_author":{"display_name":"V\u00fcsal Rafiqo\u011flu","author_link":"https:\/\/arantv.az\/?author=2"},"rttpg_comment":0,"rttpg_category":"<a href=\"https:\/\/arantv.az\/?cat=4\" rel=\"category\">Siyas\u0259t<\/a>","rttpg_excerpt":"\u201cErm\u0259nistan itkin d\u00fc\u015fm\u00fc\u015f az\u0259rbaycanl\u0131larla ba\u011fl\u0131 m\u0259lumatlar\u0131 verm\u0259kd\u0259n qorxur\u201d. \u201cReport\u201d x\u0259b\u0259r verir ki, bunu Prezident Administrasiyas\u0131n\u0131n Xarici siyas\u0259t m\u0259s\u0259l\u0259l\u0259ri \u015f\u00f6b\u0259sinin sektor m\u00fcdiri H\u0259bib Mikay\u0131ll\u0131 itkin d\u00fc\u015fm\u00fc\u015f \u015f\u0259xsl\u0259rl\u0259 ba\u011fl\u0131 brifinqd\u0259 deyib. O bildirib ki, Birinci Qaraba\u011f m\u00fcharib\u0259si zaman\u0131 \u00f6lk\u0259mizin t\u0259xmin\u0259n 3 900 itkin d\u00fc\u015fm\u00fc\u015f insan\u0131 var. Sektor m\u00fcdirinin s\u00f6zl\u0259rin\u0259 g\u00f6r\u0259, aidiyy\u0259ti qurumlarla bu m\u0259s\u0259l\u0259 il\u0259 ba\u011fl\u0131 s\u0131x&hellip;","_links":{"self":[{"href":"https:\/\/arantv.az\/index.php?rest_route=\/wp\/v2\/posts\/621540"}],"collection":[{"href":"https:\/\/arantv.az\/index.php?rest_route=\/wp\/v2\/posts"}],"about":[{"href":"https:\/\/arantv.az\/index.php?rest_route=\/wp\/v2\/types\/post"}],"author":[{"embeddable":true,"href":"https:\/\/arantv.az\/index.php?rest_route=\/wp\/v2\/users\/2"}],"replies":[{"embeddable":true,"href":"https:\/\/arantv.az\/index.php?rest_route=%2Fwp%2Fv2%2Fcomments&post=621540"}],"version-history":[{"count":0,"href":"https:\/\/arantv.az\/index.php?rest_route=\/wp\/v2\/posts\/621540\/revisions"}],"wp:featuredmedia":[{"embeddable":true,"href":"https:\/\/arantv.az\/index.php?rest_route=\/wp\/v2\/media\/621541"}],"wp:attachment":[{"href":"https:\/\/arantv.az\/index.php?rest_route=%2Fwp%2Fv2%2Fmedia&parent=621540"}],"wp:term":[{"taxonomy":"category","embeddable":true,"href":"https:\/\/arantv.az\/index.php?rest_route=%2Fwp%2Fv2%2Fcategories&post=621540"},{"taxonomy":"post_tag","embeddable":true,"href":"https:\/\/arantv.az\/index.php?rest_route=%2Fwp%2Fv2%2Ftags&post=621540"}],"curies":[{"name":"wp","href":"https:\/\/api.w.org\/{rel}","templated":true}]}}