{"id":621546,"date":"2023-08-18T15:49:01","date_gmt":"2023-08-18T11:49:01","guid":{"rendered":"https:\/\/arantv.az\/?p=621546"},"modified":"2023-08-18T15:49:01","modified_gmt":"2023-08-18T11:49:01","slug":"iran-iraqa-axan-cayin-qarsisini-k%c9%99sib","status":"publish","type":"post","link":"https:\/\/arantv.az\/?p=621546","title":{"rendered":"\u0130ran \u0130raqa axan \u00e7ay\u0131n qar\u015f\u0131s\u0131n\u0131 k\u0259sib"},"content":{"rendered":"<p>\u0130ran quraql\u0131q, \u0259traf m\u00fchit amill\u0259ri v\u0259 su ehtiyatlar\u0131ndan s\u0259m\u0259r\u0259siz istifad\u0259 s\u0259b\u0259bind\u0259n quraql\u0131q v\u0259 s\u0259hrala\u015fma riski il\u0259 \u00fczl\u0259\u015f\u0259n \u0130raqa axan Ki\u00e7ik Zab\u00a0Suyu \u00e7ay\u0131n\u0131n qar\u015f\u0131s\u0131n\u0131 al\u0131b.<\/p>\n<p>Qeyd ed\u0259k ki, \u0130randan da axan Ki\u00e7ik Zab\u00a0Suyu \u0130raq\u0131n S\u00fcleymaniyy\u0259 \u015f\u0259h\u0259rind\u0259n ke\u00e7\u0259r\u0259k K\u0259rk\u00fck \u015f\u0259h\u0259rin\u0259, oradan da \u0130raq\u0131n daxili b\u00f6lg\u0259l\u0259rin\u0259 do\u011fru ir\u0259lil\u0259yir.<\/p>\n<p>Tehran administrasiyas\u0131n\u0131n yay aylar\u0131nda he\u00e7 bir s\u0259b\u0259b olmadan v\u0259 x\u0259b\u0259rdarl\u0131q etm\u0259d\u0259n g\u00fcnl\u0259rl\u0259 su ax\u0131n\u0131n\u0131n qar\u015f\u0131s\u0131n\u0131 k\u0259sm\u0259si onsuz da ciddi su problemi ya\u015fayan \u0130raq\u0131 daha \u00e7\u0259tin v\u0259ziyy\u0259t\u0259 sal\u0131b.<\/p>\n<p>M\u0259n\u0259: Haber Global<\/p>\n","protected":false},"excerpt":{"rendered":"<p>\u0130ran quraql\u0131q, \u0259traf m\u00fchit amill\u0259ri v\u0259 su ehtiyatlar\u0131ndan s\u0259m\u0259r\u0259siz istifad\u0259 s\u0259b\u0259bind\u0259n quraql\u0131q v\u0259 s\u0259hrala\u015fma riski il\u0259 \u00fczl\u0259\u015f\u0259n \u0130raqa axan Ki\u00e7ik Zab\u00a0Suyu \u00e7ay\u0131n\u0131n qar\u015f\u0131s\u0131n\u0131 al\u0131b. Qeyd ed\u0259k ki, \u0130randan da axan Ki\u00e7ik Zab\u00a0Suyu \u0130raq\u0131n S\u00fcleymaniyy\u0259 \u015f\u0259h\u0259rind\u0259n ke\u00e7\u0259r\u0259k K\u0259rk\u00fck \u015f\u0259h\u0259rin\u0259, oradan da \u0130raq\u0131n daxili b\u00f6lg\u0259l\u0259rin\u0259 do\u011fru ir\u0259lil\u0259yir. Tehran administrasiyas\u0131n\u0131n yay aylar\u0131nda he\u00e7 bir s\u0259b\u0259b olmadan v\u0259 x\u0259b\u0259rdarl\u0131q etm\u0259d\u0259n g\u00fcnl\u0259rl\u0259 su ax\u0131n\u0131n\u0131n qar\u015f\u0131s\u0131n\u0131 k\u0259sm\u0259si onsuz da ciddi su problemi ya\u015fayan \u0130raq\u0131 daha \u00e7\u0259tin v\u0259ziyy\u0259t\u0259 sal\u0131b. M\u0259n\u0259: Haber Global<\/p>\n","protected":false},"author":2,"featured_media":621547,"comment_status":"closed","ping_status":"closed","sticky":false,"template":"","format":"standard","meta":{"om_disable_all_campaigns":false,"_monsterinsights_skip_tracking":false,"_monsterinsights_sitenote_active":false,"_monsterinsights_sitenote_note":"","_monsterinsights_sitenote_category":0},"categories":[7],"tags":[],"aioseo_notices":[],"gutentor_comment":0,"rttpg_featured_image_url":{"full":["https:\/\/arantv.az\/wp-content\/uploads\/2023\/08\/FotoJet-38-1.jpg",620,413,false],"landscape":["https:\/\/arantv.az\/wp-content\/uploads\/2023\/08\/FotoJet-38-1.jpg",620,413,false],"portraits":["https:\/\/arantv.az\/wp-content\/uploads\/2023\/08\/FotoJet-38-1.jpg",620,413,false],"thumbnail":["https:\/\/arantv.az\/wp-content\/uploads\/2023\/08\/FotoJet-38-1-500x280.jpg",500,280,true],"medium":["https:\/\/arantv.az\/wp-content\/uploads\/2023\/08\/FotoJet-38-1-548x365.jpg",548,365,true],"large":["https:\/\/arantv.az\/wp-content\/uploads\/2023\/08\/FotoJet-38-1.jpg",620,413,false],"1536x1536":["https:\/\/arantv.az\/wp-content\/uploads\/2023\/08\/FotoJet-38-1.jpg",620,413,false],"2048x2048":["https:\/\/arantv.az\/wp-content\/uploads\/2023\/08\/FotoJet-38-1.jpg",620,413,false],"post-thumbnail":["https:\/\/arantv.az\/wp-content\/uploads\/2023\/08\/FotoJet-38-1-240x172.jpg",240,172,true],"advps-thumb-one":["https:\/\/arantv.az\/wp-content\/uploads\/2023\/08\/FotoJet-38-1.jpg",620,413,false]},"rttpg_author":{"display_name":"V\u00fcsal Rafiqo\u011flu","author_link":"https:\/\/arantv.az\/?author=2"},"rttpg_comment":0,"rttpg_category":"<a href=\"https:\/\/arantv.az\/?cat=7\" rel=\"category\">D\u00fcnya<\/a>","rttpg_excerpt":"\u0130ran quraql\u0131q, \u0259traf m\u00fchit amill\u0259ri v\u0259 su ehtiyatlar\u0131ndan s\u0259m\u0259r\u0259siz istifad\u0259 s\u0259b\u0259bind\u0259n quraql\u0131q v\u0259 s\u0259hrala\u015fma riski il\u0259 \u00fczl\u0259\u015f\u0259n \u0130raqa axan Ki\u00e7ik Zab\u00a0Suyu \u00e7ay\u0131n\u0131n qar\u015f\u0131s\u0131n\u0131 al\u0131b. Qeyd ed\u0259k ki, \u0130randan da axan Ki\u00e7ik Zab\u00a0Suyu \u0130raq\u0131n S\u00fcleymaniyy\u0259 \u015f\u0259h\u0259rind\u0259n ke\u00e7\u0259r\u0259k K\u0259rk\u00fck \u015f\u0259h\u0259rin\u0259, oradan da \u0130raq\u0131n daxili b\u00f6lg\u0259l\u0259rin\u0259 do\u011fru ir\u0259lil\u0259yir. Tehran administrasiyas\u0131n\u0131n yay aylar\u0131nda he\u00e7 bir s\u0259b\u0259b olmadan v\u0259 x\u0259b\u0259rdarl\u0131q&hellip;","_links":{"self":[{"href":"https:\/\/arantv.az\/index.php?rest_route=\/wp\/v2\/posts\/621546"}],"collection":[{"href":"https:\/\/arantv.az\/index.php?rest_route=\/wp\/v2\/posts"}],"about":[{"href":"https:\/\/arantv.az\/index.php?rest_route=\/wp\/v2\/types\/post"}],"author":[{"embeddable":true,"href":"https:\/\/arantv.az\/index.php?rest_route=\/wp\/v2\/users\/2"}],"replies":[{"embeddable":true,"href":"https:\/\/arantv.az\/index.php?rest_route=%2Fwp%2Fv2%2Fcomments&post=621546"}],"version-history":[{"count":0,"href":"https:\/\/arantv.az\/index.php?rest_route=\/wp\/v2\/posts\/621546\/revisions"}],"wp:featuredmedia":[{"embeddable":true,"href":"https:\/\/arantv.az\/index.php?rest_route=\/wp\/v2\/media\/621547"}],"wp:attachment":[{"href":"https:\/\/arantv.az\/index.php?rest_route=%2Fwp%2Fv2%2Fmedia&parent=621546"}],"wp:term":[{"taxonomy":"category","embeddable":true,"href":"https:\/\/arantv.az\/index.php?rest_route=%2Fwp%2Fv2%2Fcategories&post=621546"},{"taxonomy":"post_tag","embeddable":true,"href":"https:\/\/arantv.az\/index.php?rest_route=%2Fwp%2Fv2%2Ftags&post=621546"}],"curies":[{"name":"wp","href":"https:\/\/api.w.org\/{rel}","templated":true}]}}