{"id":62159,"date":"2019-05-28T12:51:11","date_gmt":"2019-05-28T09:51:11","guid":{"rendered":"http:\/\/arantv.az\/?p=62159"},"modified":"2019-05-28T12:51:11","modified_gmt":"2019-05-28T09:51:11","slug":"axc-olmasaydi-indi-az%c9%99rbaycan-sensasion-aciqlama","status":"publish","type":"post","link":"https:\/\/arantv.az\/?p=62159","title":{"rendered":"&#8220;AXC olmasayd\u0131, indi Az\u0259rbaycan\u2026&#8221; \u2013 SENSAS\u0130ON A\u00c7IQLAMA"},"content":{"rendered":"<p>T\u0259\u0259s\u00fcfl\u0259r olun ki, biz h\u0259l\u0259 d\u0259 \u00f6z tariximiz\u0259 d\u00fczg\u00fcn qiym\u0259ti verm\u0259yi bacarm\u0131r\u0131q. Biz b\u0259z\u0259n \u00f6z\u00fcm\u00fcz\u0259 qiym\u0259t verm\u0259yi bel\u0259 bacarm\u0131r\u0131q. Bu boyda z\u0259ngin tariximiz ola-ola bundan maksimum \u015f\u0259kild\u0259 t\u0259bli\u011fatda istifad\u0259 ed\u0259 bilmirik. Biz he\u00e7 \u00f6z\u00fcm\u00fcz tariximizi kifay\u0259t q\u0259d\u0259r bilmirik.<\/p>\n<p><b>ARANTV.AZ\u00a0<\/b>x\u0259b\u0259r verir ki, bu s\u00f6zl\u0259ri politoloq Zaur M\u0259mm\u0259dov deyib.<\/p>\n<div id=\"AdviadNativeVideo0\" class=\"AdviadNativeVideo\"><\/div>\n<p>Ekspert xat\u0131rlad\u0131b ki, 1813-1828-ci ill\u0259rd\u0259 Rusiya v\u0259 \u0130ran aras\u0131nda deyil, faktiki olaraq Rusiya v\u0259 Qacarlar aras\u0131nda region iki yer\u0259 par\u00e7alan\u0131b:<\/p>\n<p>&#8220;Qacarlar dey\u0259r\u0259k biz az\u0259rbaycanl\u0131lar faktorunu qabartm\u0131\u015f oluruq. \u00c7\u00fcnki X \u0259srd\u0259n 1925-ci il\u0259 q\u0259d\u0259r \u0130ran co\u011frafiyas\u0131n\u0131n idar\u0259\u00e7iliyi ancaq t\u00fcrkl\u0259r\u0259 m\u0259xsus olub. Qacarlar il\u0259 Rusiya aras\u0131nda m\u00fcharib\u0259 Az\u0259rbaycan\u0131n iki hiss\u0259y\u0259 par\u00e7alanmas\u0131na g\u0259tirib \u00e7\u0131xard\u0131.<\/p>\n<p>Dig\u0259r yandan, Az\u0259rbaycan Xalq C\u00fcmhuriyy\u0259ti olmasayd\u0131, biz \u015eimali Qafqaz xalqlar\u0131 kimi d\u00f6vl\u0259tsiz SSR\u0130-nin t\u0259rkibin\u0259 daxil ola, daha sonra is\u0259 Rusiya t\u0259rkibind\u0259 muxtar respublika ola bil\u0259rdik. M\u0259hz AXC-nin varl\u0131\u011f\u0131 bizim SSR\u0130-y\u0259 respublika kimi daxil olma\u011f\u0131m\u0131za, 1991-ci ild\u0259 is\u0259 m\u00fcst\u0259qil olma\u011f\u0131m\u0131za g\u0259tirib \u00e7\u0131xard\u0131&#8221;.<\/p>\n<p>Zaur M\u0259mm\u0259dov qeyd edib ki, 1918-ci il\u0259d\u0259k bizi d\u00fcnya m\u00fcxt\u0259lif c\u00fcr \u00e7a\u011f\u0131r\u0131r, biz \u00f6z\u00fcm\u00fcz\u0259 m\u00fcxt\u0259lif adlar verirdik:<\/p>\n<p>&#8220;AXC vahid Az\u0259rbaycan xalq\u0131n\u0131n formala\u015fmas\u0131n\u0131 s\u00fcr\u0259tl\u0259ndirdi. XX \u0259srin x\u00fcsusiyy\u0259tl\u0259rind\u0259n biri monarxiyalar\u0131n respublikalarla \u0259v\u0259z olunmas\u0131 idi. 1918-ci ild\u0259 bizim n\u0259inki respublikam\u0131z, h\u0259tta parlamentli respublikam\u0131z var idi. Bu g\u00fcn faktiki olaraq Yax\u0131n \u015e\u0259rqd\u0259 respublika qurulu\u015flu d\u00f6vl\u0259t barmaqla say\u0131las\u0131 q\u0259d\u0259rdir.<\/p>\n<p>Parlamentli respublika Q\u0259rbin qabaqc\u0131l d\u00f6vl\u0259tl\u0259rin\u0259 xas olan bir qurulu\u015fdur. D\u00fczd\u00fcr, z\u0259nnimc\u0259, parlametli respublika bizim co\u011frafiyam\u0131z \u00fc\u00e7\u00fcn o zaman xas olan idar\u0259\u00e7ilik formas\u0131 deyildi. Tarix\u0259 d\u00fczg\u00fcn qiym\u0259t verm\u0259k laz\u0131md\u0131r ki, g\u0259l\u0259c\u0259k n\u0259sill\u0259r irsimizd\u0259n maksimum d\u0259r\u0259c\u0259d\u0259 milli maraqlar\u0131n realla\u015fmas\u0131 \u00fc\u00e7\u00fcn istifad\u0259 ed\u0259 bilsinl\u0259r&#8221;.Sonxeber.az<\/p>\n","protected":false},"excerpt":{"rendered":"<p>T\u0259\u0259s\u00fcfl\u0259r olun ki, biz h\u0259l\u0259 d\u0259 \u00f6z tariximiz\u0259 d\u00fczg\u00fcn qiym\u0259ti verm\u0259yi bacarm\u0131r\u0131q. Biz b\u0259z\u0259n \u00f6z\u00fcm\u00fcz\u0259 qiym\u0259t verm\u0259yi bel\u0259 bacarm\u0131r\u0131q. Bu boyda z\u0259ngin tariximiz ola-ola bundan maksimum \u015f\u0259kild\u0259 t\u0259bli\u011fatda istifad\u0259 ed\u0259 bilmirik. Biz he\u00e7 \u00f6z\u00fcm\u00fcz tariximizi kifay\u0259t q\u0259d\u0259r bilmirik. ARANTV.AZ\u00a0x\u0259b\u0259r verir ki, bu s\u00f6zl\u0259ri politoloq Zaur M\u0259mm\u0259dov deyib. Ekspert xat\u0131rlad\u0131b ki, 1813-1828-ci ill\u0259rd\u0259 Rusiya v\u0259 \u0130ran aras\u0131nda deyil, faktiki olaraq Rusiya v\u0259 Qacarlar aras\u0131nda region iki yer\u0259 par\u00e7alan\u0131b: &#8220;Qacarlar dey\u0259r\u0259k biz az\u0259rbaycanl\u0131lar faktorunu qabartm\u0131\u015f oluruq. \u00c7\u00fcnki X \u0259srd\u0259n 1925-ci il\u0259 q\u0259d\u0259r \u0130ran co\u011frafiyas\u0131n\u0131n idar\u0259\u00e7iliyi ancaq t\u00fcrkl\u0259r\u0259 m\u0259xsus olub. Qacarlar il\u0259 Rusiya&hellip;<\/p>\n","protected":false},"author":2,"featured_media":62160,"comment_status":"closed","ping_status":"closed","sticky":false,"template":"","format":"standard","meta":{"om_disable_all_campaigns":false,"_monsterinsights_skip_tracking":false,"_monsterinsights_sitenote_active":false,"_monsterinsights_sitenote_note":"","_monsterinsights_sitenote_category":0},"categories":[1],"tags":[],"aioseo_notices":[],"gutentor_comment":0,"rttpg_featured_image_url":{"full":["https:\/\/arantv.az\/wp-content\/uploads\/2019\/05\/zaur_memmedov.jpg",549,309,false],"landscape":["https:\/\/arantv.az\/wp-content\/uploads\/2019\/05\/zaur_memmedov.jpg",549,309,false],"portraits":["https:\/\/arantv.az\/wp-content\/uploads\/2019\/05\/zaur_memmedov.jpg",549,309,false],"thumbnail":["https:\/\/arantv.az\/wp-content\/uploads\/2019\/05\/zaur_memmedov-150x150.jpg",150,150,true],"medium":["https:\/\/arantv.az\/wp-content\/uploads\/2019\/05\/zaur_memmedov-300x169.jpg",300,169,true],"large":["https:\/\/arantv.az\/wp-content\/uploads\/2019\/05\/zaur_memmedov.jpg",549,309,false],"1536x1536":["https:\/\/arantv.az\/wp-content\/uploads\/2019\/05\/zaur_memmedov.jpg",549,309,false],"2048x2048":["https:\/\/arantv.az\/wp-content\/uploads\/2019\/05\/zaur_memmedov.jpg",549,309,false],"post-thumbnail":["https:\/\/arantv.az\/wp-content\/uploads\/2019\/05\/zaur_memmedov-240x172.jpg",240,172,true],"advps-thumb-one":["https:\/\/arantv.az\/wp-content\/uploads\/2019\/05\/zaur_memmedov.jpg",549,309,false]},"rttpg_author":{"display_name":"V\u00fcsal Rafiqo\u011flu","author_link":"https:\/\/arantv.az\/?author=2"},"rttpg_comment":0,"rttpg_category":"<a href=\"https:\/\/arantv.az\/?cat=1\" rel=\"category\">C\u0259miyy\u0259t<\/a>","rttpg_excerpt":"T\u0259\u0259s\u00fcfl\u0259r olun ki, biz h\u0259l\u0259 d\u0259 \u00f6z tariximiz\u0259 d\u00fczg\u00fcn qiym\u0259ti verm\u0259yi bacarm\u0131r\u0131q. Biz b\u0259z\u0259n \u00f6z\u00fcm\u00fcz\u0259 qiym\u0259t verm\u0259yi bel\u0259 bacarm\u0131r\u0131q. Bu boyda z\u0259ngin tariximiz ola-ola bundan maksimum \u015f\u0259kild\u0259 t\u0259bli\u011fatda istifad\u0259 ed\u0259 bilmirik. Biz he\u00e7 \u00f6z\u00fcm\u00fcz tariximizi kifay\u0259t q\u0259d\u0259r bilmirik. ARANTV.AZ\u00a0x\u0259b\u0259r verir ki, bu s\u00f6zl\u0259ri politoloq Zaur M\u0259mm\u0259dov deyib. Ekspert xat\u0131rlad\u0131b ki, 1813-1828-ci ill\u0259rd\u0259 Rusiya v\u0259 \u0130ran&hellip;","_links":{"self":[{"href":"https:\/\/arantv.az\/index.php?rest_route=\/wp\/v2\/posts\/62159"}],"collection":[{"href":"https:\/\/arantv.az\/index.php?rest_route=\/wp\/v2\/posts"}],"about":[{"href":"https:\/\/arantv.az\/index.php?rest_route=\/wp\/v2\/types\/post"}],"author":[{"embeddable":true,"href":"https:\/\/arantv.az\/index.php?rest_route=\/wp\/v2\/users\/2"}],"replies":[{"embeddable":true,"href":"https:\/\/arantv.az\/index.php?rest_route=%2Fwp%2Fv2%2Fcomments&post=62159"}],"version-history":[{"count":0,"href":"https:\/\/arantv.az\/index.php?rest_route=\/wp\/v2\/posts\/62159\/revisions"}],"wp:featuredmedia":[{"embeddable":true,"href":"https:\/\/arantv.az\/index.php?rest_route=\/wp\/v2\/media\/62160"}],"wp:attachment":[{"href":"https:\/\/arantv.az\/index.php?rest_route=%2Fwp%2Fv2%2Fmedia&parent=62159"}],"wp:term":[{"taxonomy":"category","embeddable":true,"href":"https:\/\/arantv.az\/index.php?rest_route=%2Fwp%2Fv2%2Fcategories&post=62159"},{"taxonomy":"post_tag","embeddable":true,"href":"https:\/\/arantv.az\/index.php?rest_route=%2Fwp%2Fv2%2Ftags&post=62159"}],"curies":[{"name":"wp","href":"https:\/\/api.w.org\/{rel}","templated":true}]}}