{"id":62165,"date":"2019-05-28T12:53:54","date_gmt":"2019-05-28T09:53:54","guid":{"rendered":"http:\/\/arantv.az\/?p=62165"},"modified":"2019-05-28T12:53:54","modified_gmt":"2019-05-28T09:53:54","slug":"nazirlik-samaxida-vulkan-puskur%c9%99n-%c9%99razid%c9%99-arasdirmaya-basladi","status":"publish","type":"post","link":"https:\/\/arantv.az\/?p=62165","title":{"rendered":"Nazirlik \u015eamax\u0131da vulkan p\u00fcsk\u00fcr\u0259n \u0259razid\u0259 ara\u015fd\u0131rmaya ba\u015flad\u0131"},"content":{"rendered":"<p><strong>\u015eamax\u0131 rayonunun Da\u011f G\u00f6yl\u0259r k\u0259ndind\u0259 vulkan p\u00fcsk\u00fcr\u00fcb.<\/strong><\/p>\n<p>Gec\u0259 saatlar\u0131nda p\u00fcsk\u00fcr\u0259n vulkan yerin alt\u0131ndan xaric olan pal\u00e7\u0131\u011f\u0131 \u0259trafa yay\u0131b.<\/p>\n<p><strong>ARANTV.AZ<\/strong> x\u0259b\u0259r verir ki, m\u0259s\u0259l\u0259 il\u0259 ba\u011fl\u0131 Eologiya v\u0259 T\u0259bii S\u0259rv\u0259tl\u0259r Nazirliyinin m\u0259tbuat katibi \u0130rad\u0259 \u0130brahimova\u00a0<a href=\"https:\/\/az.trend.az\/\" target=\"_blank\" rel=\"noopener\">Trend<\/a>-\u0259 bildirib ki, nazirlik art\u0131q m\u0259s\u0259l\u0259d\u0259n x\u0259b\u0259rdard\u0131r:<\/p>\n<p>&#8220;Haz\u0131rda m\u00fct\u0259x\u0259ssisl\u0259rimiz h\u0259min \u0259razid\u0259dir v\u0259 ara\u015fd\u0131rma apar\u0131l\u0131r. Ara\u015fd\u0131rman\u0131n sonunda yekun a\u00e7\u0131qlama veril\u0259c\u0259k&#8221;.<\/p>\n","protected":false},"excerpt":{"rendered":"<p>\u015eamax\u0131 rayonunun Da\u011f G\u00f6yl\u0259r k\u0259ndind\u0259 vulkan p\u00fcsk\u00fcr\u00fcb. Gec\u0259 saatlar\u0131nda p\u00fcsk\u00fcr\u0259n vulkan yerin alt\u0131ndan xaric olan pal\u00e7\u0131\u011f\u0131 \u0259trafa yay\u0131b. ARANTV.AZ x\u0259b\u0259r verir ki, m\u0259s\u0259l\u0259 il\u0259 ba\u011fl\u0131 Eologiya v\u0259 T\u0259bii S\u0259rv\u0259tl\u0259r Nazirliyinin m\u0259tbuat katibi \u0130rad\u0259 \u0130brahimova\u00a0Trend-\u0259 bildirib ki, nazirlik art\u0131q m\u0259s\u0259l\u0259d\u0259n x\u0259b\u0259rdard\u0131r: &#8220;Haz\u0131rda m\u00fct\u0259x\u0259ssisl\u0259rimiz h\u0259min \u0259razid\u0259dir v\u0259 ara\u015fd\u0131rma apar\u0131l\u0131r. Ara\u015fd\u0131rman\u0131n sonunda yekun a\u00e7\u0131qlama veril\u0259c\u0259k&#8221;.<\/p>\n","protected":false},"author":2,"featured_media":62166,"comment_status":"closed","ping_status":"closed","sticky":false,"template":"","format":"standard","meta":{"om_disable_all_campaigns":false,"_monsterinsights_skip_tracking":false,"_monsterinsights_sitenote_active":false,"_monsterinsights_sitenote_note":"","_monsterinsights_sitenote_category":0},"categories":[1],"tags":[],"aioseo_notices":[],"gutentor_comment":0,"rttpg_featured_image_url":{"full":["https:\/\/arantv.az\/wp-content\/uploads\/2019\/05\/758597.jpg",800,600,false],"landscape":["https:\/\/arantv.az\/wp-content\/uploads\/2019\/05\/758597.jpg",800,600,false],"portraits":["https:\/\/arantv.az\/wp-content\/uploads\/2019\/05\/758597.jpg",800,600,false],"thumbnail":["https:\/\/arantv.az\/wp-content\/uploads\/2019\/05\/758597-150x150.jpg",150,150,true],"medium":["https:\/\/arantv.az\/wp-content\/uploads\/2019\/05\/758597-300x225.jpg",300,225,true],"large":["https:\/\/arantv.az\/wp-content\/uploads\/2019\/05\/758597.jpg",640,480,false],"1536x1536":["https:\/\/arantv.az\/wp-content\/uploads\/2019\/05\/758597.jpg",800,600,false],"2048x2048":["https:\/\/arantv.az\/wp-content\/uploads\/2019\/05\/758597.jpg",800,600,false],"post-thumbnail":["https:\/\/arantv.az\/wp-content\/uploads\/2019\/05\/758597-240x172.jpg",240,172,true],"advps-thumb-one":["https:\/\/arantv.az\/wp-content\/uploads\/2019\/05\/758597.jpg",800,600,false]},"rttpg_author":{"display_name":"V\u00fcsal Rafiqo\u011flu","author_link":"https:\/\/arantv.az\/?author=2"},"rttpg_comment":0,"rttpg_category":"<a href=\"https:\/\/arantv.az\/?cat=1\" rel=\"category\">C\u0259miyy\u0259t<\/a>","rttpg_excerpt":"\u015eamax\u0131 rayonunun Da\u011f G\u00f6yl\u0259r k\u0259ndind\u0259 vulkan p\u00fcsk\u00fcr\u00fcb. Gec\u0259 saatlar\u0131nda p\u00fcsk\u00fcr\u0259n vulkan yerin alt\u0131ndan xaric olan pal\u00e7\u0131\u011f\u0131 \u0259trafa yay\u0131b. ARANTV.AZ x\u0259b\u0259r verir ki, m\u0259s\u0259l\u0259 il\u0259 ba\u011fl\u0131 Eologiya v\u0259 T\u0259bii S\u0259rv\u0259tl\u0259r Nazirliyinin m\u0259tbuat katibi \u0130rad\u0259 \u0130brahimova\u00a0Trend-\u0259 bildirib ki, nazirlik art\u0131q m\u0259s\u0259l\u0259d\u0259n x\u0259b\u0259rdard\u0131r: &#8220;Haz\u0131rda m\u00fct\u0259x\u0259ssisl\u0259rimiz h\u0259min \u0259razid\u0259dir v\u0259 ara\u015fd\u0131rma apar\u0131l\u0131r. Ara\u015fd\u0131rman\u0131n sonunda yekun a\u00e7\u0131qlama veril\u0259c\u0259k&#8221;.","_links":{"self":[{"href":"https:\/\/arantv.az\/index.php?rest_route=\/wp\/v2\/posts\/62165"}],"collection":[{"href":"https:\/\/arantv.az\/index.php?rest_route=\/wp\/v2\/posts"}],"about":[{"href":"https:\/\/arantv.az\/index.php?rest_route=\/wp\/v2\/types\/post"}],"author":[{"embeddable":true,"href":"https:\/\/arantv.az\/index.php?rest_route=\/wp\/v2\/users\/2"}],"replies":[{"embeddable":true,"href":"https:\/\/arantv.az\/index.php?rest_route=%2Fwp%2Fv2%2Fcomments&post=62165"}],"version-history":[{"count":0,"href":"https:\/\/arantv.az\/index.php?rest_route=\/wp\/v2\/posts\/62165\/revisions"}],"wp:featuredmedia":[{"embeddable":true,"href":"https:\/\/arantv.az\/index.php?rest_route=\/wp\/v2\/media\/62166"}],"wp:attachment":[{"href":"https:\/\/arantv.az\/index.php?rest_route=%2Fwp%2Fv2%2Fmedia&parent=62165"}],"wp:term":[{"taxonomy":"category","embeddable":true,"href":"https:\/\/arantv.az\/index.php?rest_route=%2Fwp%2Fv2%2Fcategories&post=62165"},{"taxonomy":"post_tag","embeddable":true,"href":"https:\/\/arantv.az\/index.php?rest_route=%2Fwp%2Fv2%2Ftags&post=62165"}],"curies":[{"name":"wp","href":"https:\/\/api.w.org\/{rel}","templated":true}]}}