{"id":62168,"date":"2019-05-28T12:55:28","date_gmt":"2019-05-28T09:55:28","guid":{"rendered":"http:\/\/arantv.az\/?p=62168"},"modified":"2019-05-28T12:55:28","modified_gmt":"2019-05-28T09:55:28","slug":"%c9%99li-%c9%99hm%c9%99dov-mayin-29-da-butun-dunyanin-n%c9%99z%c9%99rl%c9%99ri-bakida-olacaq","status":"publish","type":"post","link":"https:\/\/arantv.az\/?p=62168","title":{"rendered":"\u018fli \u018fhm\u0259dov: &#8220;May\u0131n 29-da b\u00fct\u00fcn d\u00fcnyan\u0131n n\u0259z\u0259rl\u0259ri Bak\u0131da olacaq&#8221;"},"content":{"rendered":"<blockquote><p><em><strong>May\u0131n 29-da b\u00fct\u00fcn d\u00fcnyan\u0131n n\u0259z\u0259rl\u0259ri Bak\u0131da olacaq.<\/strong><\/em><\/p><\/blockquote>\n<p><strong>ARANTV.AZ<\/strong> trend\u00a0-\u0259 istinad\u0259n x\u0259b\u0259r verir ki, bunu Ba\u015f nazirin m\u00fcavini, Yeni Az\u0259rbaycan Partiyas\u0131n\u0131n S\u0259dr m\u00fcavini &#8211; icra katibi \u018fli \u018fhm\u0259dov deyib.<\/p>\n<p>\u018f.\u018fhm\u0259dov xat\u0131rlad\u0131b ki, may ay\u0131n\u0131n 29-da Bak\u0131n\u0131n Olimpiya Stadionunda Avropa Liqas\u0131n\u0131n final oyunu ke\u00e7iril\u0259c\u0259k:<\/p>\n<p>&#8220;Avropan\u0131n iki m\u0259\u015fhur futbol komandas\u0131n\u0131n &#8211; &#8220;Arsenal&#8221; v\u0259 &#8220;\u00c7elsi&#8221; komandalar\u0131n\u0131n \u00e7empionluq u\u011frunda yar\u0131\u015f\u0131na Bak\u0131n\u0131n ev sahibliyi etm\u0259si \u0259lam\u0259tdar hadis\u0259dir. Bu, t\u0259kc\u0259 idman bayram\u0131 deyil, eyni zamanda Az\u0259rbaycan\u0131, Bak\u0131n\u0131 tan\u0131tma\u011f\u0131n g\u00f6z\u0259l imkan\u0131d\u0131r. Art\u0131q bir ne\u00e7\u0259 g\u00fcnd\u00fcr Bak\u0131, Az\u0259rbaycan futbolsev\u0259rl\u0259rin \u0259n \u00e7ox m\u00fczakir\u0259 etdiyi \u00f6lk\u0259 v\u0259 \u015f\u0259h\u0259rdir. Ay\u0131n 29-da is\u0259 b\u00fct\u00fcn d\u00fcnyan\u0131n n\u0259z\u0259rl\u0259ri Bak\u0131da olacaq.<\/p>\n<p>\u0130dman\u00e7\u0131lara u\u011furlar dil\u0259yir\u0259m. Komandalardan hans\u0131sa \u00e7empion ad\u0131na m\u0259hz Bak\u0131da nail oldu\u011funu he\u00e7 zaman unutmayacaq. Eynil\u0259 d\u0259 fanatlar\u0131n Bak\u0131da ke\u00e7iril\u0259n oyundan \u0259n xo\u015f t\u0259\u0259ss\u00fcratlarla qay\u0131dacaqlar\u0131na \u0259min\u0259m.<\/p>\n<p>Bak\u0131dak\u0131 futbol fanatlar\u0131n\u0131n oyuna Az\u0259rbaycan bayra\u011f\u0131 il\u0259 getm\u0259k bar\u0259d\u0259 sosial \u015f\u0259b\u0259k\u0259l\u0259rd\u0259 s\u0259sl\u0259ndiril\u0259n t\u0259klifi m\u0259n d\u0259 d\u0259st\u0259kl\u0259yir\u0259m. Yax\u015f\u0131 olar ki, Bak\u0131 h\u0259m oyun\u00e7ular\u0131n, h\u0259m d\u0259 fanatlar\u0131n yadda\u015f\u0131nda t\u0259kc\u0259 stadionun g\u00f6z\u0259lliyi il\u0259 deyil, h\u0259m d\u0259 azarke\u015fl\u0259rin co\u015fqusu il\u0259 qals\u0131n.<\/p>\n<p>Az\u0259rbaycan bayraqlar\u0131, Az\u0259rbaycan co\u015fqusu v\u0259 Az\u0259rbaycan qonaqp\u0259rv\u0259rliyi il\u0259 futbol\u00e7ular\u0131 v\u0259 onlar\u0131n Bak\u0131ya g\u0259lmi\u015f fanatlar\u0131n\u0131 salamlay\u0131r\u0131q.<\/p>\n<p>Ham\u0131n\u0131za g\u00f6z\u0259l idman h\u0259y\u0259can\u0131 v\u0259 xo\u015f istirah\u0259t arzulay\u0131ram&#8221;.<\/p>\n","protected":false},"excerpt":{"rendered":"<p>May\u0131n 29-da b\u00fct\u00fcn d\u00fcnyan\u0131n n\u0259z\u0259rl\u0259ri Bak\u0131da olacaq. ARANTV.AZ trend\u00a0-\u0259 istinad\u0259n x\u0259b\u0259r verir ki, bunu Ba\u015f nazirin m\u00fcavini, Yeni Az\u0259rbaycan Partiyas\u0131n\u0131n S\u0259dr m\u00fcavini &#8211; icra katibi \u018fli \u018fhm\u0259dov deyib. \u018f.\u018fhm\u0259dov xat\u0131rlad\u0131b ki, may ay\u0131n\u0131n 29-da Bak\u0131n\u0131n Olimpiya Stadionunda Avropa Liqas\u0131n\u0131n final oyunu ke\u00e7iril\u0259c\u0259k: &#8220;Avropan\u0131n iki m\u0259\u015fhur futbol komandas\u0131n\u0131n &#8211; &#8220;Arsenal&#8221; v\u0259 &#8220;\u00c7elsi&#8221; komandalar\u0131n\u0131n \u00e7empionluq u\u011frunda yar\u0131\u015f\u0131na Bak\u0131n\u0131n ev sahibliyi etm\u0259si \u0259lam\u0259tdar hadis\u0259dir. Bu, t\u0259kc\u0259 idman bayram\u0131 deyil, eyni zamanda Az\u0259rbaycan\u0131, Bak\u0131n\u0131 tan\u0131tma\u011f\u0131n g\u00f6z\u0259l imkan\u0131d\u0131r. Art\u0131q bir ne\u00e7\u0259 g\u00fcnd\u00fcr Bak\u0131, Az\u0259rbaycan futbolsev\u0259rl\u0259rin \u0259n \u00e7ox m\u00fczakir\u0259 etdiyi \u00f6lk\u0259 v\u0259 \u015f\u0259h\u0259rdir. Ay\u0131n 29-da is\u0259&hellip;<\/p>\n","protected":false},"author":2,"featured_media":62169,"comment_status":"closed","ping_status":"closed","sticky":false,"template":"","format":"standard","meta":{"om_disable_all_campaigns":false,"_monsterinsights_skip_tracking":false,"_monsterinsights_sitenote_active":false,"_monsterinsights_sitenote_note":"","_monsterinsights_sitenote_category":0},"categories":[4],"tags":[],"aioseo_notices":[],"gutentor_comment":0,"rttpg_featured_image_url":{"full":["https:\/\/arantv.az\/wp-content\/uploads\/2019\/05\/753993-3.jpg",800,600,false],"landscape":["https:\/\/arantv.az\/wp-content\/uploads\/2019\/05\/753993-3.jpg",800,600,false],"portraits":["https:\/\/arantv.az\/wp-content\/uploads\/2019\/05\/753993-3.jpg",800,600,false],"thumbnail":["https:\/\/arantv.az\/wp-content\/uploads\/2019\/05\/753993-3-150x150.jpg",150,150,true],"medium":["https:\/\/arantv.az\/wp-content\/uploads\/2019\/05\/753993-3-300x225.jpg",300,225,true],"large":["https:\/\/arantv.az\/wp-content\/uploads\/2019\/05\/753993-3.jpg",640,480,false],"1536x1536":["https:\/\/arantv.az\/wp-content\/uploads\/2019\/05\/753993-3.jpg",800,600,false],"2048x2048":["https:\/\/arantv.az\/wp-content\/uploads\/2019\/05\/753993-3.jpg",800,600,false],"post-thumbnail":["https:\/\/arantv.az\/wp-content\/uploads\/2019\/05\/753993-3-240x172.jpg",240,172,true],"advps-thumb-one":["https:\/\/arantv.az\/wp-content\/uploads\/2019\/05\/753993-3.jpg",800,600,false]},"rttpg_author":{"display_name":"V\u00fcsal Rafiqo\u011flu","author_link":"https:\/\/arantv.az\/?author=2"},"rttpg_comment":0,"rttpg_category":"<a href=\"https:\/\/arantv.az\/?cat=4\" rel=\"category\">Siyas\u0259t<\/a>","rttpg_excerpt":"May\u0131n 29-da b\u00fct\u00fcn d\u00fcnyan\u0131n n\u0259z\u0259rl\u0259ri Bak\u0131da olacaq. ARANTV.AZ trend\u00a0-\u0259 istinad\u0259n x\u0259b\u0259r verir ki, bunu Ba\u015f nazirin m\u00fcavini, Yeni Az\u0259rbaycan Partiyas\u0131n\u0131n S\u0259dr m\u00fcavini &#8211; icra katibi \u018fli \u018fhm\u0259dov deyib. \u018f.\u018fhm\u0259dov xat\u0131rlad\u0131b ki, may ay\u0131n\u0131n 29-da Bak\u0131n\u0131n Olimpiya Stadionunda Avropa Liqas\u0131n\u0131n final oyunu ke\u00e7iril\u0259c\u0259k: &#8220;Avropan\u0131n iki m\u0259\u015fhur futbol komandas\u0131n\u0131n &#8211; &#8220;Arsenal&#8221; v\u0259 &#8220;\u00c7elsi&#8221; komandalar\u0131n\u0131n \u00e7empionluq u\u011frunda yar\u0131\u015f\u0131na&hellip;","_links":{"self":[{"href":"https:\/\/arantv.az\/index.php?rest_route=\/wp\/v2\/posts\/62168"}],"collection":[{"href":"https:\/\/arantv.az\/index.php?rest_route=\/wp\/v2\/posts"}],"about":[{"href":"https:\/\/arantv.az\/index.php?rest_route=\/wp\/v2\/types\/post"}],"author":[{"embeddable":true,"href":"https:\/\/arantv.az\/index.php?rest_route=\/wp\/v2\/users\/2"}],"replies":[{"embeddable":true,"href":"https:\/\/arantv.az\/index.php?rest_route=%2Fwp%2Fv2%2Fcomments&post=62168"}],"version-history":[{"count":0,"href":"https:\/\/arantv.az\/index.php?rest_route=\/wp\/v2\/posts\/62168\/revisions"}],"wp:featuredmedia":[{"embeddable":true,"href":"https:\/\/arantv.az\/index.php?rest_route=\/wp\/v2\/media\/62169"}],"wp:attachment":[{"href":"https:\/\/arantv.az\/index.php?rest_route=%2Fwp%2Fv2%2Fmedia&parent=62168"}],"wp:term":[{"taxonomy":"category","embeddable":true,"href":"https:\/\/arantv.az\/index.php?rest_route=%2Fwp%2Fv2%2Fcategories&post=62168"},{"taxonomy":"post_tag","embeddable":true,"href":"https:\/\/arantv.az\/index.php?rest_route=%2Fwp%2Fv2%2Ftags&post=62168"}],"curies":[{"name":"wp","href":"https:\/\/api.w.org\/{rel}","templated":true}]}}