{"id":62174,"date":"2019-05-28T13:07:11","date_gmt":"2019-05-28T10:07:11","guid":{"rendered":"http:\/\/arantv.az\/?p=62174"},"modified":"2019-05-28T13:07:11","modified_gmt":"2019-05-28T10:07:11","slug":"gurcustan-xin-az%c9%99rbaycan-dilind%c9%99-t%c9%99brik-yayimlayib","status":"publish","type":"post","link":"https:\/\/arantv.az\/?p=62174","title":{"rendered":"G\u00fcrc\u00fcstan X\u0130N Az\u0259rbaycan dilind\u0259 t\u0259brik yay\u0131mlay\u0131b"},"content":{"rendered":"<p>G\u00fcrc\u00fcstan Xarici \u0130\u015fl\u0259r Nazirliyinin \u201c<a href=\"https:\/\/twitter.com\/MFAgovge\" target=\"_blank\" rel=\"noopener\">Twitter<\/a>\u201d s\u0259hif\u0259sind\u0259 Az\u0259rbaycana t\u0259brik m\u00fcraci\u0259ti yay\u0131mlan\u0131b.<\/p>\n<p>T\u0259brikin m\u0259tni Az\u0259rbaycan dilind\u0259dir.<\/p>\n<p>\u201cStrateji t\u0259r\u0259fda\u015f\u0131m\u0131z v\u0259 dostumuz\u00a0Az\u0259rbaycan\u0131 Respublika G\u00fcn\u00fc m\u00fcnasib\u0259til\u0259 s\u0259mimiyy\u0259tl\u0259 t\u0259brik edirik. Qarda\u015f Az\u0259rbaycan xalq\u0131na rifah, \u0259min-amanl\u0131q v\u0259 firavanl\u0131q dil\u0259yirik\u201d, &#8211; t\u0259brikd\u0259 deyilir.<\/p>\n<p>Qeyd ed\u0259k ki, bu g\u00fcn Az\u0259rbaycan C\u00fcmhuriyy\u0259tinin yaranmas\u0131ndan 101 il \u00f6t\u00fcr.<\/p>\n","protected":false},"excerpt":{"rendered":"<p>G\u00fcrc\u00fcstan Xarici \u0130\u015fl\u0259r Nazirliyinin \u201cTwitter\u201d s\u0259hif\u0259sind\u0259 Az\u0259rbaycana t\u0259brik m\u00fcraci\u0259ti yay\u0131mlan\u0131b. T\u0259brikin m\u0259tni Az\u0259rbaycan dilind\u0259dir. \u201cStrateji t\u0259r\u0259fda\u015f\u0131m\u0131z v\u0259 dostumuz\u00a0Az\u0259rbaycan\u0131 Respublika G\u00fcn\u00fc m\u00fcnasib\u0259til\u0259 s\u0259mimiyy\u0259tl\u0259 t\u0259brik edirik. Qarda\u015f Az\u0259rbaycan xalq\u0131na rifah, \u0259min-amanl\u0131q v\u0259 firavanl\u0131q dil\u0259yirik\u201d, &#8211; t\u0259brikd\u0259 deyilir. Qeyd ed\u0259k ki, bu g\u00fcn Az\u0259rbaycan C\u00fcmhuriyy\u0259tinin yaranmas\u0131ndan 101 il \u00f6t\u00fcr.<\/p>\n","protected":false},"author":2,"featured_media":62175,"comment_status":"closed","ping_status":"closed","sticky":false,"template":"","format":"standard","meta":{"om_disable_all_campaigns":false,"_monsterinsights_skip_tracking":false,"_monsterinsights_sitenote_active":false,"_monsterinsights_sitenote_note":"","_monsterinsights_sitenote_category":0},"categories":[4],"tags":[],"aioseo_notices":[],"gutentor_comment":0,"rttpg_featured_image_url":{"full":["https:\/\/arantv.az\/wp-content\/uploads\/2019\/05\/g\u00c3\u00bcrc\u00c3\u00bcstan.jpg",620,413,false],"landscape":["https:\/\/arantv.az\/wp-content\/uploads\/2019\/05\/g\u00c3\u00bcrc\u00c3\u00bcstan.jpg",620,413,false],"portraits":["https:\/\/arantv.az\/wp-content\/uploads\/2019\/05\/g\u00c3\u00bcrc\u00c3\u00bcstan.jpg",620,413,false],"thumbnail":["https:\/\/arantv.az\/wp-content\/uploads\/2019\/05\/g\u00c3\u00bcrc\u00c3\u00bcstan-150x150.jpg",150,150,true],"medium":["https:\/\/arantv.az\/wp-content\/uploads\/2019\/05\/g\u00c3\u00bcrc\u00c3\u00bcstan-300x200.jpg",300,200,true],"large":["https:\/\/arantv.az\/wp-content\/uploads\/2019\/05\/g\u00c3\u00bcrc\u00c3\u00bcstan.jpg",620,413,false],"1536x1536":["https:\/\/arantv.az\/wp-content\/uploads\/2019\/05\/g\u00c3\u00bcrc\u00c3\u00bcstan.jpg",620,413,false],"2048x2048":["https:\/\/arantv.az\/wp-content\/uploads\/2019\/05\/g\u00c3\u00bcrc\u00c3\u00bcstan.jpg",620,413,false],"post-thumbnail":["https:\/\/arantv.az\/wp-content\/uploads\/2019\/05\/g\u00c3\u00bcrc\u00c3\u00bcstan-240x172.jpg",240,172,true],"advps-thumb-one":["https:\/\/arantv.az\/wp-content\/uploads\/2019\/05\/g\u00c3\u00bcrc\u00c3\u00bcstan.jpg",620,413,false]},"rttpg_author":{"display_name":"V\u00fcsal Rafiqo\u011flu","author_link":"https:\/\/arantv.az\/?author=2"},"rttpg_comment":0,"rttpg_category":"<a href=\"https:\/\/arantv.az\/?cat=4\" rel=\"category\">Siyas\u0259t<\/a>","rttpg_excerpt":"G\u00fcrc\u00fcstan Xarici \u0130\u015fl\u0259r Nazirliyinin \u201cTwitter\u201d s\u0259hif\u0259sind\u0259 Az\u0259rbaycana t\u0259brik m\u00fcraci\u0259ti yay\u0131mlan\u0131b. T\u0259brikin m\u0259tni Az\u0259rbaycan dilind\u0259dir. \u201cStrateji t\u0259r\u0259fda\u015f\u0131m\u0131z v\u0259 dostumuz\u00a0Az\u0259rbaycan\u0131 Respublika G\u00fcn\u00fc m\u00fcnasib\u0259til\u0259 s\u0259mimiyy\u0259tl\u0259 t\u0259brik edirik. Qarda\u015f Az\u0259rbaycan xalq\u0131na rifah, \u0259min-amanl\u0131q v\u0259 firavanl\u0131q dil\u0259yirik\u201d, &#8211; t\u0259brikd\u0259 deyilir. Qeyd ed\u0259k ki, bu g\u00fcn Az\u0259rbaycan C\u00fcmhuriyy\u0259tinin yaranmas\u0131ndan 101 il \u00f6t\u00fcr.","_links":{"self":[{"href":"https:\/\/arantv.az\/index.php?rest_route=\/wp\/v2\/posts\/62174"}],"collection":[{"href":"https:\/\/arantv.az\/index.php?rest_route=\/wp\/v2\/posts"}],"about":[{"href":"https:\/\/arantv.az\/index.php?rest_route=\/wp\/v2\/types\/post"}],"author":[{"embeddable":true,"href":"https:\/\/arantv.az\/index.php?rest_route=\/wp\/v2\/users\/2"}],"replies":[{"embeddable":true,"href":"https:\/\/arantv.az\/index.php?rest_route=%2Fwp%2Fv2%2Fcomments&post=62174"}],"version-history":[{"count":0,"href":"https:\/\/arantv.az\/index.php?rest_route=\/wp\/v2\/posts\/62174\/revisions"}],"wp:featuredmedia":[{"embeddable":true,"href":"https:\/\/arantv.az\/index.php?rest_route=\/wp\/v2\/media\/62175"}],"wp:attachment":[{"href":"https:\/\/arantv.az\/index.php?rest_route=%2Fwp%2Fv2%2Fmedia&parent=62174"}],"wp:term":[{"taxonomy":"category","embeddable":true,"href":"https:\/\/arantv.az\/index.php?rest_route=%2Fwp%2Fv2%2Fcategories&post=62174"},{"taxonomy":"post_tag","embeddable":true,"href":"https:\/\/arantv.az\/index.php?rest_route=%2Fwp%2Fv2%2Ftags&post=62174"}],"curies":[{"name":"wp","href":"https:\/\/api.w.org\/{rel}","templated":true}]}}