{"id":62187,"date":"2019-05-28T13:56:30","date_gmt":"2019-05-28T10:56:30","guid":{"rendered":"http:\/\/arantv.az\/?p=62187"},"modified":"2019-05-28T13:56:30","modified_gmt":"2019-05-28T10:56:30","slug":"hikm%c9%99t-haciyev-romada-gorusl%c9%99r-kecirdi","status":"publish","type":"post","link":"https:\/\/arantv.az\/?p=62187","title":{"rendered":"Hikm\u0259t Hac\u0131yev Romada g\u00f6r\u00fc\u015fl\u0259r ke\u00e7irdi"},"content":{"rendered":"<p><strong>Az\u0259rbaycan Respublikas\u0131 Prezidentinin Administrasiyas\u0131n\u0131n Xarici siyas\u0259t m\u0259s\u0259l\u0259l\u0259ri \u015f\u00f6b\u0259sinin m\u00fcdiri Hikm\u0259t Hac\u0131yev may 27-d\u0259 \u0130taliyaya s\u0259f\u0259ri \u00e7\u0259r\u00e7iv\u0259sind\u0259 \u0130taliya Respublikas\u0131n\u0131n Prezidentinin diplomatik m\u00fc\u015faviri s\u0259fir Emanuela D\u2019Alessandro, \u0130taliya Respublikas\u0131n\u0131n Ba\u015f nazirinin diplomatik m\u00fc\u015faviri s\u0259fir Pietro Benassi v\u0259 \u0130taliya Xarici \u0130\u015fl\u0259r v\u0259 Beyn\u0259lxalq \u018fm\u0259kda\u015fl\u0131q Nazirliyinin Siyasi M\u0259s\u0259l\u0259l\u0259r v\u0259 T\u0259hl\u00fck\u0259sizlik Ba\u015f Direktorlu\u011funun r\u0259hb\u0259ri s\u0259fir Sebastiano Kardi il\u0259 g\u00f6r\u00fc\u015fl\u0259r ke\u00e7irib.<\/strong><\/p>\n<p><strong>ARANTV.AZ<\/strong> x\u0259b\u0259r verir ki, g\u00f6r\u00fc\u015fl\u0259rd\u0259 iki \u00f6lk\u0259 aras\u0131nda m\u00fcnasib\u0259tl\u0259rin y\u00fcks\u0259k s\u0259viyy\u0259sind\u0259n m\u0259mnunluq ifad\u0259 olunaraq \u00f6t\u0259n m\u00fcdd\u0259t \u0259rzind\u0259 h\u0259yata ke\u00e7irilmi\u015f qar\u015f\u0131l\u0131ql\u0131 y\u00fcks\u0259k s\u0259viyy\u0259li s\u0259f\u0259rl\u0259rin \u00f6lk\u0259l\u0259rimiz aras\u0131nda strateji t\u0259r\u0259fda\u015fl\u0131\u011f\u0131n daha da m\u00f6hk\u0259ml\u0259nm\u0259sin\u0259, \u0259m\u0259kda\u015fl\u0131\u011f\u0131n b\u00fct\u00fcn istiqam\u0259tl\u0259rd\u0259 geni\u015fl\u0259nm\u0259sin\u0259 t\u00f6hf\u0259 verdiyi v\u0259 qar\u015f\u0131l\u0131ql\u0131 s\u0259f\u0259rl\u0259rin dinamikas\u0131n\u0131n davam etdirilm\u0259sinin \u0259h\u0259miyy\u0259ti vur\u011fulan\u0131b.<\/p>\n<p>Az\u0259rbaycan-\u0130taliya aras\u0131nda b\u00fct\u00fcn sah\u0259l\u0259rd\u0259, o c\u00fcml\u0259d\u0259n iqtisadi sah\u0259d\u0259 s\u0259m\u0259r\u0259li \u0259m\u0259kda\u015fl\u0131\u011f\u0131n m\u00f6vcudlu\u011fundan, \u0130taliyan\u0131n Az\u0259rbaycan\u0131n \u0259n b\u00f6y\u00fck ticar\u0259t t\u0259r\u0259fda\u015f\u0131, \u00f6lk\u0259mizin is\u0259 \u0130taliyan\u0131n \u0259n b\u00f6y\u00fck xam neft t\u0259chizat\u00e7\u0131s\u0131 olmas\u0131ndan s\u00f6z a\u00e7\u0131laraq n\u00f6vb\u0259ti ill\u0259rd\u0259 bu \u0259laq\u0259l\u0259rin daha inki\u015faf etdirilm\u0259si \u0259traf\u0131nda fikir m\u00fcbadil\u0259si apar\u0131l\u0131b.<\/p>\n<p>Habel\u0259 g\u00f6r\u00fc\u015fl\u0259rd\u0259 C\u0259nub Qaz D\u0259hlizinin strateji \u0259h\u0259miyy\u0259ti, bu d\u0259hlizin t\u0259rkib hiss\u0259si olan Trans-Adriatik Boru K\u0259m\u0259rinin tikintisi il\u0259 ba\u011fl\u0131 i\u015fl\u0259rin raz\u0131la\u015fd\u0131r\u0131lm\u0131\u015f qrafik \u00fczr\u0259 vaxt\u0131nda yekunla\u015fd\u0131r\u0131lmas\u0131n\u0131n vacibliyi vur\u011fulanaraq bu boru k\u0259m\u0259rinin istismara verilm\u0259sinin iki \u00f6lk\u0259 aras\u0131nda \u0259m\u0259kda\u015fl\u0131\u011f\u0131n d\u0259rinl\u0259\u015fm\u0259sin\u0259 \u0259lav\u0259 t\u00f6hf\u0259 ver\u0259c\u0259yi qeyd olunub.<\/p>\n<p>&nbsp;<\/p>\n<div class=\"inpage\">\n<div class=\"inpage-wrap\">\n<div class=\"inpage-top\">\n<div class=\"adsg-logo\"><\/div>\n<\/div>\n<\/div>\n<\/div>\n<p>Erm\u0259nistan-Az\u0259rbaycan Da\u011fl\u0131q Qaraba\u011f m\u00fcnaqi\u015f\u0259sin\u0259 toxunan H.Hac\u0131yev m\u00fcnaqi\u015f\u0259nin nizamlanmas\u0131 \u00fczr\u0259 apar\u0131lan dan\u0131\u015f\u0131qlar\u0131n cari v\u0259ziyy\u0259ti bar\u0259d\u0259 m\u0259lumat ver\u0259r\u0259k bu m\u0259s\u0259l\u0259d\u0259 \u00f6lk\u0259mizin prinsipial m\u00f6vqeyini qar\u015f\u0131 t\u0259r\u0259fin diqq\u0259tin\u0259 \u00e7at\u0131r\u0131b.<\/p>\n<p>G\u00f6r\u00fc\u015fl\u0259rd\u0259 habel\u0259 regional m\u0259s\u0259l\u0259l\u0259r, Az\u0259rbaycan-Avropa \u0130ttifaq\u0131 \u0259m\u0259kda\u015fl\u0131\u011f\u0131, bu x\u00fcsusda \u0130taliyan\u0131n t\u00f6hf\u0259l\u0259ri, \u00f6lk\u0259mizin transmilli n\u0259qliyyat d\u0259hlizl\u0259rinin inki\u015faf\u0131nda rolu, Az\u0259rbaycan v\u0259 \u0130taliya aras\u0131nda humanitar sah\u0259d\u0259 \u0259m\u0259kda\u015fl\u0131q v\u0259 qar\u015f\u0131l\u0131ql\u0131 maraq k\u0259sb ed\u0259n dig\u0259r m\u00f6vzular \u0259traf\u0131nda da fikir m\u00fcbadil\u0259si apar\u0131l\u0131b.axar.az<\/p>\n<p>&nbsp;<\/p>\n","protected":false},"excerpt":{"rendered":"<p>Az\u0259rbaycan Respublikas\u0131 Prezidentinin Administrasiyas\u0131n\u0131n Xarici siyas\u0259t m\u0259s\u0259l\u0259l\u0259ri \u015f\u00f6b\u0259sinin m\u00fcdiri Hikm\u0259t Hac\u0131yev may 27-d\u0259 \u0130taliyaya s\u0259f\u0259ri \u00e7\u0259r\u00e7iv\u0259sind\u0259 \u0130taliya Respublikas\u0131n\u0131n Prezidentinin diplomatik m\u00fc\u015faviri s\u0259fir Emanuela D\u2019Alessandro, \u0130taliya Respublikas\u0131n\u0131n Ba\u015f nazirinin diplomatik m\u00fc\u015faviri s\u0259fir Pietro Benassi v\u0259 \u0130taliya Xarici \u0130\u015fl\u0259r v\u0259 Beyn\u0259lxalq \u018fm\u0259kda\u015fl\u0131q Nazirliyinin Siyasi M\u0259s\u0259l\u0259l\u0259r v\u0259 T\u0259hl\u00fck\u0259sizlik Ba\u015f Direktorlu\u011funun r\u0259hb\u0259ri s\u0259fir Sebastiano Kardi il\u0259 g\u00f6r\u00fc\u015fl\u0259r ke\u00e7irib. ARANTV.AZ x\u0259b\u0259r verir ki, g\u00f6r\u00fc\u015fl\u0259rd\u0259 iki \u00f6lk\u0259 aras\u0131nda m\u00fcnasib\u0259tl\u0259rin y\u00fcks\u0259k s\u0259viyy\u0259sind\u0259n m\u0259mnunluq ifad\u0259 olunaraq \u00f6t\u0259n m\u00fcdd\u0259t \u0259rzind\u0259 h\u0259yata ke\u00e7irilmi\u015f qar\u015f\u0131l\u0131ql\u0131 y\u00fcks\u0259k s\u0259viyy\u0259li s\u0259f\u0259rl\u0259rin \u00f6lk\u0259l\u0259rimiz aras\u0131nda strateji t\u0259r\u0259fda\u015fl\u0131\u011f\u0131n daha da m\u00f6hk\u0259ml\u0259nm\u0259sin\u0259, \u0259m\u0259kda\u015fl\u0131\u011f\u0131n b\u00fct\u00fcn istiqam\u0259tl\u0259rd\u0259 geni\u015fl\u0259nm\u0259sin\u0259 t\u00f6hf\u0259 verdiyi&hellip;<\/p>\n","protected":false},"author":2,"featured_media":62188,"comment_status":"closed","ping_status":"closed","sticky":false,"template":"","format":"standard","meta":{"om_disable_all_campaigns":false,"_monsterinsights_skip_tracking":false,"_monsterinsights_sitenote_active":false,"_monsterinsights_sitenote_note":"","_monsterinsights_sitenote_category":0},"categories":[4],"tags":[],"aioseo_notices":[],"gutentor_comment":0,"rttpg_featured_image_url":{"full":["https:\/\/arantv.az\/wp-content\/uploads\/2019\/05\/haciyev_tedbir_280519_03.jpg",800,450,false],"landscape":["https:\/\/arantv.az\/wp-content\/uploads\/2019\/05\/haciyev_tedbir_280519_03.jpg",800,450,false],"portraits":["https:\/\/arantv.az\/wp-content\/uploads\/2019\/05\/haciyev_tedbir_280519_03.jpg",800,450,false],"thumbnail":["https:\/\/arantv.az\/wp-content\/uploads\/2019\/05\/haciyev_tedbir_280519_03-150x150.jpg",150,150,true],"medium":["https:\/\/arantv.az\/wp-content\/uploads\/2019\/05\/haciyev_tedbir_280519_03-300x169.jpg",300,169,true],"large":["https:\/\/arantv.az\/wp-content\/uploads\/2019\/05\/haciyev_tedbir_280519_03.jpg",640,360,false],"1536x1536":["https:\/\/arantv.az\/wp-content\/uploads\/2019\/05\/haciyev_tedbir_280519_03.jpg",800,450,false],"2048x2048":["https:\/\/arantv.az\/wp-content\/uploads\/2019\/05\/haciyev_tedbir_280519_03.jpg",800,450,false],"post-thumbnail":["https:\/\/arantv.az\/wp-content\/uploads\/2019\/05\/haciyev_tedbir_280519_03-240x172.jpg",240,172,true],"advps-thumb-one":["https:\/\/arantv.az\/wp-content\/uploads\/2019\/05\/haciyev_tedbir_280519_03.jpg",800,450,false]},"rttpg_author":{"display_name":"V\u00fcsal Rafiqo\u011flu","author_link":"https:\/\/arantv.az\/?author=2"},"rttpg_comment":0,"rttpg_category":"<a href=\"https:\/\/arantv.az\/?cat=4\" rel=\"category\">Siyas\u0259t<\/a>","rttpg_excerpt":"Az\u0259rbaycan Respublikas\u0131 Prezidentinin Administrasiyas\u0131n\u0131n Xarici siyas\u0259t m\u0259s\u0259l\u0259l\u0259ri \u015f\u00f6b\u0259sinin m\u00fcdiri Hikm\u0259t Hac\u0131yev may 27-d\u0259 \u0130taliyaya s\u0259f\u0259ri \u00e7\u0259r\u00e7iv\u0259sind\u0259 \u0130taliya Respublikas\u0131n\u0131n Prezidentinin diplomatik m\u00fc\u015faviri s\u0259fir Emanuela D\u2019Alessandro, \u0130taliya Respublikas\u0131n\u0131n Ba\u015f nazirinin diplomatik m\u00fc\u015faviri s\u0259fir Pietro Benassi v\u0259 \u0130taliya Xarici \u0130\u015fl\u0259r v\u0259 Beyn\u0259lxalq \u018fm\u0259kda\u015fl\u0131q Nazirliyinin Siyasi M\u0259s\u0259l\u0259l\u0259r v\u0259 T\u0259hl\u00fck\u0259sizlik Ba\u015f Direktorlu\u011funun r\u0259hb\u0259ri s\u0259fir Sebastiano Kardi il\u0259 g\u00f6r\u00fc\u015fl\u0259r ke\u00e7irib. ARANTV.AZ&hellip;","_links":{"self":[{"href":"https:\/\/arantv.az\/index.php?rest_route=\/wp\/v2\/posts\/62187"}],"collection":[{"href":"https:\/\/arantv.az\/index.php?rest_route=\/wp\/v2\/posts"}],"about":[{"href":"https:\/\/arantv.az\/index.php?rest_route=\/wp\/v2\/types\/post"}],"author":[{"embeddable":true,"href":"https:\/\/arantv.az\/index.php?rest_route=\/wp\/v2\/users\/2"}],"replies":[{"embeddable":true,"href":"https:\/\/arantv.az\/index.php?rest_route=%2Fwp%2Fv2%2Fcomments&post=62187"}],"version-history":[{"count":0,"href":"https:\/\/arantv.az\/index.php?rest_route=\/wp\/v2\/posts\/62187\/revisions"}],"wp:featuredmedia":[{"embeddable":true,"href":"https:\/\/arantv.az\/index.php?rest_route=\/wp\/v2\/media\/62188"}],"wp:attachment":[{"href":"https:\/\/arantv.az\/index.php?rest_route=%2Fwp%2Fv2%2Fmedia&parent=62187"}],"wp:term":[{"taxonomy":"category","embeddable":true,"href":"https:\/\/arantv.az\/index.php?rest_route=%2Fwp%2Fv2%2Fcategories&post=62187"},{"taxonomy":"post_tag","embeddable":true,"href":"https:\/\/arantv.az\/index.php?rest_route=%2Fwp%2Fv2%2Ftags&post=62187"}],"curies":[{"name":"wp","href":"https:\/\/api.w.org\/{rel}","templated":true}]}}