{"id":62196,"date":"2019-05-28T14:07:03","date_gmt":"2019-05-28T11:07:03","guid":{"rendered":"http:\/\/arantv.az\/?p=62196"},"modified":"2019-05-28T14:07:03","modified_gmt":"2019-05-28T11:07:03","slug":"s%c9%99rxos-kisid%c9%99n-gec%c9%99yarisi-h%c9%99myerlisin%c9%99-qarsi-d%c9%99hs%c9%99tli-%c9%99m%c9%99l-t%c9%99f%c9%99rruat","status":"publish","type":"post","link":"https:\/\/arantv.az\/?p=62196","title":{"rendered":"S\u0259rxo\u015f ki\u015fid\u0259n gec\u0259yar\u0131s\u0131 h\u0259myerlisin\u0259 qar\u015f\u0131 d\u0259h\u015f\u0259tli \u0259m\u0259l \u2013 T\u0259f\u0259rr\u00fcat"},"content":{"rendered":"<p>Qubada q\u0259sd\u0259n yan\u011f\u0131n t\u00f6r\u0259tm\u0259kd\u0259 t\u0259qsirli bilin\u0259n rayonun Z\u0259rdabi q\u0259s\u0259b\u0259 sakini, 55 ya\u015fl\u0131 F\u0259rahim A\u011famirz\u0259yevin cinay\u0259t i\u015fi \u00fczr\u0259 ibtidai istintaq ba\u015fa \u00e7at\u0131b.<\/p>\n<p><b>ARANTV.AZ\u00a0<\/b>teleqraf.com-a istinad\u0259n x\u0259b\u0259r verir ki, F\u0259rahim A\u011famirz\u0259yevin cinay\u0259t i\u015fi bax\u0131lmas\u0131 \u00fc\u00e7\u00fcn Quba rayon M\u0259hk\u0259m\u0259sin\u0259 g\u00f6nd\u0259rilib.<\/p>\n<p>Cinay\u0259t i\u015fi ara\u015fd\u0131r\u0131lmas\u0131 \u00fc\u00e7\u00fcn hakim X\u0259qani Ta\u011f\u0131yevin icraat\u0131na verilib.<\/p>\n<p>M\u0259hk\u0259m\u0259nin haz\u0131rl\u0131q iclas\u0131 iyunun 3-n\u0259 t\u0259yin olunub.<\/p>\n<p>\u0130ttihama g\u00f6r\u0259, \u00f6t\u0259n il dekabr\u0131n 8-d\u0259, gec\u0259 saatlar\u0131nda Quba rayon polis \u015f\u00f6b\u0259sin\u0259 rayonun Qorxmazoba k\u0259nd sakini \u015eahbaz \u018fliverdiyev\u0259 m\u0259xsus t\u00f6vl\u0259d\u0259 yan\u011f\u0131n ba\u015f verm\u0259si bar\u0259d\u0259 m\u0259lumat daxil olub.<\/p>\n<p>Ke\u00e7iril\u0259n t\u0259dbirl\u0259rl\u0259 hadis\u0259nin q\u0259sd\u0259n t\u00f6r\u0259dildiyi ayd\u0131nla\u015f\u0131b.<\/p>\n<p>Polis \u0259m\u0259kda\u015flar\u0131 t\u0259r\u0259find\u0259n ke\u00e7iril\u0259n \u0259m\u0259liyyat-axtar\u0131\u015f t\u0259dbirl\u0259ri n\u0259tic\u0259sind\u0259 saxlan\u0131lan F\u0259rahim A\u011famirz\u0259yev dindirilm\u0259 zaman\u0131 t\u00f6r\u0259tdiyi cinay\u0259t \u0259m\u0259lini etiraf edib.<\/p>\n<p>F\u0259rahim A\u011famirz\u0259yev z\u0259r\u0259r\u00e7\u0259kmi\u015f \u015eahbaz \u018fliverdiyevl\u0259 aralar\u0131nda ill\u0259rdir \u0259dav\u0259t oldu\u011funu bildirib.<\/p>\n<p>H\u0259min gec\u0259 i\u00e7kili v\u0259ziyy\u0259td\u0259 olan F\u0259rahim A\u011famirz\u0259yev gizlic\u0259 t\u00f6vl\u0259y\u0259 daxil olaraq yan\u011f\u0131n t\u00f6r\u0259dib.<\/p>\n<p>\u0130stintaq orqan\u0131 t\u0259r\u0259find\u0259n F\u0259rahim A\u011famirz\u0259yevin bar\u0259sind\u0259 Cinay\u0259t M\u0259c\u0259ll\u0259sinin 186.2.2-ci (yand\u0131rmaqla, partlatmaqla v\u0259 ya ba\u015fqa \u00fcmumi t\u0259hl\u00fck\u0259li \u00fcsulla t\u00f6r\u0259dildikd\u0259 v\u0259 ya a\u011f\u0131r n\u0259tic\u0259l\u0259r\u0259 s\u0259b\u0259b olmaqla \u0259mlak\u0131 q\u0259sd\u0259n m\u0259hv etm\u0259 v\u0259 ya z\u0259d\u0259l\u0259m\u0259) madd\u0259si il\u0259 ittiham elan edilib.<\/p>\n","protected":false},"excerpt":{"rendered":"<p>Qubada q\u0259sd\u0259n yan\u011f\u0131n t\u00f6r\u0259tm\u0259kd\u0259 t\u0259qsirli bilin\u0259n rayonun Z\u0259rdabi q\u0259s\u0259b\u0259 sakini, 55 ya\u015fl\u0131 F\u0259rahim A\u011famirz\u0259yevin cinay\u0259t i\u015fi \u00fczr\u0259 ibtidai istintaq ba\u015fa \u00e7at\u0131b. ARANTV.AZ\u00a0teleqraf.com-a istinad\u0259n x\u0259b\u0259r verir ki, F\u0259rahim A\u011famirz\u0259yevin cinay\u0259t i\u015fi bax\u0131lmas\u0131 \u00fc\u00e7\u00fcn Quba rayon M\u0259hk\u0259m\u0259sin\u0259 g\u00f6nd\u0259rilib. Cinay\u0259t i\u015fi ara\u015fd\u0131r\u0131lmas\u0131 \u00fc\u00e7\u00fcn hakim X\u0259qani Ta\u011f\u0131yevin icraat\u0131na verilib. M\u0259hk\u0259m\u0259nin haz\u0131rl\u0131q iclas\u0131 iyunun 3-n\u0259 t\u0259yin olunub. \u0130ttihama g\u00f6r\u0259, \u00f6t\u0259n il dekabr\u0131n 8-d\u0259, gec\u0259 saatlar\u0131nda Quba rayon polis \u015f\u00f6b\u0259sin\u0259 rayonun Qorxmazoba k\u0259nd sakini \u015eahbaz \u018fliverdiyev\u0259 m\u0259xsus t\u00f6vl\u0259d\u0259 yan\u011f\u0131n ba\u015f verm\u0259si bar\u0259d\u0259 m\u0259lumat daxil olub. Ke\u00e7iril\u0259n t\u0259dbirl\u0259rl\u0259 hadis\u0259nin q\u0259sd\u0259n t\u00f6r\u0259dildiyi ayd\u0131nla\u015f\u0131b. Polis \u0259m\u0259kda\u015flar\u0131 t\u0259r\u0259find\u0259n ke\u00e7iril\u0259n \u0259m\u0259liyyat-axtar\u0131\u015f&hellip;<\/p>\n","protected":false},"author":2,"featured_media":62197,"comment_status":"closed","ping_status":"closed","sticky":false,"template":"","format":"standard","meta":{"om_disable_all_campaigns":false,"_monsterinsights_skip_tracking":false,"_monsterinsights_sitenote_active":false,"_monsterinsights_sitenote_note":"","_monsterinsights_sitenote_category":0},"categories":[5],"tags":[],"aioseo_notices":[],"gutentor_comment":0,"rttpg_featured_image_url":{"full":["https:\/\/arantv.az\/wp-content\/uploads\/2019\/05\/hebs_edilen_101218.jpg",549,412,false],"landscape":["https:\/\/arantv.az\/wp-content\/uploads\/2019\/05\/hebs_edilen_101218.jpg",549,412,false],"portraits":["https:\/\/arantv.az\/wp-content\/uploads\/2019\/05\/hebs_edilen_101218.jpg",549,412,false],"thumbnail":["https:\/\/arantv.az\/wp-content\/uploads\/2019\/05\/hebs_edilen_101218-150x150.jpg",150,150,true],"medium":["https:\/\/arantv.az\/wp-content\/uploads\/2019\/05\/hebs_edilen_101218-300x225.jpg",300,225,true],"large":["https:\/\/arantv.az\/wp-content\/uploads\/2019\/05\/hebs_edilen_101218.jpg",549,412,false],"1536x1536":["https:\/\/arantv.az\/wp-content\/uploads\/2019\/05\/hebs_edilen_101218.jpg",549,412,false],"2048x2048":["https:\/\/arantv.az\/wp-content\/uploads\/2019\/05\/hebs_edilen_101218.jpg",549,412,false],"post-thumbnail":["https:\/\/arantv.az\/wp-content\/uploads\/2019\/05\/hebs_edilen_101218-240x172.jpg",240,172,true],"advps-thumb-one":["https:\/\/arantv.az\/wp-content\/uploads\/2019\/05\/hebs_edilen_101218.jpg",549,412,false]},"rttpg_author":{"display_name":"V\u00fcsal Rafiqo\u011flu","author_link":"https:\/\/arantv.az\/?author=2"},"rttpg_comment":0,"rttpg_category":"<a href=\"https:\/\/arantv.az\/?cat=5\" rel=\"category\">Hadis\u0259<\/a>","rttpg_excerpt":"Qubada q\u0259sd\u0259n yan\u011f\u0131n t\u00f6r\u0259tm\u0259kd\u0259 t\u0259qsirli bilin\u0259n rayonun Z\u0259rdabi q\u0259s\u0259b\u0259 sakini, 55 ya\u015fl\u0131 F\u0259rahim A\u011famirz\u0259yevin cinay\u0259t i\u015fi \u00fczr\u0259 ibtidai istintaq ba\u015fa \u00e7at\u0131b. ARANTV.AZ\u00a0teleqraf.com-a istinad\u0259n x\u0259b\u0259r verir ki, F\u0259rahim A\u011famirz\u0259yevin cinay\u0259t i\u015fi bax\u0131lmas\u0131 \u00fc\u00e7\u00fcn Quba rayon M\u0259hk\u0259m\u0259sin\u0259 g\u00f6nd\u0259rilib. Cinay\u0259t i\u015fi ara\u015fd\u0131r\u0131lmas\u0131 \u00fc\u00e7\u00fcn hakim X\u0259qani Ta\u011f\u0131yevin icraat\u0131na verilib. M\u0259hk\u0259m\u0259nin haz\u0131rl\u0131q iclas\u0131 iyunun 3-n\u0259 t\u0259yin olunub. \u0130ttihama g\u00f6r\u0259, \u00f6t\u0259n&hellip;","_links":{"self":[{"href":"https:\/\/arantv.az\/index.php?rest_route=\/wp\/v2\/posts\/62196"}],"collection":[{"href":"https:\/\/arantv.az\/index.php?rest_route=\/wp\/v2\/posts"}],"about":[{"href":"https:\/\/arantv.az\/index.php?rest_route=\/wp\/v2\/types\/post"}],"author":[{"embeddable":true,"href":"https:\/\/arantv.az\/index.php?rest_route=\/wp\/v2\/users\/2"}],"replies":[{"embeddable":true,"href":"https:\/\/arantv.az\/index.php?rest_route=%2Fwp%2Fv2%2Fcomments&post=62196"}],"version-history":[{"count":0,"href":"https:\/\/arantv.az\/index.php?rest_route=\/wp\/v2\/posts\/62196\/revisions"}],"wp:featuredmedia":[{"embeddable":true,"href":"https:\/\/arantv.az\/index.php?rest_route=\/wp\/v2\/media\/62197"}],"wp:attachment":[{"href":"https:\/\/arantv.az\/index.php?rest_route=%2Fwp%2Fv2%2Fmedia&parent=62196"}],"wp:term":[{"taxonomy":"category","embeddable":true,"href":"https:\/\/arantv.az\/index.php?rest_route=%2Fwp%2Fv2%2Fcategories&post=62196"},{"taxonomy":"post_tag","embeddable":true,"href":"https:\/\/arantv.az\/index.php?rest_route=%2Fwp%2Fv2%2Ftags&post=62196"}],"curies":[{"name":"wp","href":"https:\/\/api.w.org\/{rel}","templated":true}]}}