{"id":62205,"date":"2019-05-28T14:54:58","date_gmt":"2019-05-28T11:54:58","guid":{"rendered":"http:\/\/arantv.az\/?p=62205"},"modified":"2019-05-28T14:54:58","modified_gmt":"2019-05-28T11:54:58","slug":"turk-komandoslar-iraqa-girdi-%c9%99m%c9%99liyyat-basladi","status":"publish","type":"post","link":"https:\/\/arantv.az\/?p=62205","title":{"rendered":"T\u00fcrk komandoslar \u0130raqa girdi &#8211; \u018fm\u0259liyyat ba\u015flad\u0131"},"content":{"rendered":"<p><strong>T\u00fcrkiy\u0259 Silahl\u0131 Q\u00fcvv\u0259l\u0259ri \u0130raq\u0131n \u015fimal\u0131 istiqam\u0259tind\u0259 &#8220;P\u0259nc\u0259&#8221; \u0259m\u0259liyyat\u0131na ba\u015flay\u0131b.<\/strong><\/p>\n<p><strong>ARANTV.AZ<\/strong> Axar.az-a istinad\u0259n x\u0259b\u0259r verir ki, bu bar\u0259d\u0259 T\u00fcrkiy\u0259nin M\u00fcdafi\u0259 Nazirliyi informasiya yay\u0131b.<\/p>\n<p>M\u0259lumata g\u00f6r\u0259, \u0259m\u0259liyyat \u00f6t\u0259n g\u00fcn g\u00fcnorta saatlar\u0131nda &#8220;F\u0131rt\u0131na&#8221; haubitsalar\u0131n\u0131n z\u0259rb\u0259l\u0259ri il\u0259 ba\u015flay\u0131b. Ax\u015fam 20:00 rad\u0259l\u0259rind\u0259 t\u00fcrk komandos d\u0259st\u0259l\u0259ri \u015eimali \u0130raqa daxil olub. ATAK helikopterl\u0259ri vasit\u0259sil\u0259 d\u0259 \u0259razid\u0259ki terror\u00e7u qruplara m\u0259xsus s\u0131\u011f\u0131nacaq, d\u00f6y\u00fc\u015f m\u00f6vqeyi v\u0259 anbarlara z\u0259rb\u0259l\u0259r endirilib. H\u0259d\u0259f kimi Hakurk b\u00f6lg\u0259si se\u00e7ilib.<\/p>\n<p>\u018fm\u0259liyyat \u015f\u0259xs\u0259n M\u00fcdafi\u0259 naziri Hulusi Akar v\u0259 Ba\u015f Q\u0259rargah r\u0259isi Ya\u015far G\u00fcl\u0259r t\u0259r\u0259find\u0259n idar\u0259 edilib.<\/p>\n","protected":false},"excerpt":{"rendered":"<p>T\u00fcrkiy\u0259 Silahl\u0131 Q\u00fcvv\u0259l\u0259ri \u0130raq\u0131n \u015fimal\u0131 istiqam\u0259tind\u0259 &#8220;P\u0259nc\u0259&#8221; \u0259m\u0259liyyat\u0131na ba\u015flay\u0131b. ARANTV.AZ Axar.az-a istinad\u0259n x\u0259b\u0259r verir ki, bu bar\u0259d\u0259 T\u00fcrkiy\u0259nin M\u00fcdafi\u0259 Nazirliyi informasiya yay\u0131b. M\u0259lumata g\u00f6r\u0259, \u0259m\u0259liyyat \u00f6t\u0259n g\u00fcn g\u00fcnorta saatlar\u0131nda &#8220;F\u0131rt\u0131na&#8221; haubitsalar\u0131n\u0131n z\u0259rb\u0259l\u0259ri il\u0259 ba\u015flay\u0131b. Ax\u015fam 20:00 rad\u0259l\u0259rind\u0259 t\u00fcrk komandos d\u0259st\u0259l\u0259ri \u015eimali \u0130raqa daxil olub. ATAK helikopterl\u0259ri vasit\u0259sil\u0259 d\u0259 \u0259razid\u0259ki terror\u00e7u qruplara m\u0259xsus s\u0131\u011f\u0131nacaq, d\u00f6y\u00fc\u015f m\u00f6vqeyi v\u0259 anbarlara z\u0259rb\u0259l\u0259r endirilib. H\u0259d\u0259f kimi Hakurk b\u00f6lg\u0259si se\u00e7ilib. \u018fm\u0259liyyat \u015f\u0259xs\u0259n M\u00fcdafi\u0259 naziri Hulusi Akar v\u0259 Ba\u015f Q\u0259rargah r\u0259isi Ya\u015far G\u00fcl\u0259r t\u0259r\u0259find\u0259n idar\u0259 edilib.<\/p>\n","protected":false},"author":2,"featured_media":62206,"comment_status":"closed","ping_status":"closed","sticky":false,"template":"","format":"standard","meta":{"om_disable_all_campaigns":false,"_monsterinsights_skip_tracking":false,"_monsterinsights_sitenote_active":false,"_monsterinsights_sitenote_note":"","_monsterinsights_sitenote_category":0},"categories":[7],"tags":[],"aioseo_notices":[],"gutentor_comment":0,"rttpg_featured_image_url":{"full":["https:\/\/arantv.az\/wp-content\/uploads\/2019\/05\/758600.jpg",800,600,false],"landscape":["https:\/\/arantv.az\/wp-content\/uploads\/2019\/05\/758600.jpg",800,600,false],"portraits":["https:\/\/arantv.az\/wp-content\/uploads\/2019\/05\/758600.jpg",800,600,false],"thumbnail":["https:\/\/arantv.az\/wp-content\/uploads\/2019\/05\/758600-150x150.jpg",150,150,true],"medium":["https:\/\/arantv.az\/wp-content\/uploads\/2019\/05\/758600-300x225.jpg",300,225,true],"large":["https:\/\/arantv.az\/wp-content\/uploads\/2019\/05\/758600.jpg",640,480,false],"1536x1536":["https:\/\/arantv.az\/wp-content\/uploads\/2019\/05\/758600.jpg",800,600,false],"2048x2048":["https:\/\/arantv.az\/wp-content\/uploads\/2019\/05\/758600.jpg",800,600,false],"post-thumbnail":["https:\/\/arantv.az\/wp-content\/uploads\/2019\/05\/758600-240x172.jpg",240,172,true],"advps-thumb-one":["https:\/\/arantv.az\/wp-content\/uploads\/2019\/05\/758600.jpg",800,600,false]},"rttpg_author":{"display_name":"V\u00fcsal Rafiqo\u011flu","author_link":"https:\/\/arantv.az\/?author=2"},"rttpg_comment":0,"rttpg_category":"<a href=\"https:\/\/arantv.az\/?cat=7\" rel=\"category\">D\u00fcnya<\/a>","rttpg_excerpt":"T\u00fcrkiy\u0259 Silahl\u0131 Q\u00fcvv\u0259l\u0259ri \u0130raq\u0131n \u015fimal\u0131 istiqam\u0259tind\u0259 &#8220;P\u0259nc\u0259&#8221; \u0259m\u0259liyyat\u0131na ba\u015flay\u0131b. ARANTV.AZ Axar.az-a istinad\u0259n x\u0259b\u0259r verir ki, bu bar\u0259d\u0259 T\u00fcrkiy\u0259nin M\u00fcdafi\u0259 Nazirliyi informasiya yay\u0131b. M\u0259lumata g\u00f6r\u0259, \u0259m\u0259liyyat \u00f6t\u0259n g\u00fcn g\u00fcnorta saatlar\u0131nda &#8220;F\u0131rt\u0131na&#8221; haubitsalar\u0131n\u0131n z\u0259rb\u0259l\u0259ri il\u0259 ba\u015flay\u0131b. Ax\u015fam 20:00 rad\u0259l\u0259rind\u0259 t\u00fcrk komandos d\u0259st\u0259l\u0259ri \u015eimali \u0130raqa daxil olub. ATAK helikopterl\u0259ri vasit\u0259sil\u0259 d\u0259 \u0259razid\u0259ki terror\u00e7u qruplara m\u0259xsus s\u0131\u011f\u0131nacaq, d\u00f6y\u00fc\u015f m\u00f6vqeyi&hellip;","_links":{"self":[{"href":"https:\/\/arantv.az\/index.php?rest_route=\/wp\/v2\/posts\/62205"}],"collection":[{"href":"https:\/\/arantv.az\/index.php?rest_route=\/wp\/v2\/posts"}],"about":[{"href":"https:\/\/arantv.az\/index.php?rest_route=\/wp\/v2\/types\/post"}],"author":[{"embeddable":true,"href":"https:\/\/arantv.az\/index.php?rest_route=\/wp\/v2\/users\/2"}],"replies":[{"embeddable":true,"href":"https:\/\/arantv.az\/index.php?rest_route=%2Fwp%2Fv2%2Fcomments&post=62205"}],"version-history":[{"count":0,"href":"https:\/\/arantv.az\/index.php?rest_route=\/wp\/v2\/posts\/62205\/revisions"}],"wp:featuredmedia":[{"embeddable":true,"href":"https:\/\/arantv.az\/index.php?rest_route=\/wp\/v2\/media\/62206"}],"wp:attachment":[{"href":"https:\/\/arantv.az\/index.php?rest_route=%2Fwp%2Fv2%2Fmedia&parent=62205"}],"wp:term":[{"taxonomy":"category","embeddable":true,"href":"https:\/\/arantv.az\/index.php?rest_route=%2Fwp%2Fv2%2Fcategories&post=62205"},{"taxonomy":"post_tag","embeddable":true,"href":"https:\/\/arantv.az\/index.php?rest_route=%2Fwp%2Fv2%2Ftags&post=62205"}],"curies":[{"name":"wp","href":"https:\/\/api.w.org\/{rel}","templated":true}]}}