{"id":62239,"date":"2019-05-28T16:04:16","date_gmt":"2019-05-28T13:04:16","guid":{"rendered":"http:\/\/arantv.az\/?p=62239"},"modified":"2019-05-28T16:04:16","modified_gmt":"2019-05-28T13:04:16","slug":"g%c9%99d%c9%99b%c9%99yd%c9%99-guclu-leysan-elektrik-t%c9%99s%c9%99rrufatina-ciddi-ziyan-vurub-az%c9%99risiqdan-aciqlama","status":"publish","type":"post","link":"https:\/\/arantv.az\/?p=62239","title":{"rendered":"G\u0259d\u0259b\u0259yd\u0259 g\u00fccl\u00fc leysan elektrik t\u0259s\u0259rr\u00fcfat\u0131na ciddi ziyan vurub &#8211; &#8220;Az\u0259ri\u015f\u0131q\u201ddan A\u00c7IQLAMA"},"content":{"rendered":"<p><strong>G\u0259d\u0259b\u0259yd\u0259 g\u00fccl\u00fc leysan elektrik t\u0259s\u0259rr\u00fcfat\u0131na ciddi ziyan vurub.<\/strong><\/p>\n<p><strong>ARANTV.AZ\u00a0<\/strong> bildirir ki, bunu\u00a0<a href=\"http:\/\/az.trend.az\/\" target=\"_blank\" rel=\"noopener\">Trend<\/a>-\u0259\u00a0&#8220;Az\u0259ri\u015f\u0131q&#8221; ASC-nin m\u0259tbuat xidm\u0259tinin r\u0259hb\u0259ri Tanr\u0131verdi Mustafayev deyib.<\/p>\n<p>Onun s\u00f6zl\u0259rin\u0259 g\u00f6r\u0259, leysan ya\u011f\u0131\u015flar\u0131 qurumun \u0259m\u0259kda\u015flar\u0131n\u0131n f\u0259aliyy\u0259tin\u0259 mane\u0259 yarad\u0131b:<\/p>\n<p>&#8220;G\u00fccl\u00fc ya\u011f\u0131\u015f-leysanla \u0259laq\u0259dar 35 kVt-luq Slavyanka yar\u0131mstansiyas\u0131ndan 10 kVt-luq Slavyanka hava x\u0259tti a\u00e7\u0131l\u0131b. Bundan \u0259lav\u0259 x\u0259ttin daya\u011f\u0131 \u0259yilib. Haz\u0131rda \u0259m\u0259kda\u015flar\u0131m\u0131z ba\u015f ver\u0259n q\u0259zan\u0131n n\u0259tic\u0259l\u0259rini aradan qald\u0131rma\u011fa \u00e7al\u0131\u015f\u0131r. Amma m\u00f6vcud \u0259lveri\u015fsiz hava \u015f\u0259raiti t\u0259mir-b\u0259rpa i\u015fl\u0259rin\u0259 mane olur&#8221;.<\/p>\n","protected":false},"excerpt":{"rendered":"<p>G\u0259d\u0259b\u0259yd\u0259 g\u00fccl\u00fc leysan elektrik t\u0259s\u0259rr\u00fcfat\u0131na ciddi ziyan vurub. ARANTV.AZ\u00a0 bildirir ki, bunu\u00a0Trend-\u0259\u00a0&#8220;Az\u0259ri\u015f\u0131q&#8221; ASC-nin m\u0259tbuat xidm\u0259tinin r\u0259hb\u0259ri Tanr\u0131verdi Mustafayev deyib. Onun s\u00f6zl\u0259rin\u0259 g\u00f6r\u0259, leysan ya\u011f\u0131\u015flar\u0131 qurumun \u0259m\u0259kda\u015flar\u0131n\u0131n f\u0259aliyy\u0259tin\u0259 mane\u0259 yarad\u0131b: &#8220;G\u00fccl\u00fc ya\u011f\u0131\u015f-leysanla \u0259laq\u0259dar 35 kVt-luq Slavyanka yar\u0131mstansiyas\u0131ndan 10 kVt-luq Slavyanka hava x\u0259tti a\u00e7\u0131l\u0131b. Bundan \u0259lav\u0259 x\u0259ttin daya\u011f\u0131 \u0259yilib. Haz\u0131rda \u0259m\u0259kda\u015flar\u0131m\u0131z ba\u015f ver\u0259n q\u0259zan\u0131n n\u0259tic\u0259l\u0259rini aradan qald\u0131rma\u011fa \u00e7al\u0131\u015f\u0131r. Amma m\u00f6vcud \u0259lveri\u015fsiz hava \u015f\u0259raiti t\u0259mir-b\u0259rpa i\u015fl\u0259rin\u0259 mane olur&#8221;.<\/p>\n","protected":false},"author":2,"featured_media":62240,"comment_status":"closed","ping_status":"closed","sticky":false,"template":"","format":"standard","meta":{"om_disable_all_campaigns":false,"_monsterinsights_skip_tracking":false,"_monsterinsights_sitenote_active":false,"_monsterinsights_sitenote_note":"","_monsterinsights_sitenote_category":0},"categories":[1],"tags":[],"aioseo_notices":[],"gutentor_comment":0,"rttpg_featured_image_url":{"full":["https:\/\/arantv.az\/wp-content\/uploads\/2019\/05\/758635.jpg",410,307,false],"landscape":["https:\/\/arantv.az\/wp-content\/uploads\/2019\/05\/758635.jpg",410,307,false],"portraits":["https:\/\/arantv.az\/wp-content\/uploads\/2019\/05\/758635.jpg",410,307,false],"thumbnail":["https:\/\/arantv.az\/wp-content\/uploads\/2019\/05\/758635-150x150.jpg",150,150,true],"medium":["https:\/\/arantv.az\/wp-content\/uploads\/2019\/05\/758635-300x225.jpg",300,225,true],"large":["https:\/\/arantv.az\/wp-content\/uploads\/2019\/05\/758635.jpg",410,307,false],"1536x1536":["https:\/\/arantv.az\/wp-content\/uploads\/2019\/05\/758635.jpg",410,307,false],"2048x2048":["https:\/\/arantv.az\/wp-content\/uploads\/2019\/05\/758635.jpg",410,307,false],"post-thumbnail":["https:\/\/arantv.az\/wp-content\/uploads\/2019\/05\/758635-240x172.jpg",240,172,true],"advps-thumb-one":["https:\/\/arantv.az\/wp-content\/uploads\/2019\/05\/758635.jpg",410,307,false]},"rttpg_author":{"display_name":"V\u00fcsal Rafiqo\u011flu","author_link":"https:\/\/arantv.az\/?author=2"},"rttpg_comment":0,"rttpg_category":"<a href=\"https:\/\/arantv.az\/?cat=1\" rel=\"category\">C\u0259miyy\u0259t<\/a>","rttpg_excerpt":"G\u0259d\u0259b\u0259yd\u0259 g\u00fccl\u00fc leysan elektrik t\u0259s\u0259rr\u00fcfat\u0131na ciddi ziyan vurub. ARANTV.AZ\u00a0 bildirir ki, bunu\u00a0Trend-\u0259\u00a0&#8220;Az\u0259ri\u015f\u0131q&#8221; ASC-nin m\u0259tbuat xidm\u0259tinin r\u0259hb\u0259ri Tanr\u0131verdi Mustafayev deyib. Onun s\u00f6zl\u0259rin\u0259 g\u00f6r\u0259, leysan ya\u011f\u0131\u015flar\u0131 qurumun \u0259m\u0259kda\u015flar\u0131n\u0131n f\u0259aliyy\u0259tin\u0259 mane\u0259 yarad\u0131b: &#8220;G\u00fccl\u00fc ya\u011f\u0131\u015f-leysanla \u0259laq\u0259dar 35 kVt-luq Slavyanka yar\u0131mstansiyas\u0131ndan 10 kVt-luq Slavyanka hava x\u0259tti a\u00e7\u0131l\u0131b. Bundan \u0259lav\u0259 x\u0259ttin daya\u011f\u0131 \u0259yilib. Haz\u0131rda \u0259m\u0259kda\u015flar\u0131m\u0131z ba\u015f ver\u0259n q\u0259zan\u0131n n\u0259tic\u0259l\u0259rini aradan qald\u0131rma\u011fa&hellip;","_links":{"self":[{"href":"https:\/\/arantv.az\/index.php?rest_route=\/wp\/v2\/posts\/62239"}],"collection":[{"href":"https:\/\/arantv.az\/index.php?rest_route=\/wp\/v2\/posts"}],"about":[{"href":"https:\/\/arantv.az\/index.php?rest_route=\/wp\/v2\/types\/post"}],"author":[{"embeddable":true,"href":"https:\/\/arantv.az\/index.php?rest_route=\/wp\/v2\/users\/2"}],"replies":[{"embeddable":true,"href":"https:\/\/arantv.az\/index.php?rest_route=%2Fwp%2Fv2%2Fcomments&post=62239"}],"version-history":[{"count":0,"href":"https:\/\/arantv.az\/index.php?rest_route=\/wp\/v2\/posts\/62239\/revisions"}],"wp:featuredmedia":[{"embeddable":true,"href":"https:\/\/arantv.az\/index.php?rest_route=\/wp\/v2\/media\/62240"}],"wp:attachment":[{"href":"https:\/\/arantv.az\/index.php?rest_route=%2Fwp%2Fv2%2Fmedia&parent=62239"}],"wp:term":[{"taxonomy":"category","embeddable":true,"href":"https:\/\/arantv.az\/index.php?rest_route=%2Fwp%2Fv2%2Fcategories&post=62239"},{"taxonomy":"post_tag","embeddable":true,"href":"https:\/\/arantv.az\/index.php?rest_route=%2Fwp%2Fv2%2Ftags&post=62239"}],"curies":[{"name":"wp","href":"https:\/\/api.w.org\/{rel}","templated":true}]}}