{"id":62248,"date":"2019-05-28T16:34:17","date_gmt":"2019-05-28T13:34:17","guid":{"rendered":"http:\/\/arantv.az\/?p=62248"},"modified":"2019-05-28T16:34:17","modified_gmt":"2019-05-28T13:34:17","slug":"elmar-m%c9%99mm%c9%99dyarov-dagliq-qarabag-munaqis%c9%99sinin-tez-bir-zamanda-h%c9%99lli-ucun-ciddi-isl%c9%99r-gorul%c9%99c%c9%99k","status":"publish","type":"post","link":"https:\/\/arantv.az\/?p=62248","title":{"rendered":"Elmar M\u0259mm\u0259dyarov: &#8220;Da\u011fl\u0131q Qaraba\u011f m\u00fcnaqi\u015f\u0259sinin tez bir zamanda h\u0259lli \u00fc\u00e7\u00fcn ciddi i\u015fl\u0259r g\u00f6r\u00fcl\u0259c\u0259k&#8221;"},"content":{"rendered":"<p><strong>Bak\u0131da Erm\u0259nistan\u0131n yeni r\u0259hb\u0259rliyind\u0259n Da\u011fl\u0131q Qaraba\u011f m\u00fcnaqi\u015f\u0259sinin tez bir zamanda nizamlanmas\u0131 \u00fc\u00e7\u00fcn m\u0259suliyy\u0259tli add\u0131mlar g\u00f6zl\u0259nilir.<\/strong><\/p>\n<p><strong>ARNTV.AZ<\/strong> trend-\u0259 istinad\u0259n bildirir ki,\u00a0bunu Az\u0259rbaycan\u0131n Xarici \u0130\u015fl\u0259r naziri Elmar M\u0259mm\u0259dyarov &#8220;Nezavisimaya qazeta&#8221;da d\u0259rc olunan m\u0259qal\u0259sind\u0259 yaz\u0131b.<\/p>\n<p>M\u0259qal\u0259d\u0259 qeyd olunur ki, Az\u0259rbaycan\u0131n m\u00f6vqeyi ondan ibar\u0259tdir ki, BMT T\u0259hl\u00fck\u0259sizlik \u015euras\u0131n\u0131n q\u0259tnam\u0259l\u0259rinin icras\u0131 yolu il\u0259 respublikan\u0131n suverenliyi v\u0259 s\u0259rh\u0259dl\u0259ri beyn\u0259lxalq s\u0259viyy\u0259d\u0259 tan\u0131ns\u0131n:<\/p>\n<p>&#8220;Bu, Da\u011fl\u0131q Qaraba\u011f\u0131n az\u0259rbaycanl\u0131 v\u0259 erm\u0259ni icmalar\u0131n\u0131n dinc v\u0259 t\u0259hl\u00fck\u0259sizlik m\u00f6vcudlu\u011funu t\u0259min etm\u0259y\u0259 imkan ver\u0259c\u0259k. S\u00fclh, \u00e7i\u00e7\u0259kl\u0259nm\u0259 v\u0259 \u0259m\u0259kda\u015fl\u0131q \u015f\u0259raitind\u0259 h\u0259r iki icma b\u00f6lg\u0259nin cari v\u0259 g\u0259l\u0259c\u0259k m\u0259s\u0259l\u0259l\u0259rini birg\u0259 h\u0259ll ed\u0259 bil\u0259c\u0259k v\u0259 bu, Erm\u0259nistanla Az\u0259rbaycan aras\u0131nda mehriban qon\u015fuluq m\u00fcnasib\u0259tl\u0259rinin, el\u0259c\u0259 d\u0259 regionda s\u00fclh\u00fcn v\u0259 t\u0259hl\u00fck\u0259sizliyin b\u0259rq\u0259rar olunmas\u0131 \u00fc\u00e7\u00fcn \u0259sas ver\u0259c\u0259k.<\/p>\n<p>E.M\u0259mm\u0259dyarov \u0259lav\u0259 edib ki, m\u00fcnaqi\u015f\u0259nin tez bir zamanda h\u0259lli \u00fc\u00e7\u00fcn ciddi i\u015fl\u0259r g\u00f6r\u00fcl\u0259c\u0259k v\u0259 bununla da dan\u0131\u015f\u0131qlar\u0131n imitasiyas\u0131na yox, real dan\u0131\u015f\u0131qlar prosesin\u0259 start veril\u0259c\u0259k.<\/p>\n","protected":false},"excerpt":{"rendered":"<p>Bak\u0131da Erm\u0259nistan\u0131n yeni r\u0259hb\u0259rliyind\u0259n Da\u011fl\u0131q Qaraba\u011f m\u00fcnaqi\u015f\u0259sinin tez bir zamanda nizamlanmas\u0131 \u00fc\u00e7\u00fcn m\u0259suliyy\u0259tli add\u0131mlar g\u00f6zl\u0259nilir. ARNTV.AZ trend-\u0259 istinad\u0259n bildirir ki,\u00a0bunu Az\u0259rbaycan\u0131n Xarici \u0130\u015fl\u0259r naziri Elmar M\u0259mm\u0259dyarov &#8220;Nezavisimaya qazeta&#8221;da d\u0259rc olunan m\u0259qal\u0259sind\u0259 yaz\u0131b. M\u0259qal\u0259d\u0259 qeyd olunur ki, Az\u0259rbaycan\u0131n m\u00f6vqeyi ondan ibar\u0259tdir ki, BMT T\u0259hl\u00fck\u0259sizlik \u015euras\u0131n\u0131n q\u0259tnam\u0259l\u0259rinin icras\u0131 yolu il\u0259 respublikan\u0131n suverenliyi v\u0259 s\u0259rh\u0259dl\u0259ri beyn\u0259lxalq s\u0259viyy\u0259d\u0259 tan\u0131ns\u0131n: &#8220;Bu, Da\u011fl\u0131q Qaraba\u011f\u0131n az\u0259rbaycanl\u0131 v\u0259 erm\u0259ni icmalar\u0131n\u0131n dinc v\u0259 t\u0259hl\u00fck\u0259sizlik m\u00f6vcudlu\u011funu t\u0259min etm\u0259y\u0259 imkan ver\u0259c\u0259k. S\u00fclh, \u00e7i\u00e7\u0259kl\u0259nm\u0259 v\u0259 \u0259m\u0259kda\u015fl\u0131q \u015f\u0259raitind\u0259 h\u0259r iki icma b\u00f6lg\u0259nin cari v\u0259 g\u0259l\u0259c\u0259k m\u0259s\u0259l\u0259l\u0259rini birg\u0259 h\u0259ll ed\u0259 bil\u0259c\u0259k v\u0259 bu, Erm\u0259nistanla&hellip;<\/p>\n","protected":false},"author":2,"featured_media":62249,"comment_status":"closed","ping_status":"closed","sticky":false,"template":"","format":"standard","meta":{"om_disable_all_campaigns":false,"_monsterinsights_skip_tracking":false,"_monsterinsights_sitenote_active":false,"_monsterinsights_sitenote_note":"","_monsterinsights_sitenote_category":0},"categories":[4],"tags":[],"aioseo_notices":[],"gutentor_comment":0,"rttpg_featured_image_url":{"full":["https:\/\/arantv.az\/wp-content\/uploads\/2019\/05\/elmar_2837576.jpg",800,600,false],"landscape":["https:\/\/arantv.az\/wp-content\/uploads\/2019\/05\/elmar_2837576.jpg",800,600,false],"portraits":["https:\/\/arantv.az\/wp-content\/uploads\/2019\/05\/elmar_2837576.jpg",800,600,false],"thumbnail":["https:\/\/arantv.az\/wp-content\/uploads\/2019\/05\/elmar_2837576-150x150.jpg",150,150,true],"medium":["https:\/\/arantv.az\/wp-content\/uploads\/2019\/05\/elmar_2837576-300x225.jpg",300,225,true],"large":["https:\/\/arantv.az\/wp-content\/uploads\/2019\/05\/elmar_2837576.jpg",640,480,false],"1536x1536":["https:\/\/arantv.az\/wp-content\/uploads\/2019\/05\/elmar_2837576.jpg",800,600,false],"2048x2048":["https:\/\/arantv.az\/wp-content\/uploads\/2019\/05\/elmar_2837576.jpg",800,600,false],"post-thumbnail":["https:\/\/arantv.az\/wp-content\/uploads\/2019\/05\/elmar_2837576-240x172.jpg",240,172,true],"advps-thumb-one":["https:\/\/arantv.az\/wp-content\/uploads\/2019\/05\/elmar_2837576.jpg",800,600,false]},"rttpg_author":{"display_name":"V\u00fcsal Rafiqo\u011flu","author_link":"https:\/\/arantv.az\/?author=2"},"rttpg_comment":0,"rttpg_category":"<a href=\"https:\/\/arantv.az\/?cat=4\" rel=\"category\">Siyas\u0259t<\/a>","rttpg_excerpt":"Bak\u0131da Erm\u0259nistan\u0131n yeni r\u0259hb\u0259rliyind\u0259n Da\u011fl\u0131q Qaraba\u011f m\u00fcnaqi\u015f\u0259sinin tez bir zamanda nizamlanmas\u0131 \u00fc\u00e7\u00fcn m\u0259suliyy\u0259tli add\u0131mlar g\u00f6zl\u0259nilir. ARNTV.AZ trend-\u0259 istinad\u0259n bildirir ki,\u00a0bunu Az\u0259rbaycan\u0131n Xarici \u0130\u015fl\u0259r naziri Elmar M\u0259mm\u0259dyarov &#8220;Nezavisimaya qazeta&#8221;da d\u0259rc olunan m\u0259qal\u0259sind\u0259 yaz\u0131b. M\u0259qal\u0259d\u0259 qeyd olunur ki, Az\u0259rbaycan\u0131n m\u00f6vqeyi ondan ibar\u0259tdir ki, BMT T\u0259hl\u00fck\u0259sizlik \u015euras\u0131n\u0131n q\u0259tnam\u0259l\u0259rinin icras\u0131 yolu il\u0259 respublikan\u0131n suverenliyi v\u0259 s\u0259rh\u0259dl\u0259ri beyn\u0259lxalq s\u0259viyy\u0259d\u0259 tan\u0131ns\u0131n:&hellip;","_links":{"self":[{"href":"https:\/\/arantv.az\/index.php?rest_route=\/wp\/v2\/posts\/62248"}],"collection":[{"href":"https:\/\/arantv.az\/index.php?rest_route=\/wp\/v2\/posts"}],"about":[{"href":"https:\/\/arantv.az\/index.php?rest_route=\/wp\/v2\/types\/post"}],"author":[{"embeddable":true,"href":"https:\/\/arantv.az\/index.php?rest_route=\/wp\/v2\/users\/2"}],"replies":[{"embeddable":true,"href":"https:\/\/arantv.az\/index.php?rest_route=%2Fwp%2Fv2%2Fcomments&post=62248"}],"version-history":[{"count":0,"href":"https:\/\/arantv.az\/index.php?rest_route=\/wp\/v2\/posts\/62248\/revisions"}],"wp:featuredmedia":[{"embeddable":true,"href":"https:\/\/arantv.az\/index.php?rest_route=\/wp\/v2\/media\/62249"}],"wp:attachment":[{"href":"https:\/\/arantv.az\/index.php?rest_route=%2Fwp%2Fv2%2Fmedia&parent=62248"}],"wp:term":[{"taxonomy":"category","embeddable":true,"href":"https:\/\/arantv.az\/index.php?rest_route=%2Fwp%2Fv2%2Fcategories&post=62248"},{"taxonomy":"post_tag","embeddable":true,"href":"https:\/\/arantv.az\/index.php?rest_route=%2Fwp%2Fv2%2Ftags&post=62248"}],"curies":[{"name":"wp","href":"https:\/\/api.w.org\/{rel}","templated":true}]}}