{"id":62261,"date":"2019-05-29T08:02:38","date_gmt":"2019-05-29T05:02:38","guid":{"rendered":"http:\/\/arantv.az\/?p=62261"},"modified":"2019-05-29T08:02:38","modified_gmt":"2019-05-29T05:02:38","slug":"tbilisid%c9%99ki-televiziya-qull%c9%99si-bayragimizin-r%c9%99ngl%c9%99rin%c9%99-boyandi","status":"publish","type":"post","link":"https:\/\/arantv.az\/?p=62261","title":{"rendered":"Tbilisid\u0259ki televiziya q\u00fcll\u0259si bayra\u011f\u0131m\u0131z\u0131n r\u0259ngl\u0259rin\u0259 boyand\u0131"},"content":{"rendered":"<p><strong>G\u00fcrc\u00fcstan\u0131n paytaxt\u0131 Tbilisid\u0259ki televiziya q\u00fcll\u0259si 28 May &#8211; Respublika G\u00fcn\u00fc m\u00fcnasib\u0259til\u0259 Az\u0259rbaycan bayra\u011f\u0131n\u0131n r\u0259ngl\u0259ri il\u0259 i\u015f\u0131qland\u0131r\u0131l\u0131b.<\/strong><\/p>\n<div id=\"AdributorNativeVideo0\" class=\"AdributorNativeVideo\"><\/div>\n<p><strong>ARANTV.AZ<\/strong>\u00a0 &#8220;Az\u0259rtac&#8221;a istinad\u0259n x\u0259b\u0259r verir ki, Az\u0259rbaycan\u0131n G\u00fcrc\u00fcstandak\u0131 s\u0259firliyinin t\u0259\u015f\u0259bb\u00fcs\u00fc il\u0259 saat 20:00-dan etibar\u0259n televiziya q\u00fcll\u0259si g\u00f6y, q\u0131rm\u0131z\u0131 v\u0259 ya\u015f\u0131l r\u0259ngl\u0259rd\u0259 i\u015f\u0131q sa\u00e7ma\u011fa ba\u015flay\u0131b.<\/p>\n<p>Teleq\u00fcll\u0259 paytaxt Tbilisinin \u0259ks\u0259r n\u00f6qt\u0259sind\u0259n g\u00f6r\u00fcn\u00fcr.<\/p>\n","protected":false},"excerpt":{"rendered":"<p>G\u00fcrc\u00fcstan\u0131n paytaxt\u0131 Tbilisid\u0259ki televiziya q\u00fcll\u0259si 28 May &#8211; Respublika G\u00fcn\u00fc m\u00fcnasib\u0259til\u0259 Az\u0259rbaycan bayra\u011f\u0131n\u0131n r\u0259ngl\u0259ri il\u0259 i\u015f\u0131qland\u0131r\u0131l\u0131b. ARANTV.AZ\u00a0 &#8220;Az\u0259rtac&#8221;a istinad\u0259n x\u0259b\u0259r verir ki, Az\u0259rbaycan\u0131n G\u00fcrc\u00fcstandak\u0131 s\u0259firliyinin t\u0259\u015f\u0259bb\u00fcs\u00fc il\u0259 saat 20:00-dan etibar\u0259n televiziya q\u00fcll\u0259si g\u00f6y, q\u0131rm\u0131z\u0131 v\u0259 ya\u015f\u0131l r\u0259ngl\u0259rd\u0259 i\u015f\u0131q sa\u00e7ma\u011fa ba\u015flay\u0131b. Teleq\u00fcll\u0259 paytaxt Tbilisinin \u0259ks\u0259r n\u00f6qt\u0259sind\u0259n g\u00f6r\u00fcn\u00fcr.<\/p>\n","protected":false},"author":2,"featured_media":62262,"comment_status":"closed","ping_status":"closed","sticky":false,"template":"","format":"standard","meta":{"om_disable_all_campaigns":false,"_monsterinsights_skip_tracking":false,"_monsterinsights_sitenote_active":false,"_monsterinsights_sitenote_note":"","_monsterinsights_sitenote_category":0},"categories":[4],"tags":[],"aioseo_notices":[],"gutentor_comment":0,"rttpg_featured_image_url":{"full":["https:\/\/arantv.az\/wp-content\/uploads\/2019\/05\/178517_57z7bnh0on.jpg",449,335,false],"landscape":["https:\/\/arantv.az\/wp-content\/uploads\/2019\/05\/178517_57z7bnh0on.jpg",449,335,false],"portraits":["https:\/\/arantv.az\/wp-content\/uploads\/2019\/05\/178517_57z7bnh0on.jpg",449,335,false],"thumbnail":["https:\/\/arantv.az\/wp-content\/uploads\/2019\/05\/178517_57z7bnh0on-150x150.jpg",150,150,true],"medium":["https:\/\/arantv.az\/wp-content\/uploads\/2019\/05\/178517_57z7bnh0on-300x224.jpg",300,224,true],"large":["https:\/\/arantv.az\/wp-content\/uploads\/2019\/05\/178517_57z7bnh0on.jpg",449,335,false],"1536x1536":["https:\/\/arantv.az\/wp-content\/uploads\/2019\/05\/178517_57z7bnh0on.jpg",449,335,false],"2048x2048":["https:\/\/arantv.az\/wp-content\/uploads\/2019\/05\/178517_57z7bnh0on.jpg",449,335,false],"post-thumbnail":["https:\/\/arantv.az\/wp-content\/uploads\/2019\/05\/178517_57z7bnh0on-240x172.jpg",240,172,true],"advps-thumb-one":["https:\/\/arantv.az\/wp-content\/uploads\/2019\/05\/178517_57z7bnh0on.jpg",449,335,false]},"rttpg_author":{"display_name":"V\u00fcsal Rafiqo\u011flu","author_link":"https:\/\/arantv.az\/?author=2"},"rttpg_comment":0,"rttpg_category":"<a href=\"https:\/\/arantv.az\/?cat=4\" rel=\"category\">Siyas\u0259t<\/a>","rttpg_excerpt":"G\u00fcrc\u00fcstan\u0131n paytaxt\u0131 Tbilisid\u0259ki televiziya q\u00fcll\u0259si 28 May &#8211; Respublika G\u00fcn\u00fc m\u00fcnasib\u0259til\u0259 Az\u0259rbaycan bayra\u011f\u0131n\u0131n r\u0259ngl\u0259ri il\u0259 i\u015f\u0131qland\u0131r\u0131l\u0131b. ARANTV.AZ\u00a0 &#8220;Az\u0259rtac&#8221;a istinad\u0259n x\u0259b\u0259r verir ki, Az\u0259rbaycan\u0131n G\u00fcrc\u00fcstandak\u0131 s\u0259firliyinin t\u0259\u015f\u0259bb\u00fcs\u00fc il\u0259 saat 20:00-dan etibar\u0259n televiziya q\u00fcll\u0259si g\u00f6y, q\u0131rm\u0131z\u0131 v\u0259 ya\u015f\u0131l r\u0259ngl\u0259rd\u0259 i\u015f\u0131q sa\u00e7ma\u011fa ba\u015flay\u0131b. Teleq\u00fcll\u0259 paytaxt Tbilisinin \u0259ks\u0259r n\u00f6qt\u0259sind\u0259n g\u00f6r\u00fcn\u00fcr.","_links":{"self":[{"href":"https:\/\/arantv.az\/index.php?rest_route=\/wp\/v2\/posts\/62261"}],"collection":[{"href":"https:\/\/arantv.az\/index.php?rest_route=\/wp\/v2\/posts"}],"about":[{"href":"https:\/\/arantv.az\/index.php?rest_route=\/wp\/v2\/types\/post"}],"author":[{"embeddable":true,"href":"https:\/\/arantv.az\/index.php?rest_route=\/wp\/v2\/users\/2"}],"replies":[{"embeddable":true,"href":"https:\/\/arantv.az\/index.php?rest_route=%2Fwp%2Fv2%2Fcomments&post=62261"}],"version-history":[{"count":0,"href":"https:\/\/arantv.az\/index.php?rest_route=\/wp\/v2\/posts\/62261\/revisions"}],"wp:featuredmedia":[{"embeddable":true,"href":"https:\/\/arantv.az\/index.php?rest_route=\/wp\/v2\/media\/62262"}],"wp:attachment":[{"href":"https:\/\/arantv.az\/index.php?rest_route=%2Fwp%2Fv2%2Fmedia&parent=62261"}],"wp:term":[{"taxonomy":"category","embeddable":true,"href":"https:\/\/arantv.az\/index.php?rest_route=%2Fwp%2Fv2%2Fcategories&post=62261"},{"taxonomy":"post_tag","embeddable":true,"href":"https:\/\/arantv.az\/index.php?rest_route=%2Fwp%2Fv2%2Ftags&post=62261"}],"curies":[{"name":"wp","href":"https:\/\/api.w.org\/{rel}","templated":true}]}}