{"id":62276,"date":"2019-05-29T08:11:05","date_gmt":"2019-05-29T05:11:05","guid":{"rendered":"http:\/\/arantv.az\/?p=62276"},"modified":"2019-05-29T08:11:05","modified_gmt":"2019-05-29T05:11:05","slug":"bakida-dord%c9%99m-dunyaya-g%c9%99lib","status":"publish","type":"post","link":"https:\/\/arantv.az\/?p=62276","title":{"rendered":"Bak\u0131da d\u00f6rd\u0259m d\u00fcnyaya g\u0259lib"},"content":{"rendered":"<p>Uzun ill\u0259r \u00f6vlad h\u0259sr\u0259tind\u0259 olan Axundovlar ail\u0259sind\u0259 d\u00f6rd\u0259m d\u00fcnyaya g\u0259lib.<\/p>\n<p><strong>ARANTV.AZ<\/strong> x\u0259b\u0259r verir ki, Respublika G\u00fcn\u00fc \u0259r\u0259f\u0259sind\u0259 d\u00fcnyaya g\u0259l\u0259n 2-si q\u0131z, 2-si o\u011flan olan k\u00f6rp\u0259l\u0259r tam sa\u011flamd\u0131rlar.<\/p>\n<div id=\"AdviadNativeVideo0\" class=\"AdviadNativeVideo\"><\/div>\n<p>Bir d\u0259f\u0259y\u0259 4 \u00f6vlad sahibi olan g\u0259nc ail\u0259nin sevincinin h\u0259ddi-h\u00fcdudu yoxdur. G\u0259nc valideynl\u0259r \u00f6vladlar\u0131n\u0131n sa\u011f-salamat do\u011fulduqlar\u0131na g\u00f6r\u0259\u00a0\u00e7ox xo\u015fb\u0259xtdirl\u0259r. Bu g\u00fcn h\u0259yatlar\u0131n\u0131n \u0259n xo\u015fb\u0259xt g\u00fcn\u00fc oldu\u011funu dey\u0259n Axundovlar, k\u00f6rp\u0259l\u0259rinin sa\u011flam v\u0259 xo\u015fb\u0259xt olmas\u0131 \u00fc\u00e7\u00fcn \u0259ll\u0259rind\u0259n g\u0259l\u0259ni ed\u0259c\u0259kl\u0259rini bildiribl\u0259r.<\/p>\n<p>Qeyd ed\u0259k ki, d\u00f6rd\u0259ml\u0259r Bak\u0131da \u201cCaspian International\u201d Hospitalda do\u011fulublar.az\u0259rtac<\/p>\n","protected":false},"excerpt":{"rendered":"<p>Uzun ill\u0259r \u00f6vlad h\u0259sr\u0259tind\u0259 olan Axundovlar ail\u0259sind\u0259 d\u00f6rd\u0259m d\u00fcnyaya g\u0259lib. ARANTV.AZ x\u0259b\u0259r verir ki, Respublika G\u00fcn\u00fc \u0259r\u0259f\u0259sind\u0259 d\u00fcnyaya g\u0259l\u0259n 2-si q\u0131z, 2-si o\u011flan olan k\u00f6rp\u0259l\u0259r tam sa\u011flamd\u0131rlar. Bir d\u0259f\u0259y\u0259 4 \u00f6vlad sahibi olan g\u0259nc ail\u0259nin sevincinin h\u0259ddi-h\u00fcdudu yoxdur. G\u0259nc valideynl\u0259r \u00f6vladlar\u0131n\u0131n sa\u011f-salamat do\u011fulduqlar\u0131na g\u00f6r\u0259\u00a0\u00e7ox xo\u015fb\u0259xtdirl\u0259r. Bu g\u00fcn h\u0259yatlar\u0131n\u0131n \u0259n xo\u015fb\u0259xt g\u00fcn\u00fc oldu\u011funu dey\u0259n Axundovlar, k\u00f6rp\u0259l\u0259rinin sa\u011flam v\u0259 xo\u015fb\u0259xt olmas\u0131 \u00fc\u00e7\u00fcn \u0259ll\u0259rind\u0259n g\u0259l\u0259ni ed\u0259c\u0259kl\u0259rini bildiribl\u0259r. Qeyd ed\u0259k ki, d\u00f6rd\u0259ml\u0259r Bak\u0131da \u201cCaspian International\u201d Hospitalda do\u011fulublar.az\u0259rtac<\/p>\n","protected":false},"author":2,"featured_media":62277,"comment_status":"closed","ping_status":"closed","sticky":false,"template":"","format":"standard","meta":{"om_disable_all_campaigns":false,"_monsterinsights_skip_tracking":false,"_monsterinsights_sitenote_active":false,"_monsterinsights_sitenote_note":"","_monsterinsights_sitenote_category":0},"categories":[1],"tags":[],"aioseo_notices":[],"gutentor_comment":0,"rttpg_featured_image_url":{"full":["https:\/\/arantv.az\/wp-content\/uploads\/2019\/05\/dord45.jpg",620,389,false],"landscape":["https:\/\/arantv.az\/wp-content\/uploads\/2019\/05\/dord45.jpg",620,389,false],"portraits":["https:\/\/arantv.az\/wp-content\/uploads\/2019\/05\/dord45.jpg",620,389,false],"thumbnail":["https:\/\/arantv.az\/wp-content\/uploads\/2019\/05\/dord45-150x150.jpg",150,150,true],"medium":["https:\/\/arantv.az\/wp-content\/uploads\/2019\/05\/dord45-300x188.jpg",300,188,true],"large":["https:\/\/arantv.az\/wp-content\/uploads\/2019\/05\/dord45.jpg",620,389,false],"1536x1536":["https:\/\/arantv.az\/wp-content\/uploads\/2019\/05\/dord45.jpg",620,389,false],"2048x2048":["https:\/\/arantv.az\/wp-content\/uploads\/2019\/05\/dord45.jpg",620,389,false],"post-thumbnail":["https:\/\/arantv.az\/wp-content\/uploads\/2019\/05\/dord45-240x172.jpg",240,172,true],"advps-thumb-one":["https:\/\/arantv.az\/wp-content\/uploads\/2019\/05\/dord45.jpg",620,389,false]},"rttpg_author":{"display_name":"V\u00fcsal Rafiqo\u011flu","author_link":"https:\/\/arantv.az\/?author=2"},"rttpg_comment":0,"rttpg_category":"<a href=\"https:\/\/arantv.az\/?cat=1\" rel=\"category\">C\u0259miyy\u0259t<\/a>","rttpg_excerpt":"Uzun ill\u0259r \u00f6vlad h\u0259sr\u0259tind\u0259 olan Axundovlar ail\u0259sind\u0259 d\u00f6rd\u0259m d\u00fcnyaya g\u0259lib. ARANTV.AZ x\u0259b\u0259r verir ki, Respublika G\u00fcn\u00fc \u0259r\u0259f\u0259sind\u0259 d\u00fcnyaya g\u0259l\u0259n 2-si q\u0131z, 2-si o\u011flan olan k\u00f6rp\u0259l\u0259r tam sa\u011flamd\u0131rlar. Bir d\u0259f\u0259y\u0259 4 \u00f6vlad sahibi olan g\u0259nc ail\u0259nin sevincinin h\u0259ddi-h\u00fcdudu yoxdur. G\u0259nc valideynl\u0259r \u00f6vladlar\u0131n\u0131n sa\u011f-salamat do\u011fulduqlar\u0131na g\u00f6r\u0259\u00a0\u00e7ox xo\u015fb\u0259xtdirl\u0259r. Bu g\u00fcn h\u0259yatlar\u0131n\u0131n \u0259n xo\u015fb\u0259xt g\u00fcn\u00fc oldu\u011funu dey\u0259n Axundovlar, k\u00f6rp\u0259l\u0259rinin&hellip;","_links":{"self":[{"href":"https:\/\/arantv.az\/index.php?rest_route=\/wp\/v2\/posts\/62276"}],"collection":[{"href":"https:\/\/arantv.az\/index.php?rest_route=\/wp\/v2\/posts"}],"about":[{"href":"https:\/\/arantv.az\/index.php?rest_route=\/wp\/v2\/types\/post"}],"author":[{"embeddable":true,"href":"https:\/\/arantv.az\/index.php?rest_route=\/wp\/v2\/users\/2"}],"replies":[{"embeddable":true,"href":"https:\/\/arantv.az\/index.php?rest_route=%2Fwp%2Fv2%2Fcomments&post=62276"}],"version-history":[{"count":0,"href":"https:\/\/arantv.az\/index.php?rest_route=\/wp\/v2\/posts\/62276\/revisions"}],"wp:featuredmedia":[{"embeddable":true,"href":"https:\/\/arantv.az\/index.php?rest_route=\/wp\/v2\/media\/62277"}],"wp:attachment":[{"href":"https:\/\/arantv.az\/index.php?rest_route=%2Fwp%2Fv2%2Fmedia&parent=62276"}],"wp:term":[{"taxonomy":"category","embeddable":true,"href":"https:\/\/arantv.az\/index.php?rest_route=%2Fwp%2Fv2%2Fcategories&post=62276"},{"taxonomy":"post_tag","embeddable":true,"href":"https:\/\/arantv.az\/index.php?rest_route=%2Fwp%2Fv2%2Ftags&post=62276"}],"curies":[{"name":"wp","href":"https:\/\/api.w.org\/{rel}","templated":true}]}}