{"id":62338,"date":"2019-05-29T09:32:33","date_gmt":"2019-05-29T06:32:33","guid":{"rendered":"http:\/\/arantv.az\/?p=62338"},"modified":"2019-05-29T09:32:33","modified_gmt":"2019-05-29T06:32:33","slug":"bakida-%c9%99r-33-yasli-arvadini-olumcul-hala-saldi","status":"publish","type":"post","link":"https:\/\/arantv.az\/?p=62338","title":{"rendered":"Bak\u0131da \u0259r 33 ya\u015fl\u0131 arvad\u0131n\u0131 \u00f6l\u00fcmc\u00fcl hala sald\u0131"},"content":{"rendered":"<p><strong>Bak\u0131da \u0259r arvad\u0131n\u0131 b\u0131\u00e7aqlay\u0131b.<\/strong><\/p>\n<p><b>ARANTV.AZ\u00a0<\/b>x\u0259b\u0259r verir ki, hadis\u0259 Yasamal rayonu, Yeni Yasamal-1 ya\u015fay\u0131\u015f massivind\u0259 qeyd\u0259 al\u0131n\u0131b. 1986-c\u0131 il t\u0259v\u0259ll\u00fcdl\u00fc M\u0259mm\u0259dova \u018ffsan\u0259 F\u0259xr\u0259ddin q\u0131z\u0131 \u0259ri t\u0259r\u0259find\u0259n b\u0131\u00e7aqlan\u0131b. D\u00f6\u015f q\u0259f\u0259sind\u0259n daxil\u0259 n\u00fcfuz ed\u0259n a\u011f\u0131r x\u0259sar\u0259t alm\u0131\u015f 33 ya\u015fl\u0131 qad\u0131n Kliniki Tibbi M\u0259rk\u0259z\u0259 \u00e7atd\u0131r\u0131l\u0131b. Haz\u0131rda reanimasiya \u015f\u00f6b\u0259sind\u0259 olan qad\u0131n\u0131n v\u0259ziyy\u0259tinin a\u011f\u0131r oldu\u011fu bildirilir.<\/p>\n<p>Faktla ba\u011fl\u0131 Yasamal rayon Polis \u0130dar\u0259sind\u0259 cinay\u0259t i\u015fi a\u00e7\u0131l\u0131b, ara\u015fd\u0131rma apar\u0131l\u0131r.<\/p>\n<p>publika.az<\/p>\n","protected":false},"excerpt":{"rendered":"<p>Bak\u0131da \u0259r arvad\u0131n\u0131 b\u0131\u00e7aqlay\u0131b. ARANTV.AZ\u00a0x\u0259b\u0259r verir ki, hadis\u0259 Yasamal rayonu, Yeni Yasamal-1 ya\u015fay\u0131\u015f massivind\u0259 qeyd\u0259 al\u0131n\u0131b. 1986-c\u0131 il t\u0259v\u0259ll\u00fcdl\u00fc M\u0259mm\u0259dova \u018ffsan\u0259 F\u0259xr\u0259ddin q\u0131z\u0131 \u0259ri t\u0259r\u0259find\u0259n b\u0131\u00e7aqlan\u0131b. D\u00f6\u015f q\u0259f\u0259sind\u0259n daxil\u0259 n\u00fcfuz ed\u0259n a\u011f\u0131r x\u0259sar\u0259t alm\u0131\u015f 33 ya\u015fl\u0131 qad\u0131n Kliniki Tibbi M\u0259rk\u0259z\u0259 \u00e7atd\u0131r\u0131l\u0131b. Haz\u0131rda reanimasiya \u015f\u00f6b\u0259sind\u0259 olan qad\u0131n\u0131n v\u0259ziyy\u0259tinin a\u011f\u0131r oldu\u011fu bildirilir. Faktla ba\u011fl\u0131 Yasamal rayon Polis \u0130dar\u0259sind\u0259 cinay\u0259t i\u015fi a\u00e7\u0131l\u0131b, ara\u015fd\u0131rma apar\u0131l\u0131r. publika.az<\/p>\n","protected":false},"author":2,"featured_media":62339,"comment_status":"closed","ping_status":"closed","sticky":false,"template":"","format":"standard","meta":{"om_disable_all_campaigns":false,"_monsterinsights_skip_tracking":false,"_monsterinsights_sitenote_active":false,"_monsterinsights_sitenote_note":"","_monsterinsights_sitenote_category":0},"categories":[5],"tags":[],"aioseo_notices":[],"gutentor_comment":0,"rttpg_featured_image_url":{"full":["https:\/\/arantv.az\/wp-content\/uploads\/2019\/05\/tecili_yardim.jpg",800,450,false],"landscape":["https:\/\/arantv.az\/wp-content\/uploads\/2019\/05\/tecili_yardim.jpg",800,450,false],"portraits":["https:\/\/arantv.az\/wp-content\/uploads\/2019\/05\/tecili_yardim.jpg",800,450,false],"thumbnail":["https:\/\/arantv.az\/wp-content\/uploads\/2019\/05\/tecili_yardim-150x150.jpg",150,150,true],"medium":["https:\/\/arantv.az\/wp-content\/uploads\/2019\/05\/tecili_yardim-300x169.jpg",300,169,true],"large":["https:\/\/arantv.az\/wp-content\/uploads\/2019\/05\/tecili_yardim.jpg",640,360,false],"1536x1536":["https:\/\/arantv.az\/wp-content\/uploads\/2019\/05\/tecili_yardim.jpg",800,450,false],"2048x2048":["https:\/\/arantv.az\/wp-content\/uploads\/2019\/05\/tecili_yardim.jpg",800,450,false],"post-thumbnail":["https:\/\/arantv.az\/wp-content\/uploads\/2019\/05\/tecili_yardim-240x172.jpg",240,172,true],"advps-thumb-one":["https:\/\/arantv.az\/wp-content\/uploads\/2019\/05\/tecili_yardim.jpg",800,450,false]},"rttpg_author":{"display_name":"V\u00fcsal Rafiqo\u011flu","author_link":"https:\/\/arantv.az\/?author=2"},"rttpg_comment":0,"rttpg_category":"<a href=\"https:\/\/arantv.az\/?cat=5\" rel=\"category\">Hadis\u0259<\/a>","rttpg_excerpt":"Bak\u0131da \u0259r arvad\u0131n\u0131 b\u0131\u00e7aqlay\u0131b. ARANTV.AZ\u00a0x\u0259b\u0259r verir ki, hadis\u0259 Yasamal rayonu, Yeni Yasamal-1 ya\u015fay\u0131\u015f massivind\u0259 qeyd\u0259 al\u0131n\u0131b. 1986-c\u0131 il t\u0259v\u0259ll\u00fcdl\u00fc M\u0259mm\u0259dova \u018ffsan\u0259 F\u0259xr\u0259ddin q\u0131z\u0131 \u0259ri t\u0259r\u0259find\u0259n b\u0131\u00e7aqlan\u0131b. D\u00f6\u015f q\u0259f\u0259sind\u0259n daxil\u0259 n\u00fcfuz ed\u0259n a\u011f\u0131r x\u0259sar\u0259t alm\u0131\u015f 33 ya\u015fl\u0131 qad\u0131n Kliniki Tibbi M\u0259rk\u0259z\u0259 \u00e7atd\u0131r\u0131l\u0131b. Haz\u0131rda reanimasiya \u015f\u00f6b\u0259sind\u0259 olan qad\u0131n\u0131n v\u0259ziyy\u0259tinin a\u011f\u0131r oldu\u011fu bildirilir. Faktla ba\u011fl\u0131 Yasamal rayon Polis&hellip;","_links":{"self":[{"href":"https:\/\/arantv.az\/index.php?rest_route=\/wp\/v2\/posts\/62338"}],"collection":[{"href":"https:\/\/arantv.az\/index.php?rest_route=\/wp\/v2\/posts"}],"about":[{"href":"https:\/\/arantv.az\/index.php?rest_route=\/wp\/v2\/types\/post"}],"author":[{"embeddable":true,"href":"https:\/\/arantv.az\/index.php?rest_route=\/wp\/v2\/users\/2"}],"replies":[{"embeddable":true,"href":"https:\/\/arantv.az\/index.php?rest_route=%2Fwp%2Fv2%2Fcomments&post=62338"}],"version-history":[{"count":0,"href":"https:\/\/arantv.az\/index.php?rest_route=\/wp\/v2\/posts\/62338\/revisions"}],"wp:featuredmedia":[{"embeddable":true,"href":"https:\/\/arantv.az\/index.php?rest_route=\/wp\/v2\/media\/62339"}],"wp:attachment":[{"href":"https:\/\/arantv.az\/index.php?rest_route=%2Fwp%2Fv2%2Fmedia&parent=62338"}],"wp:term":[{"taxonomy":"category","embeddable":true,"href":"https:\/\/arantv.az\/index.php?rest_route=%2Fwp%2Fv2%2Fcategories&post=62338"},{"taxonomy":"post_tag","embeddable":true,"href":"https:\/\/arantv.az\/index.php?rest_route=%2Fwp%2Fv2%2Ftags&post=62338"}],"curies":[{"name":"wp","href":"https:\/\/api.w.org\/{rel}","templated":true}]}}