{"id":62341,"date":"2019-05-29T09:33:13","date_gmt":"2019-05-29T06:33:13","guid":{"rendered":"http:\/\/arantv.az\/?p=62341"},"modified":"2019-05-29T09:33:13","modified_gmt":"2019-05-29T06:33:13","slug":"az%c9%99rbaycanda-m%c9%99shur-prokuror-v%c9%99fat-etdi","status":"publish","type":"post","link":"https:\/\/arantv.az\/?p=62341","title":{"rendered":"Az\u0259rbaycanda m\u0259\u015fhur prokuror v\u0259fat etdi"},"content":{"rendered":"<p><strong>Bir vaxtlar Az\u0259rbayvan Respublika Prokurorlu\u011funun \u0130stintaq \u0130dar\u0259sinin r\u0259isi v\u0259zif\u0259sind\u0259 \u00e7al\u0131\u015fm\u0131\u015f, III d\u0259r\u0259c\u0259li d\u00f6vl\u0259t \u0259dliyy\u0259 m\u00fc\u015faviri A\u011famm\u0259d \u0130bi\u015fov v\u0259fat edib.<\/strong><\/p>\n<p><b>ARANTV.AZ\u00a0<\/b>x\u0259b\u0259r verir ki, prokurorluq orqanlar\u0131ndan sonra Az\u0259rbaycan Respublikas\u0131 \u018fdliyy\u0259 Nazirliyi Katibliyinin r\u0259isi v\u0259zif\u0259sini tutan A.\u0130bi\u015fov \u00f6mr\u00fcn\u00fcn sonuna kimi \u018fdliyy\u0259 nazirliyi akademiyas\u0131n\u0131n ba\u015f m\u00fc\u0259llimi kimi \u00e7al\u0131\u015f\u0131b. O, f\u0259xri \u0259dliyy\u0259 i\u015f\u00e7isi idi.<\/p>\n<p>Qeyd ed\u0259k ki, A.\u0130bi\u015fov x\u0259st\u0259lik s\u0259b\u0259bind\u0259n v\u0259fat edib.<\/p>\n<p>Allah r\u0259hm\u0259t el\u0259sin.publika.az<\/p>\n","protected":false},"excerpt":{"rendered":"<p>Bir vaxtlar Az\u0259rbayvan Respublika Prokurorlu\u011funun \u0130stintaq \u0130dar\u0259sinin r\u0259isi v\u0259zif\u0259sind\u0259 \u00e7al\u0131\u015fm\u0131\u015f, III d\u0259r\u0259c\u0259li d\u00f6vl\u0259t \u0259dliyy\u0259 m\u00fc\u015faviri A\u011famm\u0259d \u0130bi\u015fov v\u0259fat edib. ARANTV.AZ\u00a0x\u0259b\u0259r verir ki, prokurorluq orqanlar\u0131ndan sonra Az\u0259rbaycan Respublikas\u0131 \u018fdliyy\u0259 Nazirliyi Katibliyinin r\u0259isi v\u0259zif\u0259sini tutan A.\u0130bi\u015fov \u00f6mr\u00fcn\u00fcn sonuna kimi \u018fdliyy\u0259 nazirliyi akademiyas\u0131n\u0131n ba\u015f m\u00fc\u0259llimi kimi \u00e7al\u0131\u015f\u0131b. O, f\u0259xri \u0259dliyy\u0259 i\u015f\u00e7isi idi. Qeyd ed\u0259k ki, A.\u0130bi\u015fov x\u0259st\u0259lik s\u0259b\u0259bind\u0259n v\u0259fat edib. Allah r\u0259hm\u0259t el\u0259sin.publika.az<\/p>\n","protected":false},"author":2,"featured_media":62342,"comment_status":"closed","ping_status":"closed","sticky":false,"template":"","format":"standard","meta":{"om_disable_all_campaigns":false,"_monsterinsights_skip_tracking":false,"_monsterinsights_sitenote_active":false,"_monsterinsights_sitenote_note":"","_monsterinsights_sitenote_category":0},"categories":[5],"tags":[],"aioseo_notices":[],"gutentor_comment":0,"rttpg_featured_image_url":{"full":["https:\/\/arantv.az\/wp-content\/uploads\/2019\/05\/yas_cadiri_02563.jpg",800,450,false],"landscape":["https:\/\/arantv.az\/wp-content\/uploads\/2019\/05\/yas_cadiri_02563.jpg",800,450,false],"portraits":["https:\/\/arantv.az\/wp-content\/uploads\/2019\/05\/yas_cadiri_02563.jpg",800,450,false],"thumbnail":["https:\/\/arantv.az\/wp-content\/uploads\/2019\/05\/yas_cadiri_02563-150x150.jpg",150,150,true],"medium":["https:\/\/arantv.az\/wp-content\/uploads\/2019\/05\/yas_cadiri_02563-300x169.jpg",300,169,true],"large":["https:\/\/arantv.az\/wp-content\/uploads\/2019\/05\/yas_cadiri_02563.jpg",640,360,false],"1536x1536":["https:\/\/arantv.az\/wp-content\/uploads\/2019\/05\/yas_cadiri_02563.jpg",800,450,false],"2048x2048":["https:\/\/arantv.az\/wp-content\/uploads\/2019\/05\/yas_cadiri_02563.jpg",800,450,false],"post-thumbnail":["https:\/\/arantv.az\/wp-content\/uploads\/2019\/05\/yas_cadiri_02563-240x172.jpg",240,172,true],"advps-thumb-one":["https:\/\/arantv.az\/wp-content\/uploads\/2019\/05\/yas_cadiri_02563.jpg",800,450,false]},"rttpg_author":{"display_name":"V\u00fcsal Rafiqo\u011flu","author_link":"https:\/\/arantv.az\/?author=2"},"rttpg_comment":0,"rttpg_category":"<a href=\"https:\/\/arantv.az\/?cat=5\" rel=\"category\">Hadis\u0259<\/a>","rttpg_excerpt":"Bir vaxtlar Az\u0259rbayvan Respublika Prokurorlu\u011funun \u0130stintaq \u0130dar\u0259sinin r\u0259isi v\u0259zif\u0259sind\u0259 \u00e7al\u0131\u015fm\u0131\u015f, III d\u0259r\u0259c\u0259li d\u00f6vl\u0259t \u0259dliyy\u0259 m\u00fc\u015faviri A\u011famm\u0259d \u0130bi\u015fov v\u0259fat edib. ARANTV.AZ\u00a0x\u0259b\u0259r verir ki, prokurorluq orqanlar\u0131ndan sonra Az\u0259rbaycan Respublikas\u0131 \u018fdliyy\u0259 Nazirliyi Katibliyinin r\u0259isi v\u0259zif\u0259sini tutan A.\u0130bi\u015fov \u00f6mr\u00fcn\u00fcn sonuna kimi \u018fdliyy\u0259 nazirliyi akademiyas\u0131n\u0131n ba\u015f m\u00fc\u0259llimi kimi \u00e7al\u0131\u015f\u0131b. O, f\u0259xri \u0259dliyy\u0259 i\u015f\u00e7isi idi. Qeyd ed\u0259k ki, A.\u0130bi\u015fov x\u0259st\u0259lik s\u0259b\u0259bind\u0259n&hellip;","_links":{"self":[{"href":"https:\/\/arantv.az\/index.php?rest_route=\/wp\/v2\/posts\/62341"}],"collection":[{"href":"https:\/\/arantv.az\/index.php?rest_route=\/wp\/v2\/posts"}],"about":[{"href":"https:\/\/arantv.az\/index.php?rest_route=\/wp\/v2\/types\/post"}],"author":[{"embeddable":true,"href":"https:\/\/arantv.az\/index.php?rest_route=\/wp\/v2\/users\/2"}],"replies":[{"embeddable":true,"href":"https:\/\/arantv.az\/index.php?rest_route=%2Fwp%2Fv2%2Fcomments&post=62341"}],"version-history":[{"count":0,"href":"https:\/\/arantv.az\/index.php?rest_route=\/wp\/v2\/posts\/62341\/revisions"}],"wp:featuredmedia":[{"embeddable":true,"href":"https:\/\/arantv.az\/index.php?rest_route=\/wp\/v2\/media\/62342"}],"wp:attachment":[{"href":"https:\/\/arantv.az\/index.php?rest_route=%2Fwp%2Fv2%2Fmedia&parent=62341"}],"wp:term":[{"taxonomy":"category","embeddable":true,"href":"https:\/\/arantv.az\/index.php?rest_route=%2Fwp%2Fv2%2Fcategories&post=62341"},{"taxonomy":"post_tag","embeddable":true,"href":"https:\/\/arantv.az\/index.php?rest_route=%2Fwp%2Fv2%2Ftags&post=62341"}],"curies":[{"name":"wp","href":"https:\/\/api.w.org\/{rel}","templated":true}]}}