{"id":62345,"date":"2019-05-29T09:34:05","date_gmt":"2019-05-29T06:34:05","guid":{"rendered":"http:\/\/arantv.az\/?p=62345"},"modified":"2019-05-29T09:34:05","modified_gmt":"2019-05-29T06:34:05","slug":"bakida-ata-v%c9%99-ogulun-olduyu-d%c9%99hs%c9%99tin-goruntul%c9%99ri-yayildi-sok-video","status":"publish","type":"post","link":"https:\/\/arantv.az\/?p=62345","title":{"rendered":"Bak\u0131da ata v\u0259 o\u011fulun \u00f6ld\u00fcy\u00fc d\u0259h\u015f\u0259tin G\u00d6R\u00dcNT\u00dcL\u018fR\u0130 YAYILDI &#8211; \u015eOK V\u0130DEO"},"content":{"rendered":"<p><strong>D\u00fcn\u0259n Bak\u0131n\u0131n N\u0259rimanov rayonunda ba\u015f ver\u0259n v\u0259 \u00f6l\u00fcml\u0259 n\u0259tic\u0259l\u0259n\u0259n yol-n\u0259qliyyat hadis\u0259sinin g\u00f6r\u00fcnt\u00fcl\u0259ri yay\u0131l\u0131b.<\/strong><\/p>\n<p>Sosial \u015f\u0259b\u0259k\u0259d\u0259 yerl\u0259\u015fdiril\u0259n g\u00f6r\u00fcnt\u00fcl\u0259rd\u0259 \u201cBMW\u201d markal\u0131 avtomobilin y\u00fcks\u0259k s\u00fcr\u0259tl\u0259 h\u0259r\u0259k\u0259td\u0259 olan zaman s\u00fcr\u00fcc\u00fcn\u00fcn idar\u0259etm\u0259ni itirdiyi v\u0259 qar\u015f\u0131 yolda h\u0259r\u0259k\u0259t ed\u0259n \u201cMitsubishi\u201d markal\u0131 avtomobil\u0259 \u00e7\u0131rp\u0131ld\u0131\u011f\u0131 \u0259ks olunub.<\/p>\n<p>M\u0259lumata g\u00f6r\u0259, hadis\u0259 n\u0259tic\u0259sind\u0259 \u201cBMW\u201dnin s\u00fcr\u00fcc\u00fcs\u00fc, 1981-ci il t\u0259v\u0259ll\u00fcdl\u00fc T\u0259v\u0259kk\u00fcl Nizami o\u011flu Yusifov v\u0259 onun o\u011flu, 2008-ci il t\u0259v\u0259ll\u00fcdl\u00fc Nizami T\u0259v\u0259kk\u00fcl o\u011flu Yusifov hadis\u0259 yerind\u0259 \u00f6l\u00fcb.<\/p>\n<p>H\u0259min g\u00f6r\u00fcnt\u00fcl\u0259ri t\u0259qdim edirik:<\/p>\n<p><iframe loading=\"lazy\" src=\"https:\/\/player.baku.tv\/embed\/8658\" width=\"560\" height=\"315\" frameborder=\"0\" allowfullscreen=\"allowfullscreen\" data-mce-fragment=\"1\"><\/iframe><\/p>\n<p>(oxu.az)<\/p>\n","protected":false},"excerpt":{"rendered":"<p>D\u00fcn\u0259n Bak\u0131n\u0131n N\u0259rimanov rayonunda ba\u015f ver\u0259n v\u0259 \u00f6l\u00fcml\u0259 n\u0259tic\u0259l\u0259n\u0259n yol-n\u0259qliyyat hadis\u0259sinin g\u00f6r\u00fcnt\u00fcl\u0259ri yay\u0131l\u0131b. Sosial \u015f\u0259b\u0259k\u0259d\u0259 yerl\u0259\u015fdiril\u0259n g\u00f6r\u00fcnt\u00fcl\u0259rd\u0259 \u201cBMW\u201d markal\u0131 avtomobilin y\u00fcks\u0259k s\u00fcr\u0259tl\u0259 h\u0259r\u0259k\u0259td\u0259 olan zaman s\u00fcr\u00fcc\u00fcn\u00fcn idar\u0259etm\u0259ni itirdiyi v\u0259 qar\u015f\u0131 yolda h\u0259r\u0259k\u0259t ed\u0259n \u201cMitsubishi\u201d markal\u0131 avtomobil\u0259 \u00e7\u0131rp\u0131ld\u0131\u011f\u0131 \u0259ks olunub. M\u0259lumata g\u00f6r\u0259, hadis\u0259 n\u0259tic\u0259sind\u0259 \u201cBMW\u201dnin s\u00fcr\u00fcc\u00fcs\u00fc, 1981-ci il t\u0259v\u0259ll\u00fcdl\u00fc T\u0259v\u0259kk\u00fcl Nizami o\u011flu Yusifov v\u0259 onun o\u011flu, 2008-ci il t\u0259v\u0259ll\u00fcdl\u00fc Nizami T\u0259v\u0259kk\u00fcl o\u011flu Yusifov hadis\u0259 yerind\u0259 \u00f6l\u00fcb. H\u0259min g\u00f6r\u00fcnt\u00fcl\u0259ri t\u0259qdim edirik: (oxu.az)<\/p>\n","protected":false},"author":2,"featured_media":62346,"comment_status":"closed","ping_status":"closed","sticky":false,"template":"","format":"standard","meta":{"om_disable_all_campaigns":false,"_monsterinsights_skip_tracking":false,"_monsterinsights_sitenote_active":false,"_monsterinsights_sitenote_note":"","_monsterinsights_sitenote_category":0},"categories":[5],"tags":[],"aioseo_notices":[],"gutentor_comment":0,"rttpg_featured_image_url":{"full":["https:\/\/arantv.az\/wp-content\/uploads\/2019\/05\/111_1.jpg",800,450,false],"landscape":["https:\/\/arantv.az\/wp-content\/uploads\/2019\/05\/111_1.jpg",800,450,false],"portraits":["https:\/\/arantv.az\/wp-content\/uploads\/2019\/05\/111_1.jpg",800,450,false],"thumbnail":["https:\/\/arantv.az\/wp-content\/uploads\/2019\/05\/111_1-150x150.jpg",150,150,true],"medium":["https:\/\/arantv.az\/wp-content\/uploads\/2019\/05\/111_1-300x169.jpg",300,169,true],"large":["https:\/\/arantv.az\/wp-content\/uploads\/2019\/05\/111_1.jpg",640,360,false],"1536x1536":["https:\/\/arantv.az\/wp-content\/uploads\/2019\/05\/111_1.jpg",800,450,false],"2048x2048":["https:\/\/arantv.az\/wp-content\/uploads\/2019\/05\/111_1.jpg",800,450,false],"post-thumbnail":["https:\/\/arantv.az\/wp-content\/uploads\/2019\/05\/111_1-240x172.jpg",240,172,true],"advps-thumb-one":["https:\/\/arantv.az\/wp-content\/uploads\/2019\/05\/111_1.jpg",800,450,false]},"rttpg_author":{"display_name":"V\u00fcsal Rafiqo\u011flu","author_link":"https:\/\/arantv.az\/?author=2"},"rttpg_comment":0,"rttpg_category":"<a href=\"https:\/\/arantv.az\/?cat=5\" rel=\"category\">Hadis\u0259<\/a>","rttpg_excerpt":"D\u00fcn\u0259n Bak\u0131n\u0131n N\u0259rimanov rayonunda ba\u015f ver\u0259n v\u0259 \u00f6l\u00fcml\u0259 n\u0259tic\u0259l\u0259n\u0259n yol-n\u0259qliyyat hadis\u0259sinin g\u00f6r\u00fcnt\u00fcl\u0259ri yay\u0131l\u0131b. Sosial \u015f\u0259b\u0259k\u0259d\u0259 yerl\u0259\u015fdiril\u0259n g\u00f6r\u00fcnt\u00fcl\u0259rd\u0259 \u201cBMW\u201d markal\u0131 avtomobilin y\u00fcks\u0259k s\u00fcr\u0259tl\u0259 h\u0259r\u0259k\u0259td\u0259 olan zaman s\u00fcr\u00fcc\u00fcn\u00fcn idar\u0259etm\u0259ni itirdiyi v\u0259 qar\u015f\u0131 yolda h\u0259r\u0259k\u0259t ed\u0259n \u201cMitsubishi\u201d markal\u0131 avtomobil\u0259 \u00e7\u0131rp\u0131ld\u0131\u011f\u0131 \u0259ks olunub. M\u0259lumata g\u00f6r\u0259, hadis\u0259 n\u0259tic\u0259sind\u0259 \u201cBMW\u201dnin s\u00fcr\u00fcc\u00fcs\u00fc, 1981-ci il t\u0259v\u0259ll\u00fcdl\u00fc T\u0259v\u0259kk\u00fcl Nizami o\u011flu Yusifov v\u0259 onun o\u011flu,&hellip;","_links":{"self":[{"href":"https:\/\/arantv.az\/index.php?rest_route=\/wp\/v2\/posts\/62345"}],"collection":[{"href":"https:\/\/arantv.az\/index.php?rest_route=\/wp\/v2\/posts"}],"about":[{"href":"https:\/\/arantv.az\/index.php?rest_route=\/wp\/v2\/types\/post"}],"author":[{"embeddable":true,"href":"https:\/\/arantv.az\/index.php?rest_route=\/wp\/v2\/users\/2"}],"replies":[{"embeddable":true,"href":"https:\/\/arantv.az\/index.php?rest_route=%2Fwp%2Fv2%2Fcomments&post=62345"}],"version-history":[{"count":0,"href":"https:\/\/arantv.az\/index.php?rest_route=\/wp\/v2\/posts\/62345\/revisions"}],"wp:featuredmedia":[{"embeddable":true,"href":"https:\/\/arantv.az\/index.php?rest_route=\/wp\/v2\/media\/62346"}],"wp:attachment":[{"href":"https:\/\/arantv.az\/index.php?rest_route=%2Fwp%2Fv2%2Fmedia&parent=62345"}],"wp:term":[{"taxonomy":"category","embeddable":true,"href":"https:\/\/arantv.az\/index.php?rest_route=%2Fwp%2Fv2%2Fcategories&post=62345"},{"taxonomy":"post_tag","embeddable":true,"href":"https:\/\/arantv.az\/index.php?rest_route=%2Fwp%2Fv2%2Ftags&post=62345"}],"curies":[{"name":"wp","href":"https:\/\/api.w.org\/{rel}","templated":true}]}}