{"id":62348,"date":"2019-05-29T09:35:43","date_gmt":"2019-05-29T06:35:43","guid":{"rendered":"http:\/\/arantv.az\/?p=62348"},"modified":"2019-05-29T09:35:43","modified_gmt":"2019-05-29T06:35:43","slug":"imam-q%c9%99tl%c9%99-yetirildi-q%c9%99dr-gec%c9%99sind%c9%99","status":"publish","type":"post","link":"https:\/\/arantv.az\/?p=62348","title":{"rendered":"\u0130mam q\u0259tl\u0259 yetirildi &#8211; Q\u0259dr gec\u0259sind\u0259"},"content":{"rendered":"<p><strong>\u0130ran\u0131n c\u0259nubunda yerl\u0259\u015f\u0259n Fars vilay\u0259tinin Kazerun rayonununda imam M\u0259h\u0259mm\u0259d Xors\u0259nd soyuq silahla q\u0259tl\u0259 yetirilib.<\/strong><\/p>\n<p><strong>ARANTV.AZ\u00a0<\/strong> x\u0259b\u0259r verir ki, bunu \u0130ran\u0131n Fars vilay\u0259ti h\u00fcquq-m\u00fchafiz\u0259 orqan\u0131n\u0131n r\u0259is m\u00fcavini polkovnik Kavus M\u0259h\u0259mm\u0259di deyib.<\/p>\n<p>K.M\u0259h\u0259mm\u0259dinin s\u00f6zl\u0259rin\u0259 g\u00f6r\u0259, imam Q\u0259dr gec\u0259si m\u0259rasimind\u0259n geri d\u00f6n\u0259n zaman m\u0259nzili qar\u015f\u0131s\u0131nda b\u0131\u00e7aqlan\u0131b.<\/p>\n<p>\u0130mam x\u0259st\u0259xanaya \u00e7atd\u0131r\u0131lsa da, onun h\u0259yat\u0131n\u0131 xilas etm\u0259k m\u00fcmk\u00fcn olmay\u0131b.<\/p>\n<p>Polis polkovniki qatilin saxlan\u0131lmas\u0131 \u00fc\u00e7\u00fcn \u0259m\u0259liyyat\u0131n ke\u00e7irildiyini bildirib:<\/p>\n<p>&#8220;Qatil fotoqraf olub. O, ruhani il\u0259 selfi \u00e7\u0259kdirm\u0259y\u0259 israr edib v\u0259 \u015f\u0259kil \u00e7\u0259kdir\u0259rk\u0259n onu b\u0131\u00e7aqlay\u0131b&#8221;.<\/p>\n<p>Xat\u0131rladaq ki, aprel ay\u0131nda \u0130ran\u0131n H\u0259m\u0259dan vilay\u0259tind\u0259 bir ruhani odlu silahla q\u0259tl\u0259 yetirilib.metbuat.az<\/p>\n","protected":false},"excerpt":{"rendered":"<p>\u0130ran\u0131n c\u0259nubunda yerl\u0259\u015f\u0259n Fars vilay\u0259tinin Kazerun rayonununda imam M\u0259h\u0259mm\u0259d Xors\u0259nd soyuq silahla q\u0259tl\u0259 yetirilib. ARANTV.AZ\u00a0 x\u0259b\u0259r verir ki, bunu \u0130ran\u0131n Fars vilay\u0259ti h\u00fcquq-m\u00fchafiz\u0259 orqan\u0131n\u0131n r\u0259is m\u00fcavini polkovnik Kavus M\u0259h\u0259mm\u0259di deyib. K.M\u0259h\u0259mm\u0259dinin s\u00f6zl\u0259rin\u0259 g\u00f6r\u0259, imam Q\u0259dr gec\u0259si m\u0259rasimind\u0259n geri d\u00f6n\u0259n zaman m\u0259nzili qar\u015f\u0131s\u0131nda b\u0131\u00e7aqlan\u0131b. \u0130mam x\u0259st\u0259xanaya \u00e7atd\u0131r\u0131lsa da, onun h\u0259yat\u0131n\u0131 xilas etm\u0259k m\u00fcmk\u00fcn olmay\u0131b. Polis polkovniki qatilin saxlan\u0131lmas\u0131 \u00fc\u00e7\u00fcn \u0259m\u0259liyyat\u0131n ke\u00e7irildiyini bildirib: &#8220;Qatil fotoqraf olub. O, ruhani il\u0259 selfi \u00e7\u0259kdirm\u0259y\u0259 israr edib v\u0259 \u015f\u0259kil \u00e7\u0259kdir\u0259rk\u0259n onu b\u0131\u00e7aqlay\u0131b&#8221;. Xat\u0131rladaq ki, aprel ay\u0131nda \u0130ran\u0131n H\u0259m\u0259dan vilay\u0259tind\u0259 bir ruhani odlu silahla q\u0259tl\u0259 yetirilib.metbuat.az<\/p>\n","protected":false},"author":2,"featured_media":62349,"comment_status":"closed","ping_status":"closed","sticky":false,"template":"","format":"standard","meta":{"om_disable_all_campaigns":false,"_monsterinsights_skip_tracking":false,"_monsterinsights_sitenote_active":false,"_monsterinsights_sitenote_note":"","_monsterinsights_sitenote_category":0},"categories":[7],"tags":[],"aioseo_notices":[],"gutentor_comment":0,"rttpg_featured_image_url":{"full":["https:\/\/arantv.az\/wp-content\/uploads\/2019\/05\/1198262.jpg",734,412,false],"landscape":["https:\/\/arantv.az\/wp-content\/uploads\/2019\/05\/1198262.jpg",734,412,false],"portraits":["https:\/\/arantv.az\/wp-content\/uploads\/2019\/05\/1198262.jpg",734,412,false],"thumbnail":["https:\/\/arantv.az\/wp-content\/uploads\/2019\/05\/1198262-150x150.jpg",150,150,true],"medium":["https:\/\/arantv.az\/wp-content\/uploads\/2019\/05\/1198262-300x168.jpg",300,168,true],"large":["https:\/\/arantv.az\/wp-content\/uploads\/2019\/05\/1198262.jpg",640,359,false],"1536x1536":["https:\/\/arantv.az\/wp-content\/uploads\/2019\/05\/1198262.jpg",734,412,false],"2048x2048":["https:\/\/arantv.az\/wp-content\/uploads\/2019\/05\/1198262.jpg",734,412,false],"post-thumbnail":["https:\/\/arantv.az\/wp-content\/uploads\/2019\/05\/1198262-240x172.jpg",240,172,true],"advps-thumb-one":["https:\/\/arantv.az\/wp-content\/uploads\/2019\/05\/1198262.jpg",734,412,false]},"rttpg_author":{"display_name":"V\u00fcsal Rafiqo\u011flu","author_link":"https:\/\/arantv.az\/?author=2"},"rttpg_comment":0,"rttpg_category":"<a href=\"https:\/\/arantv.az\/?cat=7\" rel=\"category\">D\u00fcnya<\/a>","rttpg_excerpt":"\u0130ran\u0131n c\u0259nubunda yerl\u0259\u015f\u0259n Fars vilay\u0259tinin Kazerun rayonununda imam M\u0259h\u0259mm\u0259d Xors\u0259nd soyuq silahla q\u0259tl\u0259 yetirilib. ARANTV.AZ\u00a0 x\u0259b\u0259r verir ki, bunu \u0130ran\u0131n Fars vilay\u0259ti h\u00fcquq-m\u00fchafiz\u0259 orqan\u0131n\u0131n r\u0259is m\u00fcavini polkovnik Kavus M\u0259h\u0259mm\u0259di deyib. K.M\u0259h\u0259mm\u0259dinin s\u00f6zl\u0259rin\u0259 g\u00f6r\u0259, imam Q\u0259dr gec\u0259si m\u0259rasimind\u0259n geri d\u00f6n\u0259n zaman m\u0259nzili qar\u015f\u0131s\u0131nda b\u0131\u00e7aqlan\u0131b. \u0130mam x\u0259st\u0259xanaya \u00e7atd\u0131r\u0131lsa da, onun h\u0259yat\u0131n\u0131 xilas etm\u0259k m\u00fcmk\u00fcn olmay\u0131b. Polis polkovniki&hellip;","_links":{"self":[{"href":"https:\/\/arantv.az\/index.php?rest_route=\/wp\/v2\/posts\/62348"}],"collection":[{"href":"https:\/\/arantv.az\/index.php?rest_route=\/wp\/v2\/posts"}],"about":[{"href":"https:\/\/arantv.az\/index.php?rest_route=\/wp\/v2\/types\/post"}],"author":[{"embeddable":true,"href":"https:\/\/arantv.az\/index.php?rest_route=\/wp\/v2\/users\/2"}],"replies":[{"embeddable":true,"href":"https:\/\/arantv.az\/index.php?rest_route=%2Fwp%2Fv2%2Fcomments&post=62348"}],"version-history":[{"count":0,"href":"https:\/\/arantv.az\/index.php?rest_route=\/wp\/v2\/posts\/62348\/revisions"}],"wp:featuredmedia":[{"embeddable":true,"href":"https:\/\/arantv.az\/index.php?rest_route=\/wp\/v2\/media\/62349"}],"wp:attachment":[{"href":"https:\/\/arantv.az\/index.php?rest_route=%2Fwp%2Fv2%2Fmedia&parent=62348"}],"wp:term":[{"taxonomy":"category","embeddable":true,"href":"https:\/\/arantv.az\/index.php?rest_route=%2Fwp%2Fv2%2Fcategories&post=62348"},{"taxonomy":"post_tag","embeddable":true,"href":"https:\/\/arantv.az\/index.php?rest_route=%2Fwp%2Fv2%2Ftags&post=62348"}],"curies":[{"name":"wp","href":"https:\/\/api.w.org\/{rel}","templated":true}]}}