{"id":62357,"date":"2019-05-29T09:47:36","date_gmt":"2019-05-29T06:47:36","guid":{"rendered":"http:\/\/arantv.az\/?p=62357"},"modified":"2019-05-29T09:47:36","modified_gmt":"2019-05-29T06:47:36","slug":"az%c9%99rbaycanlilarin-vizasiz-ged%c9%99-bil%c9%99c%c9%99yi-olk%c9%99l%c9%99rin-siyahisi","status":"publish","type":"post","link":"https:\/\/arantv.az\/?p=62357","title":{"rendered":"Az\u0259rbaycanl\u0131lar\u0131n vizas\u0131z ged\u0259 bil\u0259c\u0259yi \u00f6lk\u0259l\u0259rin S\u0130YAHISI"},"content":{"rendered":"<p>Az\u0259rbaycan v\u0259t\u0259nda\u015flar\u0131 \u00fcmumilikd\u0259 62 \u00f6lk\u0259y\u0259 vizas\u0131z gedib-g\u0259l\u0259 bil\u0259rl\u0259r.<\/p>\n<p><b>ARANTV.AZ\u00a0<\/b>bildirir ki, bu bar\u0259d\u0259 Xarici \u0130\u015fl\u0259r Nazirliyind\u0259n m\u0259lumat verilib.<\/p>\n<p>V\u0259t\u0259nda\u015flar\u0131m\u0131z h\u0259min \u00f6lk\u0259l\u0259r\u0259 diplomatik, xidm\u0259ti v\u0259 adi v\u0259t\u0259nda\u015fl\u0131q passportu il\u0259 vizas\u0131z gedib-g\u0259l\u0259 bil\u0259rl\u0259r.<\/p>\n<p>1-ci qrupa daxil olan \u00f6lk\u0259l\u0259r\u0259 v\u0259t\u0259nda\u015fl\u0131q passportu il\u0259 getm\u0259k v\u0259 qeyd olunan m\u00fcdd\u0259t\u0259 q\u0259d\u0259r orada ya\u015famaq m\u00fcmk\u00fcnd\u00fcr.<\/p>\n<p>2-ci qrup \u00f6lk\u0259l\u0259r\u0259 getm\u0259k \u00fc\u00e7\u00fcn, \u0259slind\u0259, viza t\u0259l\u0259b olunsa da, h\u0259min \u00f6lk\u0259l\u0259rd\u0259 Az\u0259rbaycan v\u0259t\u0259nda\u015flar\u0131na vizalar el\u0259 s\u0259rh\u0259dd\u0259, avtomatik olaraq verilir. Ona g\u00f6r\u0259 d\u0259 faktiki olaraq bu \u00f6lk\u0259l\u0259r\u0259 getm\u0259k \u00fc\u00e7\u00fcn d\u0259 \u0259vv\u0259lc\u0259d\u0259n viza almaq laz\u0131m deyil.<\/p>\n<div id=\"AdviadNativeVideo0\" class=\"AdviadNativeVideo\"><\/div>\n<p>3-c\u00fc qrup \u00f6lk\u0259l\u0259r\u0259 yaln\u0131z diplomatik v\u0259 ya xidm\u0259ti pasportlar vasit\u0259sil\u0259 vizas\u0131z getm\u0259k olar.<\/p>\n<p>Bel\u0259likl\u0259,<\/p>\n<p>1-ci qrup: Bu \u00f6lk\u0259l\u0259r\u0259 v\u0259t\u0259nda\u015fl\u0131q pasportu il\u0259 getm\u0259k v\u0259 qeyd olunan m\u00fcdd\u0259t\u0259 q\u0259d\u0259r orada ya\u015famaq m\u00fcmk\u00fcnd\u00fcr.<\/p>\n<p>2-ci qrup: Bu \u00f6lk\u0259l\u0259rd\u0259 Az\u0259rbaycan v\u0259t\u0259nda\u015flar\u0131na s\u0259rh\u0259dd\u0259 viza verilir.<\/p>\n<p>3-c\u00fc qrup: Bu \u00f6lk\u0259l\u0259r\u0259 is\u0259 diplomatik, xidm\u0259ti v\u0259 ya x\u00fcsusi pasportla vizas\u0131z getm\u0259k m\u00fcmk\u00fcnd\u00fcr.big.az<\/p>\n","protected":false},"excerpt":{"rendered":"<p>Az\u0259rbaycan v\u0259t\u0259nda\u015flar\u0131 \u00fcmumilikd\u0259 62 \u00f6lk\u0259y\u0259 vizas\u0131z gedib-g\u0259l\u0259 bil\u0259rl\u0259r. ARANTV.AZ\u00a0bildirir ki, bu bar\u0259d\u0259 Xarici \u0130\u015fl\u0259r Nazirliyind\u0259n m\u0259lumat verilib. V\u0259t\u0259nda\u015flar\u0131m\u0131z h\u0259min \u00f6lk\u0259l\u0259r\u0259 diplomatik, xidm\u0259ti v\u0259 adi v\u0259t\u0259nda\u015fl\u0131q passportu il\u0259 vizas\u0131z gedib-g\u0259l\u0259 bil\u0259rl\u0259r. 1-ci qrupa daxil olan \u00f6lk\u0259l\u0259r\u0259 v\u0259t\u0259nda\u015fl\u0131q passportu il\u0259 getm\u0259k v\u0259 qeyd olunan m\u00fcdd\u0259t\u0259 q\u0259d\u0259r orada ya\u015famaq m\u00fcmk\u00fcnd\u00fcr. 2-ci qrup \u00f6lk\u0259l\u0259r\u0259 getm\u0259k \u00fc\u00e7\u00fcn, \u0259slind\u0259, viza t\u0259l\u0259b olunsa da, h\u0259min \u00f6lk\u0259l\u0259rd\u0259 Az\u0259rbaycan v\u0259t\u0259nda\u015flar\u0131na vizalar el\u0259 s\u0259rh\u0259dd\u0259, avtomatik olaraq verilir. Ona g\u00f6r\u0259 d\u0259 faktiki olaraq bu \u00f6lk\u0259l\u0259r\u0259 getm\u0259k \u00fc\u00e7\u00fcn d\u0259 \u0259vv\u0259lc\u0259d\u0259n viza almaq laz\u0131m deyil. 3-c\u00fc qrup \u00f6lk\u0259l\u0259r\u0259 yaln\u0131z diplomatik v\u0259 ya xidm\u0259ti&hellip;<\/p>\n","protected":false},"author":2,"featured_media":62358,"comment_status":"closed","ping_status":"closed","sticky":false,"template":"","format":"standard","meta":{"om_disable_all_campaigns":false,"_monsterinsights_skip_tracking":false,"_monsterinsights_sitenote_active":false,"_monsterinsights_sitenote_note":"","_monsterinsights_sitenote_category":0},"categories":[1],"tags":[],"aioseo_notices":[],"gutentor_comment":0,"rttpg_featured_image_url":{"full":["https:\/\/arantv.az\/wp-content\/uploads\/2019\/05\/1559103669_756508_3.jpg",482,361,false],"landscape":["https:\/\/arantv.az\/wp-content\/uploads\/2019\/05\/1559103669_756508_3.jpg",482,361,false],"portraits":["https:\/\/arantv.az\/wp-content\/uploads\/2019\/05\/1559103669_756508_3.jpg",482,361,false],"thumbnail":["https:\/\/arantv.az\/wp-content\/uploads\/2019\/05\/1559103669_756508_3-150x150.jpg",150,150,true],"medium":["https:\/\/arantv.az\/wp-content\/uploads\/2019\/05\/1559103669_756508_3-300x225.jpg",300,225,true],"large":["https:\/\/arantv.az\/wp-content\/uploads\/2019\/05\/1559103669_756508_3.jpg",482,361,false],"1536x1536":["https:\/\/arantv.az\/wp-content\/uploads\/2019\/05\/1559103669_756508_3.jpg",482,361,false],"2048x2048":["https:\/\/arantv.az\/wp-content\/uploads\/2019\/05\/1559103669_756508_3.jpg",482,361,false],"post-thumbnail":["https:\/\/arantv.az\/wp-content\/uploads\/2019\/05\/1559103669_756508_3-240x172.jpg",240,172,true],"advps-thumb-one":["https:\/\/arantv.az\/wp-content\/uploads\/2019\/05\/1559103669_756508_3.jpg",482,361,false]},"rttpg_author":{"display_name":"V\u00fcsal Rafiqo\u011flu","author_link":"https:\/\/arantv.az\/?author=2"},"rttpg_comment":0,"rttpg_category":"<a href=\"https:\/\/arantv.az\/?cat=1\" rel=\"category\">C\u0259miyy\u0259t<\/a>","rttpg_excerpt":"Az\u0259rbaycan v\u0259t\u0259nda\u015flar\u0131 \u00fcmumilikd\u0259 62 \u00f6lk\u0259y\u0259 vizas\u0131z gedib-g\u0259l\u0259 bil\u0259rl\u0259r. ARANTV.AZ\u00a0bildirir ki, bu bar\u0259d\u0259 Xarici \u0130\u015fl\u0259r Nazirliyind\u0259n m\u0259lumat verilib. V\u0259t\u0259nda\u015flar\u0131m\u0131z h\u0259min \u00f6lk\u0259l\u0259r\u0259 diplomatik, xidm\u0259ti v\u0259 adi v\u0259t\u0259nda\u015fl\u0131q passportu il\u0259 vizas\u0131z gedib-g\u0259l\u0259 bil\u0259rl\u0259r. 1-ci qrupa daxil olan \u00f6lk\u0259l\u0259r\u0259 v\u0259t\u0259nda\u015fl\u0131q passportu il\u0259 getm\u0259k v\u0259 qeyd olunan m\u00fcdd\u0259t\u0259 q\u0259d\u0259r orada ya\u015famaq m\u00fcmk\u00fcnd\u00fcr. 2-ci qrup \u00f6lk\u0259l\u0259r\u0259 getm\u0259k \u00fc\u00e7\u00fcn, \u0259slind\u0259, viza t\u0259l\u0259b&hellip;","_links":{"self":[{"href":"https:\/\/arantv.az\/index.php?rest_route=\/wp\/v2\/posts\/62357"}],"collection":[{"href":"https:\/\/arantv.az\/index.php?rest_route=\/wp\/v2\/posts"}],"about":[{"href":"https:\/\/arantv.az\/index.php?rest_route=\/wp\/v2\/types\/post"}],"author":[{"embeddable":true,"href":"https:\/\/arantv.az\/index.php?rest_route=\/wp\/v2\/users\/2"}],"replies":[{"embeddable":true,"href":"https:\/\/arantv.az\/index.php?rest_route=%2Fwp%2Fv2%2Fcomments&post=62357"}],"version-history":[{"count":0,"href":"https:\/\/arantv.az\/index.php?rest_route=\/wp\/v2\/posts\/62357\/revisions"}],"wp:featuredmedia":[{"embeddable":true,"href":"https:\/\/arantv.az\/index.php?rest_route=\/wp\/v2\/media\/62358"}],"wp:attachment":[{"href":"https:\/\/arantv.az\/index.php?rest_route=%2Fwp%2Fv2%2Fmedia&parent=62357"}],"wp:term":[{"taxonomy":"category","embeddable":true,"href":"https:\/\/arantv.az\/index.php?rest_route=%2Fwp%2Fv2%2Fcategories&post=62357"},{"taxonomy":"post_tag","embeddable":true,"href":"https:\/\/arantv.az\/index.php?rest_route=%2Fwp%2Fv2%2Ftags&post=62357"}],"curies":[{"name":"wp","href":"https:\/\/api.w.org\/{rel}","templated":true}]}}