{"id":624194,"date":"2023-08-25T11:55:26","date_gmt":"2023-08-25T07:55:26","guid":{"rendered":"https:\/\/arantv.az\/?p=624194"},"modified":"2023-08-25T11:55:26","modified_gmt":"2023-08-25T07:55:26","slug":"miq-imtahaninin-musahib%c9%99-m%c9%99rh%c9%99l%c9%99sinin-n%c9%99tic%c9%99l%c9%99ri-elan-olunub","status":"publish","type":"post","link":"https:\/\/arantv.az\/?p=624194","title":{"rendered":"M\u0130Q imtahan\u0131n\u0131n m\u00fcsahib\u0259 m\u0259rh\u0259l\u0259sinin n\u0259tic\u0259l\u0259ri elan olunub"},"content":{"rendered":"<p>D\u00f6vl\u0259t \u00fcmumi t\u0259hsil m\u00fc\u0259ssis\u0259l\u0259rin\u0259 m\u00fc\u0259lliml\u0259rin i\u015f\u0259 q\u0259bulu \u00fczr\u0259 m\u00fcsabiq\u0259nin m\u00fcsahib\u0259 m\u0259rh\u0259l\u0259sinin n\u0259tic\u0259l\u0259ri bar\u0259d\u0259 m\u0259lumat namiz\u0259dl\u0259rin \u015f\u0259xsi s\u0259hif\u0259l\u0259rin\u0259 g\u00f6nd\u0259rilib.<\/p>\n<p>Bu bar\u0259d\u0259 T\u0259hsil \u0130nstitutu m\u0259lumat yay\u0131b.<\/p>\n<p>Bildirilib ki, 9-18 avqust tarixl\u0259rind\u0259 t\u0259\u015fkil olunan m\u00fcsahib\u0259l\u0259rd\u0259 4 300 n\u0259f\u0259r u\u011fur qazan\u0131b.<\/p>\n<p>Qeyd edilib ki, m\u00fcsahib\u0259l\u0259rd\u0259 u\u011fur qazanan namiz\u0259dl\u0259r 29 avqust saat 18:00-d\u0259k z\u0259ruri s\u0259n\u0259dl\u0259ri (\u015f\u0259xsiyy\u0259ti t\u0259sdiq ed\u0259n s\u0259n\u0259din, ali v\u0259 ya orta ixtisas t\u0259hsili haqq\u0131nda s\u0259n\u0259d v\u0259 ona \u0259lav\u0259nin sur\u0259ti, \u0259m\u0259k kitab\u00e7as\u0131n\u0131n \u0259sli (oldu\u011fu t\u0259qdird\u0259), d\u00f6rd \u0259d\u0259d foto\u015f\u0259kil, sa\u011flaml\u0131q haqq\u0131nda aray\u0131\u015f, kadrlar u\u00e7otunun \u015f\u0259xsi v\u0259r\u0259q\u0259si, \u015f\u0259xsi s\u0259hif\u0259d\u0259 i\u015f\u0259 q\u0259bulun n\u0259tic\u0259sin\u0259 dair \u00e7\u0131xar\u0131\u015f) aidiyy\u0259ti yerli t\u0259hsili idar\u0259etm\u0259 orqan\u0131na t\u0259qdim etm\u0259lidirl\u0259r.<\/p>\n<p>\u00c7\u0131xar\u0131\u015f\u0131 aidiyy\u0259ti yerli t\u0259hsili idar\u0259etm\u0259 orqan\u0131 t\u0259r\u0259find\u0259n t\u0259sdiq olunmu\u015f namiz\u0259dl\u0259rin i\u015f\u0259 q\u0259bulu r\u0259smil\u0259\u015f\u0259c\u0259k. Namiz\u0259dl\u0259r\u0259 s\u0259n\u0259dl\u0259rini t\u0259qdim etdikd\u0259n sonra \u015f\u0259xsi s\u0259hif\u0259l\u0259rin\u0259 daxil olaraq \u00e7\u0131xar\u0131\u015f\u0131n\u0131n t\u0259sdiq olundu\u011funu yoxlamaq t\u00f6vsiy\u0259 olunur.<\/p>\n<p>\u00c7\u0131xar\u0131\u015f\u0131n\u0131 t\u0259sdiq etm\u0259y\u0259n, m\u00fcsahib\u0259 m\u0259rh\u0259l\u0259sind\u0259 u\u011fur qazand\u0131qdan sonra tutdu\u011fu vakant yerd\u0259n imtina ed\u0259n \u015f\u0259xsl\u0259rin n\u00f6vb\u0259ti turlarda i\u015ftirak\u0131 t\u0259min olunmayacaq.<\/p>\n<p>M\u00fcsahib\u0259 m\u0259rh\u0259l\u0259sind\u0259 u\u011fur qazanmayan namiz\u0259dl\u0259r 26 avqust saat 11:00-dan etibar\u0259n \u015f\u0259xsi s\u0259hif\u0259l\u0259rin\u0259 daxil olaraq apellyasiyaya m\u00fcraci\u0259t ed\u0259 bil\u0259rl\u0259r. Apellyasiya m\u00fcraci\u0259tl\u0259rinin q\u0259bulu 28 avqust saat 11:00-da ba\u015fa \u00e7atacaq.<\/p>\n<p>Bildirilib ki, apellyasiya m\u00fcsahib\u0259l\u0259rinin onlayn formatda t\u0259\u015fkili n\u0259z\u0259rd\u0259 tutulub. Bunun \u00fc\u00e7\u00fcn namiz\u0259dl\u0259r \u015f\u0259xsi s\u0259hif\u0259l\u0259rin\u0259 daxil olaraq m\u00fcsahib\u0259 linkinin g\u00f6nd\u0259ril\u0259c\u0259yi elektron po\u00e7t \u00fcnvanlar\u0131n\u0131 m\u00fcvafiq xanaya yazaraq i\u015ftiraklar\u0131n\u0131 t\u0259sdiq etm\u0259lidirl\u0259r. Qeydiyyat zaman\u0131 elektron po\u00e7t \u00fcnvan\u0131n\u0131 d\u00fczg\u00fcn qeyd etm\u0259y\u0259n v\u0259 elektron \u0259riz\u0259sini t\u0259sdiql\u0259m\u0259y\u0259n namiz\u0259dl\u0259rin apellyasiya m\u00fcraci\u0259ti t\u0259min olunmayacaq.<\/p>\n<p>Qeyd edilib ki, yax\u0131n g\u00fcnl\u0259rd\u0259 onlayn apellyasiya m\u00fcsahib\u0259l\u0259rinin ke\u00e7iril\u0259c\u0259yi tarix bar\u0259d\u0259 \u0259lav\u0259 m\u0259lumat veril\u0259c\u0259k.<\/p>\n","protected":false},"excerpt":{"rendered":"<p>D\u00f6vl\u0259t \u00fcmumi t\u0259hsil m\u00fc\u0259ssis\u0259l\u0259rin\u0259 m\u00fc\u0259lliml\u0259rin i\u015f\u0259 q\u0259bulu \u00fczr\u0259 m\u00fcsabiq\u0259nin m\u00fcsahib\u0259 m\u0259rh\u0259l\u0259sinin n\u0259tic\u0259l\u0259ri bar\u0259d\u0259 m\u0259lumat namiz\u0259dl\u0259rin \u015f\u0259xsi s\u0259hif\u0259l\u0259rin\u0259 g\u00f6nd\u0259rilib. Bu bar\u0259d\u0259 T\u0259hsil \u0130nstitutu m\u0259lumat yay\u0131b. Bildirilib ki, 9-18 avqust tarixl\u0259rind\u0259 t\u0259\u015fkil olunan m\u00fcsahib\u0259l\u0259rd\u0259 4 300 n\u0259f\u0259r u\u011fur qazan\u0131b. Qeyd edilib ki, m\u00fcsahib\u0259l\u0259rd\u0259 u\u011fur qazanan namiz\u0259dl\u0259r 29 avqust saat 18:00-d\u0259k z\u0259ruri s\u0259n\u0259dl\u0259ri (\u015f\u0259xsiyy\u0259ti t\u0259sdiq ed\u0259n s\u0259n\u0259din, ali v\u0259 ya orta ixtisas t\u0259hsili haqq\u0131nda s\u0259n\u0259d v\u0259 ona \u0259lav\u0259nin sur\u0259ti, \u0259m\u0259k kitab\u00e7as\u0131n\u0131n \u0259sli (oldu\u011fu t\u0259qdird\u0259), d\u00f6rd \u0259d\u0259d foto\u015f\u0259kil, sa\u011flaml\u0131q haqq\u0131nda aray\u0131\u015f, kadrlar u\u00e7otunun \u015f\u0259xsi v\u0259r\u0259q\u0259si, \u015f\u0259xsi s\u0259hif\u0259d\u0259 i\u015f\u0259 q\u0259bulun n\u0259tic\u0259sin\u0259 dair \u00e7\u0131xar\u0131\u015f) aidiyy\u0259ti yerli&hellip;<\/p>\n","protected":false},"author":2,"featured_media":615465,"comment_status":"closed","ping_status":"closed","sticky":false,"template":"","format":"standard","meta":{"om_disable_all_campaigns":false,"_monsterinsights_skip_tracking":false,"_monsterinsights_sitenote_active":false,"_monsterinsights_sitenote_note":"","_monsterinsights_sitenote_category":0},"categories":[1],"tags":[],"aioseo_notices":[],"gutentor_comment":0,"rttpg_featured_image_url":{"full":["https:\/\/arantv.az\/wp-content\/uploads\/2023\/08\/azedu.az_miqderrr_111__1_.jpg",637,400,false],"landscape":["https:\/\/arantv.az\/wp-content\/uploads\/2023\/08\/azedu.az_miqderrr_111__1_.jpg",637,400,false],"portraits":["https:\/\/arantv.az\/wp-content\/uploads\/2023\/08\/azedu.az_miqderrr_111__1_.jpg",637,400,false],"thumbnail":["https:\/\/arantv.az\/wp-content\/uploads\/2023\/08\/azedu.az_miqderrr_111__1_-500x280.jpg",500,280,true],"medium":["https:\/\/arantv.az\/wp-content\/uploads\/2023\/08\/azedu.az_miqderrr_111__1_-581x365.jpg",581,365,true],"large":["https:\/\/arantv.az\/wp-content\/uploads\/2023\/08\/azedu.az_miqderrr_111__1_.jpg",637,400,false],"1536x1536":["https:\/\/arantv.az\/wp-content\/uploads\/2023\/08\/azedu.az_miqderrr_111__1_.jpg",637,400,false],"2048x2048":["https:\/\/arantv.az\/wp-content\/uploads\/2023\/08\/azedu.az_miqderrr_111__1_.jpg",637,400,false],"post-thumbnail":["https:\/\/arantv.az\/wp-content\/uploads\/2023\/08\/azedu.az_miqderrr_111__1_-240x172.jpg",240,172,true],"advps-thumb-one":["https:\/\/arantv.az\/wp-content\/uploads\/2023\/08\/azedu.az_miqderrr_111__1_.jpg",637,400,false]},"rttpg_author":{"display_name":"V\u00fcsal Rafiqo\u011flu","author_link":"https:\/\/arantv.az\/?author=2"},"rttpg_comment":0,"rttpg_category":"<a href=\"https:\/\/arantv.az\/?cat=1\" rel=\"category\">C\u0259miyy\u0259t<\/a>","rttpg_excerpt":"D\u00f6vl\u0259t \u00fcmumi t\u0259hsil m\u00fc\u0259ssis\u0259l\u0259rin\u0259 m\u00fc\u0259lliml\u0259rin i\u015f\u0259 q\u0259bulu \u00fczr\u0259 m\u00fcsabiq\u0259nin m\u00fcsahib\u0259 m\u0259rh\u0259l\u0259sinin n\u0259tic\u0259l\u0259ri bar\u0259d\u0259 m\u0259lumat namiz\u0259dl\u0259rin \u015f\u0259xsi s\u0259hif\u0259l\u0259rin\u0259 g\u00f6nd\u0259rilib. Bu bar\u0259d\u0259 T\u0259hsil \u0130nstitutu m\u0259lumat yay\u0131b. Bildirilib ki, 9-18 avqust tarixl\u0259rind\u0259 t\u0259\u015fkil olunan m\u00fcsahib\u0259l\u0259rd\u0259 4 300 n\u0259f\u0259r u\u011fur qazan\u0131b. Qeyd edilib ki, m\u00fcsahib\u0259l\u0259rd\u0259 u\u011fur qazanan namiz\u0259dl\u0259r 29 avqust saat 18:00-d\u0259k z\u0259ruri s\u0259n\u0259dl\u0259ri (\u015f\u0259xsiyy\u0259ti t\u0259sdiq ed\u0259n s\u0259n\u0259din, ali&hellip;","_links":{"self":[{"href":"https:\/\/arantv.az\/index.php?rest_route=\/wp\/v2\/posts\/624194"}],"collection":[{"href":"https:\/\/arantv.az\/index.php?rest_route=\/wp\/v2\/posts"}],"about":[{"href":"https:\/\/arantv.az\/index.php?rest_route=\/wp\/v2\/types\/post"}],"author":[{"embeddable":true,"href":"https:\/\/arantv.az\/index.php?rest_route=\/wp\/v2\/users\/2"}],"replies":[{"embeddable":true,"href":"https:\/\/arantv.az\/index.php?rest_route=%2Fwp%2Fv2%2Fcomments&post=624194"}],"version-history":[{"count":0,"href":"https:\/\/arantv.az\/index.php?rest_route=\/wp\/v2\/posts\/624194\/revisions"}],"wp:featuredmedia":[{"embeddable":true,"href":"https:\/\/arantv.az\/index.php?rest_route=\/wp\/v2\/media\/615465"}],"wp:attachment":[{"href":"https:\/\/arantv.az\/index.php?rest_route=%2Fwp%2Fv2%2Fmedia&parent=624194"}],"wp:term":[{"taxonomy":"category","embeddable":true,"href":"https:\/\/arantv.az\/index.php?rest_route=%2Fwp%2Fv2%2Fcategories&post=624194"},{"taxonomy":"post_tag","embeddable":true,"href":"https:\/\/arantv.az\/index.php?rest_route=%2Fwp%2Fv2%2Ftags&post=624194"}],"curies":[{"name":"wp","href":"https:\/\/api.w.org\/{rel}","templated":true}]}}