{"id":625817,"date":"2023-08-29T15:01:13","date_gmt":"2023-08-29T11:01:13","guid":{"rendered":"https:\/\/arantv.az\/?p=625817"},"modified":"2023-08-29T15:01:13","modified_gmt":"2023-08-29T11:01:13","slug":"professor-iranin-hazirki-v%c9%99ziyy%c9%99ti-monqol-istilasindan-da-pisdir-foto","status":"publish","type":"post","link":"https:\/\/arantv.az\/?p=625817","title":{"rendered":"Professor: \u201c\u0130ran\u0131n haz\u0131rk\u0131 v\u0259ziyy\u0259ti monqol istilas\u0131ndan da pisdir\u201d &#8211; FOTO"},"content":{"rendered":"<p>\u0130ran h\u00f6kum\u0259tini t\u0259nqid etdiyin\u0259 g\u00f6r\u0259 i\u015fd\u0259n \u00e7\u0131xar\u0131lan Tehran Universitetinin tarix professoru Daryu\u015f R\u0259hmanian h\u00f6kum\u0259tin t\u0259zyiql\u0259ri n\u0259tic\u0259sind\u0259 ziyal\u0131lar\u0131n \u0130randan m\u00fchacir\u0259t etm\u0259sinin monqol istilas\u0131ndan daha pis oldu\u011funu deyib.<\/p>\n<p>\u201cAzad \u0130ran\u201d \u201cTelegram\u201d kanal\u0131 x\u0259b\u0259r verir ki, Daryu\u015f R\u0259hmanian bu bar\u0259d\u0259 yerli q\u0259zetl\u0259rd\u0259n birin\u0259 m\u00fcsahib\u0259d\u0259 deyib.<\/p>\n<p>\u201cM\u0259n d\u0259f\u0259l\u0259rl\u0259 yazm\u0131\u015fam ki, insan kapital\u0131n\u0131n v\u0259 d\u00fc\u015f\u00fcn\u0259n beyinl\u0259rin \u0130randan qa\u00e7mas\u0131 monqol istilas\u0131ndan daha pisdir. Bu, \u0130ran\u0131n b\u00fcn\u00f6vr\u0259sini sars\u0131dacaq v\u0259 n\u0259 \u00f6lk\u0259nin, n\u0259 d\u0259 hakimiyy\u0259tin xeyrin\u0259dir. \u0130ran el\u0259 bir istiqam\u0259t\u0259 do\u011fru gedir ki, bir t\u0259r\u0259fd\u0259n, zibil toplayanlar\u0131, dig\u0259r t\u0259r\u0259fd\u0259n is\u0259 s\u0259n\u0259t adamlar\u0131n\u0131, m\u00fct\u0259f\u0259kkirl\u0259ri, filosoflar\u0131, aliml\u0259ri, rejissorlar\u0131 v\u0259 h\u0259kiml\u0259ri \u00f6lk\u0259d\u0259n uzaqla\u015fd\u0131r\u0131r\u201d, &#8211; dey\u0259 o \u0259lav\u0259 edib.<\/p>\n<div><iframe loading=\"lazy\" id=\"telegram-post-AzadIranTelegram-25226\" src=\"https:\/\/t.me\/AzadIranTelegram\/25226?embed=1\" width=\"100%\" height=\"\" frameborder=\"0\" scrolling=\"no\" data-mce-fragment=\"1\"><\/iframe><\/div>\n<p>&nbsp;<\/p>\n","protected":false},"excerpt":{"rendered":"<p>\u0130ran h\u00f6kum\u0259tini t\u0259nqid etdiyin\u0259 g\u00f6r\u0259 i\u015fd\u0259n \u00e7\u0131xar\u0131lan Tehran Universitetinin tarix professoru Daryu\u015f R\u0259hmanian h\u00f6kum\u0259tin t\u0259zyiql\u0259ri n\u0259tic\u0259sind\u0259 ziyal\u0131lar\u0131n \u0130randan m\u00fchacir\u0259t etm\u0259sinin monqol istilas\u0131ndan daha pis oldu\u011funu deyib. \u201cAzad \u0130ran\u201d \u201cTelegram\u201d kanal\u0131 x\u0259b\u0259r verir ki, Daryu\u015f R\u0259hmanian bu bar\u0259d\u0259 yerli q\u0259zetl\u0259rd\u0259n birin\u0259 m\u00fcsahib\u0259d\u0259 deyib. \u201cM\u0259n d\u0259f\u0259l\u0259rl\u0259 yazm\u0131\u015fam ki, insan kapital\u0131n\u0131n v\u0259 d\u00fc\u015f\u00fcn\u0259n beyinl\u0259rin \u0130randan qa\u00e7mas\u0131 monqol istilas\u0131ndan daha pisdir. Bu, \u0130ran\u0131n b\u00fcn\u00f6vr\u0259sini sars\u0131dacaq v\u0259 n\u0259 \u00f6lk\u0259nin, n\u0259 d\u0259 hakimiyy\u0259tin xeyrin\u0259dir. \u0130ran el\u0259 bir istiqam\u0259t\u0259 do\u011fru gedir ki, bir t\u0259r\u0259fd\u0259n, zibil toplayanlar\u0131, dig\u0259r t\u0259r\u0259fd\u0259n is\u0259 s\u0259n\u0259t adamlar\u0131n\u0131, m\u00fct\u0259f\u0259kkirl\u0259ri, filosoflar\u0131, aliml\u0259ri, rejissorlar\u0131 v\u0259 h\u0259kiml\u0259ri&hellip;<\/p>\n","protected":false},"author":2,"featured_media":625820,"comment_status":"closed","ping_status":"closed","sticky":false,"template":"","format":"standard","meta":{"om_disable_all_campaigns":false,"_monsterinsights_skip_tracking":false,"_monsterinsights_sitenote_active":false,"_monsterinsights_sitenote_note":"","_monsterinsights_sitenote_category":0},"categories":[7],"tags":[],"aioseo_notices":[],"gutentor_comment":0,"rttpg_featured_image_url":{"full":["https:\/\/arantv.az\/wp-content\/uploads\/2023\/08\/FotoJet-27-1.jpg",620,413,false],"landscape":["https:\/\/arantv.az\/wp-content\/uploads\/2023\/08\/FotoJet-27-1.jpg",620,413,false],"portraits":["https:\/\/arantv.az\/wp-content\/uploads\/2023\/08\/FotoJet-27-1.jpg",620,413,false],"thumbnail":["https:\/\/arantv.az\/wp-content\/uploads\/2023\/08\/FotoJet-27-1-500x280.jpg",500,280,true],"medium":["https:\/\/arantv.az\/wp-content\/uploads\/2023\/08\/FotoJet-27-1-548x365.jpg",548,365,true],"large":["https:\/\/arantv.az\/wp-content\/uploads\/2023\/08\/FotoJet-27-1.jpg",620,413,false],"1536x1536":["https:\/\/arantv.az\/wp-content\/uploads\/2023\/08\/FotoJet-27-1.jpg",620,413,false],"2048x2048":["https:\/\/arantv.az\/wp-content\/uploads\/2023\/08\/FotoJet-27-1.jpg",620,413,false],"post-thumbnail":["https:\/\/arantv.az\/wp-content\/uploads\/2023\/08\/FotoJet-27-1-240x172.jpg",240,172,true],"advps-thumb-one":["https:\/\/arantv.az\/wp-content\/uploads\/2023\/08\/FotoJet-27-1.jpg",620,413,false]},"rttpg_author":{"display_name":"V\u00fcsal Rafiqo\u011flu","author_link":"https:\/\/arantv.az\/?author=2"},"rttpg_comment":0,"rttpg_category":"<a href=\"https:\/\/arantv.az\/?cat=7\" rel=\"category\">D\u00fcnya<\/a>","rttpg_excerpt":"\u0130ran h\u00f6kum\u0259tini t\u0259nqid etdiyin\u0259 g\u00f6r\u0259 i\u015fd\u0259n \u00e7\u0131xar\u0131lan Tehran Universitetinin tarix professoru Daryu\u015f R\u0259hmanian h\u00f6kum\u0259tin t\u0259zyiql\u0259ri n\u0259tic\u0259sind\u0259 ziyal\u0131lar\u0131n \u0130randan m\u00fchacir\u0259t etm\u0259sinin monqol istilas\u0131ndan daha pis oldu\u011funu deyib. \u201cAzad \u0130ran\u201d \u201cTelegram\u201d kanal\u0131 x\u0259b\u0259r verir ki, Daryu\u015f R\u0259hmanian bu bar\u0259d\u0259 yerli q\u0259zetl\u0259rd\u0259n birin\u0259 m\u00fcsahib\u0259d\u0259 deyib. \u201cM\u0259n d\u0259f\u0259l\u0259rl\u0259 yazm\u0131\u015fam ki, insan kapital\u0131n\u0131n v\u0259 d\u00fc\u015f\u00fcn\u0259n beyinl\u0259rin \u0130randan qa\u00e7mas\u0131 monqol istilas\u0131ndan&hellip;","_links":{"self":[{"href":"https:\/\/arantv.az\/index.php?rest_route=\/wp\/v2\/posts\/625817"}],"collection":[{"href":"https:\/\/arantv.az\/index.php?rest_route=\/wp\/v2\/posts"}],"about":[{"href":"https:\/\/arantv.az\/index.php?rest_route=\/wp\/v2\/types\/post"}],"author":[{"embeddable":true,"href":"https:\/\/arantv.az\/index.php?rest_route=\/wp\/v2\/users\/2"}],"replies":[{"embeddable":true,"href":"https:\/\/arantv.az\/index.php?rest_route=%2Fwp%2Fv2%2Fcomments&post=625817"}],"version-history":[{"count":0,"href":"https:\/\/arantv.az\/index.php?rest_route=\/wp\/v2\/posts\/625817\/revisions"}],"wp:featuredmedia":[{"embeddable":true,"href":"https:\/\/arantv.az\/index.php?rest_route=\/wp\/v2\/media\/625820"}],"wp:attachment":[{"href":"https:\/\/arantv.az\/index.php?rest_route=%2Fwp%2Fv2%2Fmedia&parent=625817"}],"wp:term":[{"taxonomy":"category","embeddable":true,"href":"https:\/\/arantv.az\/index.php?rest_route=%2Fwp%2Fv2%2Fcategories&post=625817"},{"taxonomy":"post_tag","embeddable":true,"href":"https:\/\/arantv.az\/index.php?rest_route=%2Fwp%2Fv2%2Ftags&post=625817"}],"curies":[{"name":"wp","href":"https:\/\/api.w.org\/{rel}","templated":true}]}}