{"id":625822,"date":"2023-08-29T15:05:35","date_gmt":"2023-08-29T11:05:35","guid":{"rendered":"https:\/\/arantv.az\/?p=625822"},"modified":"2023-08-29T15:05:35","modified_gmt":"2023-08-29T11:05:35","slug":"pensiya-v%c9%99-sosial-muavin%c9%99t-alanlarin-sayi-aciqlanib","status":"publish","type":"post","link":"https:\/\/arantv.az\/?p=625822","title":{"rendered":"Pensiya v\u0259 sosial m\u00fcavin\u0259t alanlar\u0131n say\u0131 a\u00e7\u0131qlan\u0131b"},"content":{"rendered":"<p>2023-c\u00fc il iyulun 1-i v\u0259ziyy\u0259tin\u0259 D\u00f6vl\u0259t Sosial M\u00fcdafi\u0259 Fondunda 1096,6 min n\u0259f\u0259r pensiya\u00e7\u0131 qeydiyyatda olub ki, bu da \u00f6lk\u0259 \u0259halisinin 10,8 faizini t\u0259\u015fkil edir.<\/p>\n<p><strong>ARANTV.AZ\u00a0 x\u0259b\u0259r verir ki,<\/strong>\u00a0bu bar\u0259d\u0259 D\u00f6vl\u0259t Statistika Komit\u0259si m\u0259lumat yay\u0131b.<\/p>\n<p>Qeyd olunub ki, h\u0259min \u015f\u0259xsl\u0259rin 64,1 faizi ya\u015fa, 23,6 faizi \u0259lilliy\u0259, 12,3 faizi is\u0259 ail\u0259 ba\u015f\u00e7\u0131s\u0131n\u0131 itirm\u0259y\u0259 g\u00f6r\u0259 pensiya al\u0131r. \u00d6t\u0259n ilin iyulun 1-i il\u0259 m\u00fcqayis\u0259d\u0259 qeydiyyatda olan pensiya\u00e7\u0131lar\u0131n c\u0259mi say\u0131 5,4 faiz, o c\u00fcml\u0259d\u0259n \u0259lilliy\u0259 g\u00f6r\u0259 pensiya alanlar\u0131n say\u0131 16,4 faiz, ail\u0259 ba\u015f\u00e7\u0131s\u0131n\u0131 itirm\u0259y\u0259 g\u00f6r\u0259 pensiya alanlar\u0131n say\u0131 9,7 faiz azalm\u0131\u015f, ya\u015fa g\u00f6r\u0259 pensiya alanlar\u0131n say\u0131 is\u0259 0,4 faiz art\u0131b.<\/p>\n<p>T\u0259yin olunmu\u015f ayl\u0131q pensiyalar\u0131n orta m\u0259bl\u0259\u011fi \u00f6t\u0259n ilin m\u00fcvafiq d\u00f6vr\u00fc il\u0259 m\u00fcqayis\u0259d\u0259 18,2 faiz, bu ilin \u0259vv\u0259li il\u0259 m\u00fcqayis\u0259d\u0259 is\u0259 16,9 faiz artaraq 435,0 manat t\u0259\u015fkil etmi\u015f v\u0259 orta ayl\u0131q \u0259m\u0259k haqq\u0131n\u0131n 47,2 faizin\u0259 b\u0259rab\u0259r olub.<\/p>\n<p>\u201c\u018fm\u0259k pensiyalar\u0131 haqq\u0131nda\u201d qanunda edilmi\u015f m\u00fcvafiq d\u0259yi\u015fikliy\u0259 \u0259sas\u0259n \u0259m\u0259k pensiyas\u0131n\u0131n minimum m\u0259bl\u0259\u011fi 16,7 faiz art\u0131r\u0131laraq bu ilin 1 fevral tarixind\u0259n 280 manat m\u00fc\u0259yy\u0259n olunub.<\/p>\n<p>\u00d6lk\u0259d\u0259 pensiya\u00e7\u0131lar\u0131n sosial m\u00fcdafi\u0259sini daha da g\u00fccl\u0259ndirm\u0259k m\u0259qs\u0259dil\u0259 Az\u0259rbaycan Prezidentinin m\u00fcvafiq s\u0259r\u0259ncam\u0131 il\u0259 bu ilin 1 yanvar tarixind\u0259n orta ayl\u0131q nominal \u0259m\u0259khaqq\u0131n\u0131n illik art\u0131m tempin\u0259 uy\u011fun olaraq b\u00fct\u00fcn n\u00f6v \u0259m\u0259k pensiyalar\u0131n\u0131n s\u0131\u011forta hiss\u0259si indeksl\u0259\u015fdiril\u0259r\u0259k art\u0131r\u0131l\u0131b.<\/p>\n<p>Bununla yana\u015f\u0131, \u0259halinin sosial m\u00fcdafi\u0259sinin t\u0259min edilm\u0259si m\u0259qs\u0259dil\u0259 ayr\u0131-ayr\u0131 kateqoriyadan olan \u015f\u0259xsl\u0259r\u0259 m\u00fcxt\u0259lif n\u00f6v ayl\u0131q sosial m\u00fcavin\u0259tl\u0259r t\u0259yin edilir. Bel\u0259 ki, 2023-c\u00fc ilin iyulun 1-i v\u0259ziyy\u0259tin\u0259 ya\u015fa g\u00f6r\u0259 m\u00fcavin\u0259t alanlar\u0131n say\u0131 137,6 min (\u00f6t\u0259n ilin iyulun 1-i v\u0259ziyy\u0259tin\u0259 124,1 min) n\u0259f\u0259r, \u0259lilliy\u0259 g\u00f6r\u0259 &#8211; 47,1 min n\u0259f\u0259ri 18 ya\u015f\u0131nad\u0259k \u0259lilliyi m\u00fc\u0259yy\u0259n edilmi\u015f \u015f\u0259xsl\u0259r olmaqla, c\u0259mi min 215,2 min (m\u00fcvafiq olaraq 52,2 min v\u0259 210,4 min) n\u0259f\u0259r, ail\u0259 ba\u015f\u00e7\u0131s\u0131n\u0131 itirm\u0259y\u0259 g\u00f6r\u0259 &#8211; 54,7 min (53,2 min) n\u0259f\u0259r, dig\u0259r m\u00fcavin\u0259t n\u00f6vl\u0259rini alanlar\u0131n say\u0131 is\u0259 25,8 min (22,5 min) n\u0259f\u0259r olub.<\/p>\n<p>Eyni zamanda, \u015f\u0259hid ail\u0259l\u0259rinin, m\u00fcharib\u0259 v\u0259 ya 1990-c\u0131 ilin 20 yanvar hadis\u0259l\u0259ri il\u0259 \u0259laq\u0259dar \u0259lilliyi olan \u015f\u0259xsl\u0259rin, \u00c7ernob\u0131l q\u0259zas\u0131 n\u0259tic\u0259sind\u0259 I v\u0259 II d\u0259r\u0259c\u0259 \u0259lilliyi m\u00fc\u0259yy\u0259n edilmi\u015f, yaxud v\u0259fat etmi\u015f \u015f\u0259xsl\u0259rin, habel\u0259 \u00c7ernob\u0131l q\u0259zas\u0131 n\u0259tic\u0259l\u0259rinin aradan qald\u0131r\u0131lmas\u0131 i\u015ftirak\u00e7\u0131lar\u0131n\u0131n v\u0259 m\u00fcdd\u0259tli h\u0259qiqi h\u0259rbi xidm\u0259t qulluq\u00e7ular\u0131n\u0131n 5,1 min ail\u0259sin\u0259 7,9 min u\u015faq \u00fc\u00e7\u00fcn, el\u0259c\u0259 d\u0259 valideynl\u0259rini itirmi\u015f v\u0259 valideyn himay\u0259sind\u0259n m\u0259hrum olmu\u015f u\u015faqlar\u0131n 196 n\u0259f\u0259r q\u0259yyumuna ayl\u0131q m\u00fcavin\u0259t verilib. Bundan \u0259lav\u0259, 5472 n\u0259f\u0259r bir ya\u015f\u0131nad\u0259k u\u015fa\u011f\u0131 olan 5338 azt\u0259minatl\u0131 ail\u0259y\u0259 v\u0259 be\u015fd\u0259n \u00e7ox u\u015fa\u011f\u0131 olan 2,6 min qad\u0131na 11,2 min u\u015faq \u00fc\u00e7\u00fcn ayl\u0131q m\u00fcavin\u0259t, \u0259m\u0259k x\u0259sar\u0259ti v\u0259 ya pe\u015f\u0259 x\u0259st\u0259liyi n\u0259tic\u0259sind\u0259 z\u0259r\u0259r\u00e7\u0259k\u0259n 304 \u015f\u0259xs\u0259 is\u0259 kompensasiya verilib.<\/p>\n<p>Bu ilin 6 ay\u0131 \u0259rzind\u0259 m\u0259cburi d\u00f6vl\u0259t sosial s\u0131\u011forta haqlar\u0131 hesab\u0131na veril\u0259nl\u0259r istisna olmaqla, 22,9 min ail\u0259y\u0259 23,8 min u\u015fa\u011f\u0131n anadan olmas\u0131na g\u00f6r\u0259, radiasiya q\u0259zas\u0131 n\u0259tic\u0259sind\u0259 z\u0259r\u0259r \u00e7\u0259kmi\u015f 3,3 min \u015f\u0259xs\u0259 m\u00fcalic\u0259 \u00fc\u00e7\u00fcn v\u0259 penitensiar m\u00fc\u0259ssis\u0259l\u0259rd\u0259 c\u0259za \u00e7\u0259km\u0259kd\u0259n azad edilmi\u015f 3,1 min n\u0259f\u0259r\u0259 bird\u0259f\u0259lik m\u00fcavin\u0259tl\u0259r verilib.<\/p>\n<p>2023-c\u00fc il iyulun 1-i v\u0259ziyy\u0259tin\u0259 80,3 min azt\u0259minatl\u0131 ail\u0259nin 352,4 min \u00fczv\u00fc \u00fcnvanl\u0131 d\u00f6vl\u0259t sosial yard\u0131m\u0131 alm\u0131\u015f v\u0259 onun bir n\u0259f\u0259r\u0259 d\u00fc\u015f\u0259n orta ayl\u0131q m\u0259bl\u0259\u011fi 105,32 manat t\u0259\u015fkil edib.<\/p>\n<p>Bundan \u0259lav\u0259, m\u00fcxt\u0259lif kateqoriyadan olan 388,2 min \u015f\u0259xs\u0259 Az\u0259rbaycan Prezidentinin t\u0259qa\u00fcd\u00fc t\u0259yin olunub.<\/p>\n","protected":false},"excerpt":{"rendered":"<p>2023-c\u00fc il iyulun 1-i v\u0259ziyy\u0259tin\u0259 D\u00f6vl\u0259t Sosial M\u00fcdafi\u0259 Fondunda 1096,6 min n\u0259f\u0259r pensiya\u00e7\u0131 qeydiyyatda olub ki, bu da \u00f6lk\u0259 \u0259halisinin 10,8 faizini t\u0259\u015fkil edir. ARANTV.AZ\u00a0 x\u0259b\u0259r verir ki,\u00a0bu bar\u0259d\u0259 D\u00f6vl\u0259t Statistika Komit\u0259si m\u0259lumat yay\u0131b. Qeyd olunub ki, h\u0259min \u015f\u0259xsl\u0259rin 64,1 faizi ya\u015fa, 23,6 faizi \u0259lilliy\u0259, 12,3 faizi is\u0259 ail\u0259 ba\u015f\u00e7\u0131s\u0131n\u0131 itirm\u0259y\u0259 g\u00f6r\u0259 pensiya al\u0131r. \u00d6t\u0259n ilin iyulun 1-i il\u0259 m\u00fcqayis\u0259d\u0259 qeydiyyatda olan pensiya\u00e7\u0131lar\u0131n c\u0259mi say\u0131 5,4 faiz, o c\u00fcml\u0259d\u0259n \u0259lilliy\u0259 g\u00f6r\u0259 pensiya alanlar\u0131n say\u0131 16,4 faiz, ail\u0259 ba\u015f\u00e7\u0131s\u0131n\u0131 itirm\u0259y\u0259 g\u00f6r\u0259 pensiya alanlar\u0131n say\u0131 9,7 faiz azalm\u0131\u015f, ya\u015fa g\u00f6r\u0259 pensiya alanlar\u0131n&hellip;<\/p>\n","protected":false},"author":2,"featured_media":625827,"comment_status":"closed","ping_status":"closed","sticky":false,"template":"","format":"standard","meta":{"om_disable_all_campaigns":false,"_monsterinsights_skip_tracking":false,"_monsterinsights_sitenote_active":false,"_monsterinsights_sitenote_note":"","_monsterinsights_sitenote_category":0},"categories":[26],"tags":[],"aioseo_notices":[],"gutentor_comment":0,"rttpg_featured_image_url":{"full":["https:\/\/arantv.az\/wp-content\/uploads\/2023\/08\/7f367281165013100249046156310854282.jpg",975,540,false],"landscape":["https:\/\/arantv.az\/wp-content\/uploads\/2023\/08\/7f367281165013100249046156310854282.jpg",975,540,false],"portraits":["https:\/\/arantv.az\/wp-content\/uploads\/2023\/08\/7f367281165013100249046156310854282.jpg",975,540,false],"thumbnail":["https:\/\/arantv.az\/wp-content\/uploads\/2023\/08\/7f367281165013100249046156310854282-500x280.jpg",500,280,true],"medium":["https:\/\/arantv.az\/wp-content\/uploads\/2023\/08\/7f367281165013100249046156310854282-660x365.jpg",660,365,true],"large":["https:\/\/arantv.az\/wp-content\/uploads\/2023\/08\/7f367281165013100249046156310854282-840x465.jpg",640,354,true],"1536x1536":["https:\/\/arantv.az\/wp-content\/uploads\/2023\/08\/7f367281165013100249046156310854282.jpg",975,540,false],"2048x2048":["https:\/\/arantv.az\/wp-content\/uploads\/2023\/08\/7f367281165013100249046156310854282.jpg",975,540,false],"post-thumbnail":["https:\/\/arantv.az\/wp-content\/uploads\/2023\/08\/7f367281165013100249046156310854282-240x172.jpg",240,172,true],"advps-thumb-one":["https:\/\/arantv.az\/wp-content\/uploads\/2023\/08\/7f367281165013100249046156310854282.jpg",975,540,false]},"rttpg_author":{"display_name":"V\u00fcsal Rafiqo\u011flu","author_link":"https:\/\/arantv.az\/?author=2"},"rttpg_comment":0,"rttpg_category":"<a href=\"https:\/\/arantv.az\/?cat=26\" rel=\"category\">Sosial<\/a>","rttpg_excerpt":"2023-c\u00fc il iyulun 1-i v\u0259ziyy\u0259tin\u0259 D\u00f6vl\u0259t Sosial M\u00fcdafi\u0259 Fondunda 1096,6 min n\u0259f\u0259r pensiya\u00e7\u0131 qeydiyyatda olub ki, bu da \u00f6lk\u0259 \u0259halisinin 10,8 faizini t\u0259\u015fkil edir. ARANTV.AZ\u00a0 x\u0259b\u0259r verir ki,\u00a0bu bar\u0259d\u0259 D\u00f6vl\u0259t Statistika Komit\u0259si m\u0259lumat yay\u0131b. Qeyd olunub ki, h\u0259min \u015f\u0259xsl\u0259rin 64,1 faizi ya\u015fa, 23,6 faizi \u0259lilliy\u0259, 12,3 faizi is\u0259 ail\u0259 ba\u015f\u00e7\u0131s\u0131n\u0131 itirm\u0259y\u0259 g\u00f6r\u0259 pensiya al\u0131r. \u00d6t\u0259n&hellip;","_links":{"self":[{"href":"https:\/\/arantv.az\/index.php?rest_route=\/wp\/v2\/posts\/625822"}],"collection":[{"href":"https:\/\/arantv.az\/index.php?rest_route=\/wp\/v2\/posts"}],"about":[{"href":"https:\/\/arantv.az\/index.php?rest_route=\/wp\/v2\/types\/post"}],"author":[{"embeddable":true,"href":"https:\/\/arantv.az\/index.php?rest_route=\/wp\/v2\/users\/2"}],"replies":[{"embeddable":true,"href":"https:\/\/arantv.az\/index.php?rest_route=%2Fwp%2Fv2%2Fcomments&post=625822"}],"version-history":[{"count":0,"href":"https:\/\/arantv.az\/index.php?rest_route=\/wp\/v2\/posts\/625822\/revisions"}],"wp:featuredmedia":[{"embeddable":true,"href":"https:\/\/arantv.az\/index.php?rest_route=\/wp\/v2\/media\/625827"}],"wp:attachment":[{"href":"https:\/\/arantv.az\/index.php?rest_route=%2Fwp%2Fv2%2Fmedia&parent=625822"}],"wp:term":[{"taxonomy":"category","embeddable":true,"href":"https:\/\/arantv.az\/index.php?rest_route=%2Fwp%2Fv2%2Fcategories&post=625822"},{"taxonomy":"post_tag","embeddable":true,"href":"https:\/\/arantv.az\/index.php?rest_route=%2Fwp%2Fv2%2Ftags&post=625822"}],"curies":[{"name":"wp","href":"https:\/\/api.w.org\/{rel}","templated":true}]}}