{"id":625829,"date":"2023-08-29T15:08:32","date_gmt":"2023-08-29T11:08:32","guid":{"rendered":"https:\/\/arantv.az\/?p=625829"},"modified":"2023-08-29T15:08:32","modified_gmt":"2023-08-29T11:08:32","slug":"prezidentin-uc-olk%c9%99y%c9%99-t%c9%99yin-etdiyi-yeni-s%c9%99firl%c9%99r-kimdir-dosye","status":"publish","type":"post","link":"https:\/\/arantv.az\/?p=625829","title":{"rendered":"Prezidentin \u00fc\u00e7 \u00f6lk\u0259y\u0259 t\u0259yin etdiyi yeni s\u0259firl\u0259r K\u0130MD\u0130R? &#8211; DOSYE"},"content":{"rendered":"<p><strong>X\u0259b\u0259r verdiyimiz kimi, prezident \u0130lham \u018fliyev Az\u0259rbaycan\u0131n \u00fc\u00e7 \u00f6lk\u0259d\u0259ki s\u0259firliyin\u0259 yeni t\u0259yinatla ba\u011fl\u0131 s\u0259r\u0259ncam verib. B\u00fcnyad S\u0259m\u0259d o\u011flu H\u00fcseynovu Az\u0259rbaycan\u0131n \u00c7in Xalq Respublikas\u0131nda, N\u0259sir Natiq o\u011flu M\u0259mm\u0259dovu \u0130raq Respublikas\u0131nda, Qism\u0259t F\u00fczuli o\u011flu G\u00f6z\u0259lovu is\u0259 T\u00fcrkm\u0259nistanda f\u00f6vq\u0259lad\u0259 v\u0259 s\u0259lahiyy\u0259tli s\u0259fir v\u0259zif\u0259sin\u0259 t\u0259yin edib.<\/strong><\/p>\n<p>\u00dc\u00e7 \u00f6lk\u0259y\u0259 Az\u0259rbaycandan yeni t\u0259yin olunan s\u0259firl\u0259r kimdir?<\/p>\n<p><em><strong>H\u0259min \u015f\u0259xsl\u0259rin dosyesini t\u0259qdim edirik:<\/strong><\/em><\/p>\n<p>\u00c7in\u0259 t\u0259yin olunan B\u00fcnyad S\u0259m\u0259d o\u011flu H\u00fcseynov bundan \u0259vv\u0259l Az\u0259rbaycan Respublikas\u0131n\u0131n \u0130ran \u0130slam Respublikas\u0131nda f\u00f6vq\u0259lad\u0259 v\u0259 s\u0259lahiyy\u0259tli s\u0259firi kimi \u00e7al\u0131\u015f\u0131b. Eyni zamanda Az\u0259rbaycan Respublikas\u0131n\u0131n \u0130qtisadi \u018fm\u0259kda\u015fl\u0131q T\u0259\u015fkilat\u0131 yan\u0131nda daimi n\u00fcmay\u0259nd\u0259si v\u0259zif\u0259sini icra edib.<\/p>\n<p>Qism\u0259t F\u00fczuli o\u011flu G\u00f6z\u0259lov daha \u0259vv\u0259l T\u00fcrkdilli D\u00f6vl\u0259tl\u0259rin \u018fm\u0259kda\u015fl\u0131q \u015euras\u0131n\u0131n (TD\u018f\u015e) ba\u015f katibinin m\u00fcavini v\u0259zif\u0259sind\u0259 \u00e7al\u0131\u015f\u0131b.<\/p>\n<p>N\u0259sir Natiq o\u011flu M\u0259mm\u0259dov is\u0259 Az\u0259rbaycan\u0131n \u0130raqdak\u0131 s\u0259firliyinin m\u00fcv\u0259qq\u0259ti i\u015fl\u0259r v\u0259kili kimi \u00e7al\u0131\u015f\u0131b.\/Bizim.Media<\/p>\n","protected":false},"excerpt":{"rendered":"<p>X\u0259b\u0259r verdiyimiz kimi, prezident \u0130lham \u018fliyev Az\u0259rbaycan\u0131n \u00fc\u00e7 \u00f6lk\u0259d\u0259ki s\u0259firliyin\u0259 yeni t\u0259yinatla ba\u011fl\u0131 s\u0259r\u0259ncam verib. B\u00fcnyad S\u0259m\u0259d o\u011flu H\u00fcseynovu Az\u0259rbaycan\u0131n \u00c7in Xalq Respublikas\u0131nda, N\u0259sir Natiq o\u011flu M\u0259mm\u0259dovu \u0130raq Respublikas\u0131nda, Qism\u0259t F\u00fczuli o\u011flu G\u00f6z\u0259lovu is\u0259 T\u00fcrkm\u0259nistanda f\u00f6vq\u0259lad\u0259 v\u0259 s\u0259lahiyy\u0259tli s\u0259fir v\u0259zif\u0259sin\u0259 t\u0259yin edib. \u00dc\u00e7 \u00f6lk\u0259y\u0259 Az\u0259rbaycandan yeni t\u0259yin olunan s\u0259firl\u0259r kimdir? H\u0259min \u015f\u0259xsl\u0259rin dosyesini t\u0259qdim edirik: \u00c7in\u0259 t\u0259yin olunan B\u00fcnyad S\u0259m\u0259d o\u011flu H\u00fcseynov bundan \u0259vv\u0259l Az\u0259rbaycan Respublikas\u0131n\u0131n \u0130ran \u0130slam Respublikas\u0131nda f\u00f6vq\u0259lad\u0259 v\u0259 s\u0259lahiyy\u0259tli s\u0259firi kimi \u00e7al\u0131\u015f\u0131b. Eyni zamanda Az\u0259rbaycan Respublikas\u0131n\u0131n \u0130qtisadi \u018fm\u0259kda\u015fl\u0131q T\u0259\u015fkilat\u0131 yan\u0131nda daimi n\u00fcmay\u0259nd\u0259si v\u0259zif\u0259sini icra edib. Qism\u0259t F\u00fczuli&hellip;<\/p>\n","protected":false},"author":2,"featured_media":625836,"comment_status":"closed","ping_status":"closed","sticky":false,"template":"","format":"standard","meta":{"om_disable_all_campaigns":false,"_monsterinsights_skip_tracking":false,"_monsterinsights_sitenote_active":false,"_monsterinsights_sitenote_note":"","_monsterinsights_sitenote_category":0},"categories":[4],"tags":[],"aioseo_notices":[],"gutentor_comment":0,"rttpg_featured_image_url":{"full":["https:\/\/arantv.az\/wp-content\/uploads\/2023\/08\/2acc96340bafcc6b3490cfff381f0a8f.jpg",870,500,false],"landscape":["https:\/\/arantv.az\/wp-content\/uploads\/2023\/08\/2acc96340bafcc6b3490cfff381f0a8f.jpg",870,500,false],"portraits":["https:\/\/arantv.az\/wp-content\/uploads\/2023\/08\/2acc96340bafcc6b3490cfff381f0a8f.jpg",870,500,false],"thumbnail":["https:\/\/arantv.az\/wp-content\/uploads\/2023\/08\/2acc96340bafcc6b3490cfff381f0a8f-500x280.jpg",500,280,true],"medium":["https:\/\/arantv.az\/wp-content\/uploads\/2023\/08\/2acc96340bafcc6b3490cfff381f0a8f-635x365.jpg",635,365,true],"large":["https:\/\/arantv.az\/wp-content\/uploads\/2023\/08\/2acc96340bafcc6b3490cfff381f0a8f-840x483.jpg",640,368,true],"1536x1536":["https:\/\/arantv.az\/wp-content\/uploads\/2023\/08\/2acc96340bafcc6b3490cfff381f0a8f.jpg",870,500,false],"2048x2048":["https:\/\/arantv.az\/wp-content\/uploads\/2023\/08\/2acc96340bafcc6b3490cfff381f0a8f.jpg",870,500,false],"post-thumbnail":["https:\/\/arantv.az\/wp-content\/uploads\/2023\/08\/2acc96340bafcc6b3490cfff381f0a8f-240x172.jpg",240,172,true],"advps-thumb-one":["https:\/\/arantv.az\/wp-content\/uploads\/2023\/08\/2acc96340bafcc6b3490cfff381f0a8f.jpg",870,500,false]},"rttpg_author":{"display_name":"V\u00fcsal Rafiqo\u011flu","author_link":"https:\/\/arantv.az\/?author=2"},"rttpg_comment":0,"rttpg_category":"<a href=\"https:\/\/arantv.az\/?cat=4\" rel=\"category\">Siyas\u0259t<\/a>","rttpg_excerpt":"X\u0259b\u0259r verdiyimiz kimi, prezident \u0130lham \u018fliyev Az\u0259rbaycan\u0131n \u00fc\u00e7 \u00f6lk\u0259d\u0259ki s\u0259firliyin\u0259 yeni t\u0259yinatla ba\u011fl\u0131 s\u0259r\u0259ncam verib. B\u00fcnyad S\u0259m\u0259d o\u011flu H\u00fcseynovu Az\u0259rbaycan\u0131n \u00c7in Xalq Respublikas\u0131nda, N\u0259sir Natiq o\u011flu M\u0259mm\u0259dovu \u0130raq Respublikas\u0131nda, Qism\u0259t F\u00fczuli o\u011flu G\u00f6z\u0259lovu is\u0259 T\u00fcrkm\u0259nistanda f\u00f6vq\u0259lad\u0259 v\u0259 s\u0259lahiyy\u0259tli s\u0259fir v\u0259zif\u0259sin\u0259 t\u0259yin edib. \u00dc\u00e7 \u00f6lk\u0259y\u0259 Az\u0259rbaycandan yeni t\u0259yin olunan s\u0259firl\u0259r kimdir? H\u0259min \u015f\u0259xsl\u0259rin dosyesini t\u0259qdim edirik:&hellip;","_links":{"self":[{"href":"https:\/\/arantv.az\/index.php?rest_route=\/wp\/v2\/posts\/625829"}],"collection":[{"href":"https:\/\/arantv.az\/index.php?rest_route=\/wp\/v2\/posts"}],"about":[{"href":"https:\/\/arantv.az\/index.php?rest_route=\/wp\/v2\/types\/post"}],"author":[{"embeddable":true,"href":"https:\/\/arantv.az\/index.php?rest_route=\/wp\/v2\/users\/2"}],"replies":[{"embeddable":true,"href":"https:\/\/arantv.az\/index.php?rest_route=%2Fwp%2Fv2%2Fcomments&post=625829"}],"version-history":[{"count":0,"href":"https:\/\/arantv.az\/index.php?rest_route=\/wp\/v2\/posts\/625829\/revisions"}],"wp:featuredmedia":[{"embeddable":true,"href":"https:\/\/arantv.az\/index.php?rest_route=\/wp\/v2\/media\/625836"}],"wp:attachment":[{"href":"https:\/\/arantv.az\/index.php?rest_route=%2Fwp%2Fv2%2Fmedia&parent=625829"}],"wp:term":[{"taxonomy":"category","embeddable":true,"href":"https:\/\/arantv.az\/index.php?rest_route=%2Fwp%2Fv2%2Fcategories&post=625829"},{"taxonomy":"post_tag","embeddable":true,"href":"https:\/\/arantv.az\/index.php?rest_route=%2Fwp%2Fv2%2Ftags&post=625829"}],"curies":[{"name":"wp","href":"https:\/\/api.w.org\/{rel}","templated":true}]}}