{"id":625851,"date":"2023-08-29T15:31:31","date_gmt":"2023-08-29T11:31:31","guid":{"rendered":"https:\/\/arantv.az\/?p=625851"},"modified":"2023-08-29T15:31:31","modified_gmt":"2023-08-29T11:31:31","slug":"selin-%c9%99n-cox-z%c9%99r%c9%99r-vurdugu-k%c9%99ndd%c9%99-b%c9%99rpa-isl%c9%99ri-video","status":"publish","type":"post","link":"https:\/\/arantv.az\/?p=625851","title":{"rendered":"Selin \u0259n \u00e7ox z\u0259r\u0259r vurdu\u011fu k\u0259ndd\u0259 b\u0259rpa i\u015fl\u0259ri &#8211; V\u0130DEO"},"content":{"rendered":"<article class=\"news\">\n<div class=\"news-inner\">\n<p>\u0130smay\u0131ll\u0131 rayonu, Mollaisaql\u0131 k\u0259ndin\u0259 ya\u011fan g\u00fccl\u00fc ya\u011f\u0131\u015f n\u0259tic\u0259sind\u0259 yaranan f\u0259sadlar\u0131n aradan qald\u0131r\u0131lmas\u0131 istiqam\u0259tind\u0259 t\u0259dbirl\u0259r g\u00f6r\u00fcl\u00fcr.<\/p>\n<p>Bel\u0259 ki, \u0259razid\u0259 i\u015fl\u0259ri n\u0259zar\u0259t\u0259 g\u00f6t\u00fcrm\u0259k m\u0259qs\u0259dil\u0259 \u0130smay\u0131ll\u0131\u00a0Rayon \u0130cra Hakimiyy\u0259tinin ba\u015f\u00e7\u0131s\u0131 Nahid Ba\u011f\u0131rov k\u0259nd\u0259 g\u0259l\u0259r\u0259k m\u00f6vcud v\u0259ziyy\u0259tl\u0259 maraqlan\u0131b, z\u0259r\u0259r\u00e7\u0259kmi\u015f v\u0259t\u0259nda\u015flarla g\u00f6r\u00fc\u015f\u00fcb.<\/p>\n<p>H\u0259m\u00e7inin t\u0259bii f\u0259lak\u0259t n\u0259tic\u0259sind\u0259 ziyan d\u0259ymi\u015f evl\u0259r\u0259 v\u0259 t\u0259s\u0259rr\u00fcfatlara bax\u0131\u015f ke\u00e7irilib.<\/p>\n<p>Qeyd ed\u0259k ki, F\u00f6vq\u0259lad\u0259 Hallar Nazirliyinin, Q\u0131z\u0131l Aypara C\u0259miyy\u0259tinin n\u00fcmay\u0259nd\u0259l\u0259ri, el\u0259c\u0259 d\u0259 bir s\u0131ra idar\u0259 v\u0259 m\u00fc\u0259ssis\u0259 r\u0259hb\u0259rl\u0259ri \u0259razid\u0259dirl\u0259r.<\/p>\n<div><iframe loading=\"lazy\" title=\"YouTube video player\" src=\"https:\/\/www.youtube.com\/embed\/6LVhyNs0cXI?si=-u5msAVzCiDMXavg\" width=\"560\" height=\"315\" frameborder=\"0\" allowfullscreen=\"allowfullscreen\" data-mce-fragment=\"1\"><\/iframe><\/div>\n<\/div>\n<\/article>\n","protected":false},"excerpt":{"rendered":"<p>\u0130smay\u0131ll\u0131 rayonu, Mollaisaql\u0131 k\u0259ndin\u0259 ya\u011fan g\u00fccl\u00fc ya\u011f\u0131\u015f n\u0259tic\u0259sind\u0259 yaranan f\u0259sadlar\u0131n aradan qald\u0131r\u0131lmas\u0131 istiqam\u0259tind\u0259 t\u0259dbirl\u0259r g\u00f6r\u00fcl\u00fcr. Bel\u0259 ki, \u0259razid\u0259 i\u015fl\u0259ri n\u0259zar\u0259t\u0259 g\u00f6t\u00fcrm\u0259k m\u0259qs\u0259dil\u0259 \u0130smay\u0131ll\u0131\u00a0Rayon \u0130cra Hakimiyy\u0259tinin ba\u015f\u00e7\u0131s\u0131 Nahid Ba\u011f\u0131rov k\u0259nd\u0259 g\u0259l\u0259r\u0259k m\u00f6vcud v\u0259ziyy\u0259tl\u0259 maraqlan\u0131b, z\u0259r\u0259r\u00e7\u0259kmi\u015f v\u0259t\u0259nda\u015flarla g\u00f6r\u00fc\u015f\u00fcb. H\u0259m\u00e7inin t\u0259bii f\u0259lak\u0259t n\u0259tic\u0259sind\u0259 ziyan d\u0259ymi\u015f evl\u0259r\u0259 v\u0259 t\u0259s\u0259rr\u00fcfatlara bax\u0131\u015f ke\u00e7irilib. Qeyd ed\u0259k ki, F\u00f6vq\u0259lad\u0259 Hallar Nazirliyinin, Q\u0131z\u0131l Aypara C\u0259miyy\u0259tinin n\u00fcmay\u0259nd\u0259l\u0259ri, el\u0259c\u0259 d\u0259 bir s\u0131ra idar\u0259 v\u0259 m\u00fc\u0259ssis\u0259 r\u0259hb\u0259rl\u0259ri \u0259razid\u0259dirl\u0259r.<\/p>\n","protected":false},"author":2,"featured_media":625857,"comment_status":"closed","ping_status":"closed","sticky":false,"template":"","format":"standard","meta":{"om_disable_all_campaigns":false,"_monsterinsights_skip_tracking":false,"_monsterinsights_sitenote_active":false,"_monsterinsights_sitenote_note":"","_monsterinsights_sitenote_category":0},"categories":[1],"tags":[],"aioseo_notices":[],"gutentor_comment":0,"rttpg_featured_image_url":{"full":["https:\/\/arantv.az\/wp-content\/uploads\/2023\/08\/FotoJet-8-6.jpg",620,413,false],"landscape":["https:\/\/arantv.az\/wp-content\/uploads\/2023\/08\/FotoJet-8-6.jpg",620,413,false],"portraits":["https:\/\/arantv.az\/wp-content\/uploads\/2023\/08\/FotoJet-8-6.jpg",620,413,false],"thumbnail":["https:\/\/arantv.az\/wp-content\/uploads\/2023\/08\/FotoJet-8-6-500x280.jpg",500,280,true],"medium":["https:\/\/arantv.az\/wp-content\/uploads\/2023\/08\/FotoJet-8-6-548x365.jpg",548,365,true],"large":["https:\/\/arantv.az\/wp-content\/uploads\/2023\/08\/FotoJet-8-6.jpg",620,413,false],"1536x1536":["https:\/\/arantv.az\/wp-content\/uploads\/2023\/08\/FotoJet-8-6.jpg",620,413,false],"2048x2048":["https:\/\/arantv.az\/wp-content\/uploads\/2023\/08\/FotoJet-8-6.jpg",620,413,false],"post-thumbnail":["https:\/\/arantv.az\/wp-content\/uploads\/2023\/08\/FotoJet-8-6-240x172.jpg",240,172,true],"advps-thumb-one":["https:\/\/arantv.az\/wp-content\/uploads\/2023\/08\/FotoJet-8-6.jpg",620,413,false]},"rttpg_author":{"display_name":"V\u00fcsal Rafiqo\u011flu","author_link":"https:\/\/arantv.az\/?author=2"},"rttpg_comment":0,"rttpg_category":"<a href=\"https:\/\/arantv.az\/?cat=1\" rel=\"category\">C\u0259miyy\u0259t<\/a>","rttpg_excerpt":"\u0130smay\u0131ll\u0131 rayonu, Mollaisaql\u0131 k\u0259ndin\u0259 ya\u011fan g\u00fccl\u00fc ya\u011f\u0131\u015f n\u0259tic\u0259sind\u0259 yaranan f\u0259sadlar\u0131n aradan qald\u0131r\u0131lmas\u0131 istiqam\u0259tind\u0259 t\u0259dbirl\u0259r g\u00f6r\u00fcl\u00fcr. Bel\u0259 ki, \u0259razid\u0259 i\u015fl\u0259ri n\u0259zar\u0259t\u0259 g\u00f6t\u00fcrm\u0259k m\u0259qs\u0259dil\u0259 \u0130smay\u0131ll\u0131\u00a0Rayon \u0130cra Hakimiyy\u0259tinin ba\u015f\u00e7\u0131s\u0131 Nahid Ba\u011f\u0131rov k\u0259nd\u0259 g\u0259l\u0259r\u0259k m\u00f6vcud v\u0259ziyy\u0259tl\u0259 maraqlan\u0131b, z\u0259r\u0259r\u00e7\u0259kmi\u015f v\u0259t\u0259nda\u015flarla g\u00f6r\u00fc\u015f\u00fcb. H\u0259m\u00e7inin t\u0259bii f\u0259lak\u0259t n\u0259tic\u0259sind\u0259 ziyan d\u0259ymi\u015f evl\u0259r\u0259 v\u0259 t\u0259s\u0259rr\u00fcfatlara bax\u0131\u015f ke\u00e7irilib. Qeyd ed\u0259k ki, F\u00f6vq\u0259lad\u0259 Hallar Nazirliyinin, Q\u0131z\u0131l Aypara&hellip;","_links":{"self":[{"href":"https:\/\/arantv.az\/index.php?rest_route=\/wp\/v2\/posts\/625851"}],"collection":[{"href":"https:\/\/arantv.az\/index.php?rest_route=\/wp\/v2\/posts"}],"about":[{"href":"https:\/\/arantv.az\/index.php?rest_route=\/wp\/v2\/types\/post"}],"author":[{"embeddable":true,"href":"https:\/\/arantv.az\/index.php?rest_route=\/wp\/v2\/users\/2"}],"replies":[{"embeddable":true,"href":"https:\/\/arantv.az\/index.php?rest_route=%2Fwp%2Fv2%2Fcomments&post=625851"}],"version-history":[{"count":0,"href":"https:\/\/arantv.az\/index.php?rest_route=\/wp\/v2\/posts\/625851\/revisions"}],"wp:featuredmedia":[{"embeddable":true,"href":"https:\/\/arantv.az\/index.php?rest_route=\/wp\/v2\/media\/625857"}],"wp:attachment":[{"href":"https:\/\/arantv.az\/index.php?rest_route=%2Fwp%2Fv2%2Fmedia&parent=625851"}],"wp:term":[{"taxonomy":"category","embeddable":true,"href":"https:\/\/arantv.az\/index.php?rest_route=%2Fwp%2Fv2%2Fcategories&post=625851"},{"taxonomy":"post_tag","embeddable":true,"href":"https:\/\/arantv.az\/index.php?rest_route=%2Fwp%2Fv2%2Ftags&post=625851"}],"curies":[{"name":"wp","href":"https:\/\/api.w.org\/{rel}","templated":true}]}}