{"id":625853,"date":"2023-08-29T15:29:56","date_gmt":"2023-08-29T11:29:56","guid":{"rendered":"https:\/\/arantv.az\/?p=625853"},"modified":"2023-08-29T15:29:56","modified_gmt":"2023-08-29T11:29:56","slug":"bakida-d%c9%99hs%c9%99tli-hadis%c9%99-qadini-kuc%c9%99d%c9%99-bicaqladilar-video","status":"publish","type":"post","link":"https:\/\/arantv.az\/?p=625853","title":{"rendered":"Bak\u0131da d\u0259h\u015f\u0259tli hadis\u0259: Qad\u0131n\u0131 k\u00fc\u00e7\u0259d\u0259 b\u0131\u00e7aqlad\u0131lar &#8211; V\u0130DEO"},"content":{"rendered":"<p>Bak\u0131da Yasamal rayonunda d\u0259h\u015f\u0259tli hadis\u0259 t\u00f6r\u0259dilib.<\/p>\n<p><strong>ARANTV.AZ <\/strong>\u00a0x\u0259b\u0259r verir ki, hadis\u0259nin g\u00f6r\u00fcnt\u00fcl\u0259rini jurnalist K\u00f6n\u00fcl Aypara sosial \u015f\u0259b\u0259k\u0259 hesab\u0131nda payla\u015f\u0131b. Bel\u0259 ki, rayonun\u00a0Abbas Mirz\u0259\u00a0\u015e\u0259rifzad\u0259 k\u00fc\u00e7\u0259sind\u0259 h\u0259r\u0259k\u0259t ed\u0259n qad\u0131na q\u0259fil h\u00fccum ed\u0259r\u0259k, onu b\u0131\u00e7aqlay\u0131blar.<\/p>\n<p>Qad\u0131na k\u00fc\u00e7\u0259d\u0259 h\u00fccum ed\u0259n \u015f\u0259xsin kimliyi m\u0259lum deyil. Haz\u0131rda polis \u0259m\u0259kda\u015flar\u0131 v\u0259 t\u0259cili tibbi yard\u0131m ma\u015f\u0131n\u0131 \u0259raziy\u0259 c\u0259lb edilibl\u0259r.<\/p>\n<p>H\u0259min g\u00f6r\u00fcnt\u00fcl\u0259ri t\u0259qdim edirik:<\/p>\n<div><iframe loading=\"lazy\" src=\"https:\/\/baku.tv\/embed\/95651\" width=\"560\" height=\"315\" frameborder=\"0\" allowfullscreen=\"allowfullscreen\" data-mce-fragment=\"1\"><\/iframe><\/div>\n","protected":false},"excerpt":{"rendered":"<p>Bak\u0131da Yasamal rayonunda d\u0259h\u015f\u0259tli hadis\u0259 t\u00f6r\u0259dilib. ARANTV.AZ \u00a0x\u0259b\u0259r verir ki, hadis\u0259nin g\u00f6r\u00fcnt\u00fcl\u0259rini jurnalist K\u00f6n\u00fcl Aypara sosial \u015f\u0259b\u0259k\u0259 hesab\u0131nda payla\u015f\u0131b. Bel\u0259 ki, rayonun\u00a0Abbas Mirz\u0259\u00a0\u015e\u0259rifzad\u0259 k\u00fc\u00e7\u0259sind\u0259 h\u0259r\u0259k\u0259t ed\u0259n qad\u0131na q\u0259fil h\u00fccum ed\u0259r\u0259k, onu b\u0131\u00e7aqlay\u0131blar. Qad\u0131na k\u00fc\u00e7\u0259d\u0259 h\u00fccum ed\u0259n \u015f\u0259xsin kimliyi m\u0259lum deyil. Haz\u0131rda polis \u0259m\u0259kda\u015flar\u0131 v\u0259 t\u0259cili tibbi yard\u0131m ma\u015f\u0131n\u0131 \u0259raziy\u0259 c\u0259lb edilibl\u0259r. H\u0259min g\u00f6r\u00fcnt\u00fcl\u0259ri t\u0259qdim edirik:<\/p>\n","protected":false},"author":2,"featured_media":625854,"comment_status":"closed","ping_status":"closed","sticky":false,"template":"","format":"standard","meta":{"om_disable_all_campaigns":false,"_monsterinsights_skip_tracking":false,"_monsterinsights_sitenote_active":false,"_monsterinsights_sitenote_note":"","_monsterinsights_sitenote_category":0},"categories":[5],"tags":[],"aioseo_notices":[],"gutentor_comment":0,"rttpg_featured_image_url":{"full":["https:\/\/arantv.az\/wp-content\/uploads\/2023\/08\/FotoJet-54-2.jpg",620,413,false],"landscape":["https:\/\/arantv.az\/wp-content\/uploads\/2023\/08\/FotoJet-54-2.jpg",620,413,false],"portraits":["https:\/\/arantv.az\/wp-content\/uploads\/2023\/08\/FotoJet-54-2.jpg",620,413,false],"thumbnail":["https:\/\/arantv.az\/wp-content\/uploads\/2023\/08\/FotoJet-54-2-500x280.jpg",500,280,true],"medium":["https:\/\/arantv.az\/wp-content\/uploads\/2023\/08\/FotoJet-54-2-548x365.jpg",548,365,true],"large":["https:\/\/arantv.az\/wp-content\/uploads\/2023\/08\/FotoJet-54-2.jpg",620,413,false],"1536x1536":["https:\/\/arantv.az\/wp-content\/uploads\/2023\/08\/FotoJet-54-2.jpg",620,413,false],"2048x2048":["https:\/\/arantv.az\/wp-content\/uploads\/2023\/08\/FotoJet-54-2.jpg",620,413,false],"post-thumbnail":["https:\/\/arantv.az\/wp-content\/uploads\/2023\/08\/FotoJet-54-2-240x172.jpg",240,172,true],"advps-thumb-one":["https:\/\/arantv.az\/wp-content\/uploads\/2023\/08\/FotoJet-54-2.jpg",620,413,false]},"rttpg_author":{"display_name":"V\u00fcsal Rafiqo\u011flu","author_link":"https:\/\/arantv.az\/?author=2"},"rttpg_comment":0,"rttpg_category":"<a href=\"https:\/\/arantv.az\/?cat=5\" rel=\"category\">Hadis\u0259<\/a>","rttpg_excerpt":"Bak\u0131da Yasamal rayonunda d\u0259h\u015f\u0259tli hadis\u0259 t\u00f6r\u0259dilib. ARANTV.AZ \u00a0x\u0259b\u0259r verir ki, hadis\u0259nin g\u00f6r\u00fcnt\u00fcl\u0259rini jurnalist K\u00f6n\u00fcl Aypara sosial \u015f\u0259b\u0259k\u0259 hesab\u0131nda payla\u015f\u0131b. Bel\u0259 ki, rayonun\u00a0Abbas Mirz\u0259\u00a0\u015e\u0259rifzad\u0259 k\u00fc\u00e7\u0259sind\u0259 h\u0259r\u0259k\u0259t ed\u0259n qad\u0131na q\u0259fil h\u00fccum ed\u0259r\u0259k, onu b\u0131\u00e7aqlay\u0131blar. Qad\u0131na k\u00fc\u00e7\u0259d\u0259 h\u00fccum ed\u0259n \u015f\u0259xsin kimliyi m\u0259lum deyil. Haz\u0131rda polis \u0259m\u0259kda\u015flar\u0131 v\u0259 t\u0259cili tibbi yard\u0131m ma\u015f\u0131n\u0131 \u0259raziy\u0259 c\u0259lb edilibl\u0259r. H\u0259min g\u00f6r\u00fcnt\u00fcl\u0259ri t\u0259qdim edirik:","_links":{"self":[{"href":"https:\/\/arantv.az\/index.php?rest_route=\/wp\/v2\/posts\/625853"}],"collection":[{"href":"https:\/\/arantv.az\/index.php?rest_route=\/wp\/v2\/posts"}],"about":[{"href":"https:\/\/arantv.az\/index.php?rest_route=\/wp\/v2\/types\/post"}],"author":[{"embeddable":true,"href":"https:\/\/arantv.az\/index.php?rest_route=\/wp\/v2\/users\/2"}],"replies":[{"embeddable":true,"href":"https:\/\/arantv.az\/index.php?rest_route=%2Fwp%2Fv2%2Fcomments&post=625853"}],"version-history":[{"count":0,"href":"https:\/\/arantv.az\/index.php?rest_route=\/wp\/v2\/posts\/625853\/revisions"}],"wp:featuredmedia":[{"embeddable":true,"href":"https:\/\/arantv.az\/index.php?rest_route=\/wp\/v2\/media\/625854"}],"wp:attachment":[{"href":"https:\/\/arantv.az\/index.php?rest_route=%2Fwp%2Fv2%2Fmedia&parent=625853"}],"wp:term":[{"taxonomy":"category","embeddable":true,"href":"https:\/\/arantv.az\/index.php?rest_route=%2Fwp%2Fv2%2Fcategories&post=625853"},{"taxonomy":"post_tag","embeddable":true,"href":"https:\/\/arantv.az\/index.php?rest_route=%2Fwp%2Fv2%2Ftags&post=625853"}],"curies":[{"name":"wp","href":"https:\/\/api.w.org\/{rel}","templated":true}]}}