{"id":625856,"date":"2023-08-29T15:35:46","date_gmt":"2023-08-29T11:35:46","guid":{"rendered":"https:\/\/arantv.az\/?p=625856"},"modified":"2023-08-29T15:35:46","modified_gmt":"2023-08-29T11:35:46","slug":"nazir-qarasovun-r%c9%99hb%c9%99ri-oldugu-idar%c9%99ni-iki-hiss%c9%99y%c9%99-boldu-%c9%99vv%c9%99lki-r%c9%99is%c9%99-d%c9%99-v%c9%99zif%c9%99-verdi-foto","status":"publish","type":"post","link":"https:\/\/arantv.az\/?p=625856","title":{"rendered":"Nazir Qara\u015fovun r\u0259hb\u0259ri oldu\u011fu idar\u0259ni iki hiss\u0259y\u0259 b\u00f6ld\u00fc, \u0259vv\u0259lki r\u0259is\u0259 d\u0259 v\u0259zif\u0259 verdi &#8211; FOTO"},"content":{"rendered":"<p>F\u00f6vq\u0259lad\u0259 hallar naziri general-polkovnik K\u0259mal\u0259ddin Heyd\u0259rov L\u0259nk\u0259ran \u015e\u0259h\u0259r \u0130cra Hakimiyy\u0259tinin ba\u015f\u00e7\u0131s\u0131 Taleh Qara\u015fovun o\u011flunun r\u0259hb\u0259ri oldu\u011fu idar\u0259ni iki quruma ay\u0131r\u0131b.<\/p>\n<p>\u201cQaynarinfo\u201dnun \u0259ld\u0259 etdiyi m\u0259lumata g\u00f6r\u0259, polkovnik Seymur Qara\u015fov F\u00f6vq\u0259lad\u0259 Hallar\u0131n X\u0259b\u0259rdar Edilm\u0259si v\u0259 Daxili T\u0259hl\u00fck\u0259sizlik Ba\u015f \u0130dar\u0259sinin r\u0259isi v\u0259zif\u0259sind\u0259n azad edilib. Qurum iki hiss\u0259y\u0259 b\u00f6l\u00fcn\u00fcb v\u0259 yerind\u0259 F\u00f6vq\u0259lad\u0259 Hallar\u0131n X\u0259b\u0259rdar Edilm\u0259si \u0130dar\u0259si v\u0259 Daxili T\u0259hl\u00fck\u0259sizlik Ba\u015f \u0130dar\u0259si yarad\u0131l\u0131b.<\/p>\n<p>&nbsp;<\/p>\n<div class=\"gallery\">\n<div class=\"gallery-i\"><img src=\"https:\/\/cdn.oxu.az\/uploads\/W1siZiIsIjIwMjMvMDgvMjkvMTQvNDYvMTQvYjQxZjFhMzYtMzIwMS00MTNhLTgzOGEtZmZkODdhODVmM2QzL8mZLmpwZyJdLFsicCIsImVuY29kZSIsImpwZyIsIi1xdWFsaXR5IDgwIl0sWyJwIiwidGh1bWIiLCI1OTB4NTkwXHUwMDNlIl1d?sha=86db75e33c2de4dc\" alt=\"\" \/><\/p>\n<div class=\"gallery-i-caption\"><\/div>\n<\/div>\n<\/div>\n<p>K\u0259mal\u0259ddin Heyd\u0259rovun m\u00fcvafiq \u0259mri il\u0259 polkovnik Seymur Qara\u015fov Daxili T\u0259hl\u00fck\u0259sizlik Ba\u015f \u0130dar\u0259sinin r\u0259isi t\u0259yin edilib.<\/p>\n<p>F\u00f6vq\u0259lad\u0259 Hallar\u0131n X\u0259b\u0259rdar Edilm\u0259si \u0130dar\u0259si v\u0259 Daxili T\u0259hl\u00fck\u0259sizlik Ba\u015f \u0130dar\u0259sinin Seymur Qara\u015fovdan \u00f6nc\u0259ki r\u0259isi, polkovnik Sahib Rzayev is\u0259 F\u00f6vq\u0259lad\u0259 Hallar\u0131n X\u0259b\u0259rdar Edilm\u0259si \u0130dar\u0259sinin r\u0259isi t\u0259yin olunub.<\/p>\n<p>Xat\u0131rladaq ki, \u00f6t\u0259n ay Seymur Qara\u015fov Ki\u00e7ikh\u0259cmli G\u0259mil\u0259r\u0259 N\u0259zar\u0259t v\u0259 Sularda Xilasetm\u0259 D\u00f6vl\u0259t Xidm\u0259tinin r\u0259is m\u00fcavini v\u0259zif\u0259sind\u0259n azad olunaraq, nazirliyin F\u00f6vq\u0259lad\u0259 Hallar\u0131n X\u0259b\u0259rdar Edilm\u0259si v\u0259 Daxili T\u0259hl\u00fck\u0259sizlik Ba\u015f \u0130dar\u0259sinin r\u0259isi t\u0259yin edilmi\u015fdi.<\/p>\n","protected":false},"excerpt":{"rendered":"<p>F\u00f6vq\u0259lad\u0259 hallar naziri general-polkovnik K\u0259mal\u0259ddin Heyd\u0259rov L\u0259nk\u0259ran \u015e\u0259h\u0259r \u0130cra Hakimiyy\u0259tinin ba\u015f\u00e7\u0131s\u0131 Taleh Qara\u015fovun o\u011flunun r\u0259hb\u0259ri oldu\u011fu idar\u0259ni iki quruma ay\u0131r\u0131b. \u201cQaynarinfo\u201dnun \u0259ld\u0259 etdiyi m\u0259lumata g\u00f6r\u0259, polkovnik Seymur Qara\u015fov F\u00f6vq\u0259lad\u0259 Hallar\u0131n X\u0259b\u0259rdar Edilm\u0259si v\u0259 Daxili T\u0259hl\u00fck\u0259sizlik Ba\u015f \u0130dar\u0259sinin r\u0259isi v\u0259zif\u0259sind\u0259n azad edilib. Qurum iki hiss\u0259y\u0259 b\u00f6l\u00fcn\u00fcb v\u0259 yerind\u0259 F\u00f6vq\u0259lad\u0259 Hallar\u0131n X\u0259b\u0259rdar Edilm\u0259si \u0130dar\u0259si v\u0259 Daxili T\u0259hl\u00fck\u0259sizlik Ba\u015f \u0130dar\u0259si yarad\u0131l\u0131b. &nbsp; K\u0259mal\u0259ddin Heyd\u0259rovun m\u00fcvafiq \u0259mri il\u0259 polkovnik Seymur Qara\u015fov Daxili T\u0259hl\u00fck\u0259sizlik Ba\u015f \u0130dar\u0259sinin r\u0259isi t\u0259yin edilib. F\u00f6vq\u0259lad\u0259 Hallar\u0131n X\u0259b\u0259rdar Edilm\u0259si \u0130dar\u0259si v\u0259 Daxili T\u0259hl\u00fck\u0259sizlik Ba\u015f \u0130dar\u0259sinin Seymur Qara\u015fovdan \u00f6nc\u0259ki r\u0259isi, polkovnik Sahib&hellip;<\/p>\n","protected":false},"author":2,"featured_media":625861,"comment_status":"closed","ping_status":"closed","sticky":false,"template":"","format":"standard","meta":{"om_disable_all_campaigns":false,"_monsterinsights_skip_tracking":false,"_monsterinsights_sitenote_active":false,"_monsterinsights_sitenote_note":"","_monsterinsights_sitenote_category":0},"categories":[1],"tags":[],"aioseo_notices":[],"gutentor_comment":0,"rttpg_featured_image_url":{"full":["https:\/\/arantv.az\/wp-content\/uploads\/2023\/08\/6bde2e2f06cc9913e1c7e2109bacd3c446ae2af1151d41f8b2556809d203fbbckamal-jpg-jpg.jpg",620,413,false],"landscape":["https:\/\/arantv.az\/wp-content\/uploads\/2023\/08\/6bde2e2f06cc9913e1c7e2109bacd3c446ae2af1151d41f8b2556809d203fbbckamal-jpg-jpg.jpg",620,413,false],"portraits":["https:\/\/arantv.az\/wp-content\/uploads\/2023\/08\/6bde2e2f06cc9913e1c7e2109bacd3c446ae2af1151d41f8b2556809d203fbbckamal-jpg-jpg.jpg",620,413,false],"thumbnail":["https:\/\/arantv.az\/wp-content\/uploads\/2023\/08\/6bde2e2f06cc9913e1c7e2109bacd3c446ae2af1151d41f8b2556809d203fbbckamal-jpg-jpg-500x280.jpg",500,280,true],"medium":["https:\/\/arantv.az\/wp-content\/uploads\/2023\/08\/6bde2e2f06cc9913e1c7e2109bacd3c446ae2af1151d41f8b2556809d203fbbckamal-jpg-jpg-548x365.jpg",548,365,true],"large":["https:\/\/arantv.az\/wp-content\/uploads\/2023\/08\/6bde2e2f06cc9913e1c7e2109bacd3c446ae2af1151d41f8b2556809d203fbbckamal-jpg-jpg.jpg",620,413,false],"1536x1536":["https:\/\/arantv.az\/wp-content\/uploads\/2023\/08\/6bde2e2f06cc9913e1c7e2109bacd3c446ae2af1151d41f8b2556809d203fbbckamal-jpg-jpg.jpg",620,413,false],"2048x2048":["https:\/\/arantv.az\/wp-content\/uploads\/2023\/08\/6bde2e2f06cc9913e1c7e2109bacd3c446ae2af1151d41f8b2556809d203fbbckamal-jpg-jpg.jpg",620,413,false],"post-thumbnail":["https:\/\/arantv.az\/wp-content\/uploads\/2023\/08\/6bde2e2f06cc9913e1c7e2109bacd3c446ae2af1151d41f8b2556809d203fbbckamal-jpg-jpg-240x172.jpg",240,172,true],"advps-thumb-one":["https:\/\/arantv.az\/wp-content\/uploads\/2023\/08\/6bde2e2f06cc9913e1c7e2109bacd3c446ae2af1151d41f8b2556809d203fbbckamal-jpg-jpg.jpg",620,413,false]},"rttpg_author":{"display_name":"V\u00fcsal Rafiqo\u011flu","author_link":"https:\/\/arantv.az\/?author=2"},"rttpg_comment":0,"rttpg_category":"<a href=\"https:\/\/arantv.az\/?cat=1\" rel=\"category\">C\u0259miyy\u0259t<\/a>","rttpg_excerpt":"F\u00f6vq\u0259lad\u0259 hallar naziri general-polkovnik K\u0259mal\u0259ddin Heyd\u0259rov L\u0259nk\u0259ran \u015e\u0259h\u0259r \u0130cra Hakimiyy\u0259tinin ba\u015f\u00e7\u0131s\u0131 Taleh Qara\u015fovun o\u011flunun r\u0259hb\u0259ri oldu\u011fu idar\u0259ni iki quruma ay\u0131r\u0131b. \u201cQaynarinfo\u201dnun \u0259ld\u0259 etdiyi m\u0259lumata g\u00f6r\u0259, polkovnik Seymur Qara\u015fov F\u00f6vq\u0259lad\u0259 Hallar\u0131n X\u0259b\u0259rdar Edilm\u0259si v\u0259 Daxili T\u0259hl\u00fck\u0259sizlik Ba\u015f \u0130dar\u0259sinin r\u0259isi v\u0259zif\u0259sind\u0259n azad edilib. Qurum iki hiss\u0259y\u0259 b\u00f6l\u00fcn\u00fcb v\u0259 yerind\u0259 F\u00f6vq\u0259lad\u0259 Hallar\u0131n X\u0259b\u0259rdar Edilm\u0259si \u0130dar\u0259si v\u0259 Daxili T\u0259hl\u00fck\u0259sizlik&hellip;","_links":{"self":[{"href":"https:\/\/arantv.az\/index.php?rest_route=\/wp\/v2\/posts\/625856"}],"collection":[{"href":"https:\/\/arantv.az\/index.php?rest_route=\/wp\/v2\/posts"}],"about":[{"href":"https:\/\/arantv.az\/index.php?rest_route=\/wp\/v2\/types\/post"}],"author":[{"embeddable":true,"href":"https:\/\/arantv.az\/index.php?rest_route=\/wp\/v2\/users\/2"}],"replies":[{"embeddable":true,"href":"https:\/\/arantv.az\/index.php?rest_route=%2Fwp%2Fv2%2Fcomments&post=625856"}],"version-history":[{"count":0,"href":"https:\/\/arantv.az\/index.php?rest_route=\/wp\/v2\/posts\/625856\/revisions"}],"wp:featuredmedia":[{"embeddable":true,"href":"https:\/\/arantv.az\/index.php?rest_route=\/wp\/v2\/media\/625861"}],"wp:attachment":[{"href":"https:\/\/arantv.az\/index.php?rest_route=%2Fwp%2Fv2%2Fmedia&parent=625856"}],"wp:term":[{"taxonomy":"category","embeddable":true,"href":"https:\/\/arantv.az\/index.php?rest_route=%2Fwp%2Fv2%2Fcategories&post=625856"},{"taxonomy":"post_tag","embeddable":true,"href":"https:\/\/arantv.az\/index.php?rest_route=%2Fwp%2Fv2%2Ftags&post=625856"}],"curies":[{"name":"wp","href":"https:\/\/api.w.org\/{rel}","templated":true}]}}