{"id":625860,"date":"2023-08-29T15:39:10","date_gmt":"2023-08-29T11:39:10","guid":{"rendered":"https:\/\/arantv.az\/?p=625860"},"modified":"2023-08-29T15:39:10","modified_gmt":"2023-08-29T11:39:10","slug":"ilham-%c9%99liyev-lacindas%c9%99rh%c9%99d-buraxilis-m%c9%99nt%c9%99q%c9%99sinin-qurulmasi-%c9%99razi-butovluyumuzun-tam-b%c9%99rpasi-dem%c9%99kdir","status":"publish","type":"post","link":"https:\/\/arantv.az\/?p=625860","title":{"rendered":"\u0130lham \u018fliyev: \u00abLa\u00e7\u0131ndas\u0259rh\u0259d-burax\u0131l\u0131\u015f m\u0259nt\u0259q\u0259sinin qurulmas\u0131 \u0259razi b\u00fct\u00f6vl\u00fcy\u00fcm\u00fcz\u00fcn tam b\u0259rpas\u0131 dem\u0259kdir\u00bb"},"content":{"rendered":"<p><strong> \u0130rad\u0259 v\u0259 c\u0259sar\u0259tin t\u0259c\u0259ss\u00fcm\u00fc<\/strong><\/p>\n<p>&nbsp;<\/p>\n<p><strong>Az\u0259rbaycan Respublikas\u0131n\u0131n prezidenti \u0130lham \u018fliyev, Birinci Vitse prezident Mehriban \u018fliyeva avqustun 26-da Heyd\u0259r \u018fliyev Fondunun d\u0259st\u0259yi, M\u0259d\u0259niyy\u0259t Nazirliyinin v\u0259 Prezidentin La\u00e7\u0131n rayonunda x\u00fcsusi n\u00fcmay\u0259nd\u0259liyinin t\u0259\u015fkilat\u00e7\u0131l\u0131\u011f\u0131 il\u0259 La\u00e7\u0131n \u015f\u0259h\u0259rind\u0259 H\u0259k\u0259ri \u00e7ay\u0131n\u0131n sahilind\u0259 ke\u00e7iril\u0259n \u201cLa\u00e7\u0131n \u015e\u0259h\u0259ri G\u00fcn\u00fc\u201d bayram t\u0259dbirind\u0259 i\u015ftirak edibl\u0259r.<\/strong><\/p>\n<p><strong>D<\/strong>\u00f6vl\u0259t\u00a0ba\u015f\u00e7\u0131s\u0131 t\u0259dbird\u0259 \u00e7\u0131x\u0131\u015f edib.Prezident ilk n\u00f6vb\u0259d\u0259, la\u00e7\u0131nl\u0131lar\u0131 \u015e\u0259h\u0259r G\u00fcn\u00fc m\u00fcnasib\u0259til\u0259 \u00fcr\u0259kd\u0259n t\u0259brik edib.Bildirib ki,bir m\u00fcdd\u0259t bundan \u0259vv\u0259l x\u00fcsusi S\u0259r\u0259ncamla \u015f\u0259h\u0259r g\u00fcnl\u0259rinin ke\u00e7irilm\u0259si haqq\u0131nda q\u0259rar q\u0259bul olunmu\u015f, \u015e\u0259h\u0259r G\u00fcnl\u0259ri t\u0259sis edilmi\u015fdir:\u00ab\u015e\u0259h\u0259r G\u00fcnl\u0259ri \u015f\u0259h\u0259rl\u0259rimizin azad edilm\u0259si g\u00fcnl\u0259ridir.<\/p>\n<p>\u0130kinci Qaraba\u011f m\u00fcharib\u0259si n\u0259tic\u0259sind\u0259 dekabr\u0131n 1-d\u0259 La\u00e7\u0131n rayonu i\u015f\u011faldan azad edildi, ancaq La\u00e7\u0131n \u015f\u0259h\u0259ri v\u0259 iki k\u0259nd \u2013 Zabux v\u0259 Sus k\u0259ndl\u0259ri bizim n\u0259zar\u0259timizd\u0259 deyildi. Ona g\u00f6r\u0259 ki, ke\u00e7mi\u015f La\u00e7\u0131n d\u0259hlizi bu \u015f\u0259h\u0259rd\u0259n, bu k\u0259ndl\u0259rd\u0259n ke\u00e7irdi. Biz q\u0131sa m\u00fcdd\u0259t \u0259rzind\u0259 yeni yol \u00e7\u0259k\u0259r\u0259k h\u0259m La\u00e7\u0131na, h\u0259m d\u0259 Zabux v\u0259 Sus k\u0259ndl\u0259rin\u0259 qay\u0131td\u0131q v\u0259 bu g\u00fcn s\u0259h\u0259r zabuxlularla m\u0259nim g\u00f6r\u00fc\u015f\u00fcm olub. Onlar d\u00fcn\u0259n ax\u015fam uzun fasil\u0259d\u0259n sonra \u2013 31 ild\u0259n sonra \u00f6z do\u011fma k\u0259ndl\u0259rin\u0259 qay\u0131d\u0131blar v\u0259 art\u0131q burada ya\u015fay\u0131rlar. La\u00e7\u0131nl\u0131lar is\u0259 may\u0131n 28-d\u0259n etibar\u0259n art\u0131q buradad\u0131rlar. May\u0131n 28-d\u0259 &#8211; M\u00fcst\u0259qillik G\u00fcn\u00fcnd\u0259 m\u0259n birinci qrup la\u00e7\u0131nl\u0131lara onlar\u0131n evl\u0259rinin a\u00e7arlar\u0131n\u0131 t\u0259qdim etdim v\u0259 bel\u0259likl\u0259, La\u00e7\u0131n\u0131n dir\u00e7\u0259li\u015f d\u00f6vr\u00fc ba\u015flam\u0131\u015fd\u0131r. O vaxtdan bu g\u00fcn\u0259 q\u0259d\u0259r 1000-\u0259 yax\u0131n La\u00e7\u0131n sakini \u015f\u0259h\u0259rd\u0259 m\u0259skunla\u015fm\u0131\u015f v\u0259 ilin sonuna q\u0259d\u0259r 900 ail\u0259 \u00fc\u00e7\u00fcn evl\u0259r haz\u0131r olacaq. Y\u0259ni, bu ilin sonuna q\u0259d\u0259r bir ne\u00e7\u0259 min h\u0259m \u015f\u0259h\u0259r sakini, h\u0259m k\u0259nd sakini La\u00e7\u0131nda ya\u015fayacaq\u00bb.<\/p>\n<p>\u00d6lk\u0259mizin ba\u015f\u00e7\u0131s\u0131 bunu b\u00f6y\u00fck xo\u015fb\u0259xtlik kimi d\u0259y\u0259rl\u0259ndirib v\u0259 vur\u011fulay\u0131b ki, bu xo\u015fb\u0259xtliyi biz\u0259 b\u0259x\u015f ed\u0259n\u00a0 m\u00fcz\u0259ff\u0259r Silahl\u0131 Q\u00fcvv\u0259l\u0259ridir: \u00abF\u00fcrs\u0259td\u0259n istifad\u0259 ed\u0259r\u0259k b\u00fct\u00fcn \u015f\u0259hidl\u0259rimizin \u0259ziz xatir\u0259sini h\u00f6rm\u0259tl\u0259 yad edir, onlara Allahdan r\u0259hm\u0259t dil\u0259yirik. Onlar\u0131n qan\u0131-can\u0131 bahas\u0131na, q\u0259hr\u0259man \u00f6vladlar\u0131m\u0131z\u0131n \u015f\u00fcca\u0259ti hesab\u0131na bu g\u00fcn biz buraday\u0131q, do\u011fma torpa\u011f\u0131m\u0131zda bayram \u015f\u0259nlikl\u0259ri ke\u00e7iririk. Bundan b\u00f6y\u00fck xo\u015fb\u0259xtlik ola bilm\u0259z\u00bb.<\/p>\n<p>Prezident \u0130lham \u018fliyev La\u00e7\u0131n\u0131n i\u015f\u011fala m\u0259ruz qalmas\u0131n\u0131nh\u0259m la\u00e7\u0131nl\u0131lar, h\u0259m d\u0259 b\u00fct\u00fcn Az\u0259rbaycan xalq\u0131 \u00fc\u00e7\u00fcn b\u00f6y\u00fck faci\u0259 oldu\u011funu vur\u011fulay\u0131b. Prezident \u0259lav\u0259 edib ki, La\u00e7\u0131n\u0131n i\u015f\u011fal\u0131 strateji n\u00f6qteyi-n\u0259z\u0259rd\u0259n b\u00f6y\u00fck bir s\u0131naq, b\u00f6y\u00fck bir f\u0259lak\u0259t idi: \u00ab\u00c7\u00fcnki bel\u0259likl\u0259, Erm\u0259nistanla ke\u00e7mi\u015f Da\u011fl\u0131q Qaraba\u011f Muxtar Vilay\u0259ti aras\u0131nda co\u011frafi \u0259laq\u0259 yarad\u0131l\u0131rd\u0131 v\u0259 bizim sonrak\u0131 itkil\u0259rimizin ba\u015flan\u011f\u0131c\u0131 m\u0259hz \u015eu\u015fa v\u0259 La\u00e7\u0131n\u0131n itirilm\u0259si idi. May ay\u0131 m\u00fcst\u0259qil Az\u0259rbaycan\u0131n tarixind\u0259 bu iki faci\u0259vi g\u00fcnl\u0259 \u0259laq\u0259li idi. Y\u0259ni, bizim m\u00fcst\u0259qil h\u0259yat\u0131m\u0131zda may ay\u0131 faci\u0259li bir ay idi &#8211; \u00e7\u00fcnki 8 mayda \u015eu\u015fa, 18 mayda La\u00e7\u0131n i\u015f\u011fal edildi. \u0130\u015f\u011fal bizi i\u00e7\u0259rid\u0259n sars\u0131d\u0131rd\u0131 v\u0259 bu i\u015f\u011fal dig\u0259r torpaqlar\u0131m\u0131z\u0131 i\u015f\u011fal alt\u0131na d\u00fc\u015fm\u0259sinin ba\u015flan\u011f\u0131c\u0131 idi. \u00c7\u00fcnki birinci \u015eu\u015fa, ondan sonra La\u00e7\u0131n i\u015f\u011fal olunmu\u015fdur.<\/p>\n<p>Bu g\u00fcn biz h\u0259m \u015eu\u015fada, h\u0259m La\u00e7\u0131nda toy-bayram edirik, h\u0259m d\u0259 sakinl\u0259r qay\u0131d\u0131b, h\u0259yat qay\u0131d\u0131b. Bu g\u00fcn s\u0259h\u0259r u\u015faqlarla bir ne\u00e7\u0259 t\u0259dbird\u0259 i\u015ftirak edirdim. Onlardan soru\u015furdum, h\u0259m Zabuxda, h\u0259m La\u00e7\u0131n \u015f\u0259h\u0259rind\u0259, siz Bak\u0131dan, Sumqay\u0131tdan, dig\u0259r yerl\u0259rd\u0259n g\u0259lmisiniz, dar\u0131xm\u0131rs\u0131n\u0131z? Xeyr dedil\u0259r. Biz \u00f6z do\u011fma torpa\u011f\u0131m\u0131zda q\u00fcrurla ya\u015fay\u0131r\u0131q. H\u0259r bir la\u00e7\u0131nl\u0131, h\u0259r bir ke\u00e7mi\u015f m\u0259cburi k\u00f6\u00e7k\u00fcn bu g\u00fcn q\u00fcrur hissi il\u0259 ya\u015fay\u0131r\u00bb.<\/p>\n<p>\u00d6lk\u0259mizin ba\u015f\u00e7\u0131s\u0131 bildirib ki, i\u015f\u011fal alt\u0131nda olan torpaqlar\u0131m\u0131z\u0131 dan\u0131\u015f\u0131qlar yolu il\u0259 azad etm\u0259k m\u00fcmk\u00fcn deyildi v\u0259 m\u00fcharib\u0259 yegan\u0259 \u00e7\u0131x\u0131\u015f yolu idi. Prezident \u00a0\u0259dal\u0259tli m\u00fcharib\u0259 apar\u0131ld\u0131\u011f\u0131n\u0131 qeyd ed\u0259r\u0259k bildirib ki, bizim ba\u015fqa \u00f6lk\u0259l\u0259rin torpa\u011f\u0131nda g\u00f6z\u00fcm\u00fcz yoxdur, ancaq \u00f6z torpa\u011f\u0131m\u0131z\u0131 he\u00e7 kim\u0259 ver\u0259n d\u0259 deyilik:\u00abBu m\u0259s\u0259l\u0259 il\u0259 ba\u011fl\u0131 h\u0259l\u0259 i\u015f\u011fal d\u00f6vr\u00fcnd\u0259 d\u0259f\u0259l\u0259rl\u0259 m\u0259n Az\u0259rbaycan d\u00f6vl\u0259tinin m\u00f6vqeyini ifad\u0259 ed\u0259r\u0259k deyirdim ki, he\u00e7 vaxt Az\u0259rbaycan xalq\u0131 i\u015f\u011falla bar\u0131\u015fmayacaq, n\u0259yin bahas\u0131na olursa-olsun \u00f6z do\u011fma torpaqlar\u0131na qay\u0131dacaqd\u0131r v\u0259 bel\u0259 d\u0259 oldu.<\/p>\n<p>\u0130ndi is\u0259 biz La\u00e7\u0131n\u0131 qurub-yarad\u0131r\u0131q. La\u00e7\u0131na ke\u00e7\u0259n ilin sentyabr ay\u0131nda g\u0259l\u0259nd\u0259 \u015f\u0259h\u0259rin m\u0259nz\u0259r\u0259si \u00e7ox ac\u0131nacaql\u0131 idi, \u015f\u0259h\u0259r dem\u0259k olar ki, da\u011f\u0131lm\u0131\u015f v\u0259ziyy\u0259td\u0259 idi. K\u00f6hn\u0259d\u0259n qalan, i\u015f\u011faldan \u0259vv\u0259lki d\u00f6vr\u0259 aid olan bir ne\u00e7\u0259 y\u00f6nd\u0259msiz bina m\u00f6vcud idi. Bildiyiniz kimi, burada Erm\u0259nistan d\u00f6vl\u0259ti h\u0259rbi cinay\u0259t t\u00f6r\u0259d\u0259r\u0259k qanunsuz m\u0259skunla\u015fma apar\u0131rd\u0131. X\u00fcsusil\u0259 xarici \u00f6lk\u0259l\u0259rd\u0259n, Yax\u0131n \u015e\u0259rqd\u0259n erm\u0259nil\u0259ri buraya d\u0259v\u0259t edib onlar\u0131 bizim, az\u0259rbaycanl\u0131lar\u0131n evl\u0259rind\u0259 yerl\u0259\u015fdirmi\u015fdi. Bu, bir daha dem\u0259k ist\u0259yir\u0259m ki, h\u0259rbi cinay\u0259tdir. \u018ffsuslar olsun ki, beyn\u0259lxalq t\u0259\u015fkilatlar, Erm\u0259nistan\u0131n havadarlar\u0131 buna g\u00f6z yumurdular. Bu, onlar \u00fc\u00e7\u00fcn m\u0259qbul idi. \u00c7\u00fcnki Erm\u0259nistan d\u00f6vl\u0259ti kimi, Erm\u0259nistan\u0131n xaricd\u0259ki havadarlar\u0131 da hesab edirdil\u0259r ki, bu torpaqlar \u0259b\u0259di i\u015f\u011fal alt\u0131nda qalmal\u0131d\u0131r. Bizim irad\u0259miz, bizim g\u00fcc\u00fcm\u00fcz, bizim yumru\u011fumuz onlar\u0131n da ba\u015f\u0131na d\u0259ydi. \u00c7\u00fcnki bizim torpa\u011f\u0131m\u0131zda ikinci Erm\u0259nistan, ikinci erm\u0259ni d\u00f6vl\u0259tinin yarad\u0131lmas\u0131 t\u0259kc\u0259 Erm\u0259nistan r\u0259hb\u0259rliyinin m\u0259hsulu deyildi.<\/p>\n<p>Bu g\u00fcn is\u0259 biz b\u00fct\u00fcn d\u00fcnyaya s\u00fcbut etmi\u015fik ki, he\u00e7 kim bizim irad\u0259miz\u0259 t\u0259sir ed\u0259 bilm\u0259z.Bunu biz m\u00fcharib\u0259 d\u00f6vr\u00fcnd\u0259 g\u00f6st\u0259rmi\u015fik, 44 g\u00fcn \u0259rzind\u0259 ancaq v\u0259 ancaq ir\u0259li ged\u0259r\u0259k, d\u00fc\u015fm\u0259ni m\u0259hv ed\u0259r\u0259k, bayra\u011f\u0131m\u0131z\u0131 qald\u0131raraq g\u00f6st\u0259rmi\u015fik. M\u00fcharib\u0259d\u0259n sonra ke\u00e7\u0259n 3 il\u0259 yax\u0131n m\u00fcdd\u0259td\u0259 d\u0259 bunu s\u00fcbut etm\u0259y\u0259 m\u0259cburuq. \u00c7\u00fcnki biz\u0259 qar\u015f\u0131 apar\u0131lan kampaniya, \u00e7irkin t\u0259bli\u011fat bizim irad\u0259miz\u0259 t\u0259sir ed\u0259 bilm\u0259z, bizi yolumuzdan d\u00f6nd\u0259r\u0259 bilm\u0259z. Haqq-\u0259dal\u0259t bizim t\u0259r\u0259fimizd\u0259dir, beyn\u0259lxalq h\u00fcquq bizim t\u0259r\u0259fimizd\u0259dir, biz he\u00e7 kimd\u0259n qorxmuruq v\u0259 bunu g\u00f6st\u0259rmi\u015fik, h\u0259m d\u00f6y\u00fc\u015f meydan\u0131nda, h\u0259m siyasi m\u00fcst\u0259vid\u0259. Erm\u0259nistan\u0131n havadarlar\u0131 bunu n\u0259 q\u0259d\u0259r tez anlasalar, o q\u0259d\u0259r d\u0259 Erm\u0259nistan \u00fc\u00e7\u00fcn yax\u015f\u0131 olacaq v\u0259 b\u00f6lg\u0259 \u00fc\u00e7\u00fcn yax\u015f\u0131 olacaq. \u00c7\u00fcnki biz qurub-yaradan xalq\u0131q\u00bb.<\/p>\n<p>Prezident La\u00e7\u0131n \u015f\u0259h\u0259rinin c\u0259mi 8 ay \u0259rzind\u0259 yenid\u0259n qurulmas\u0131n\u0131xalq\u0131m\u0131z\u0131n\u00a0 istedad\u0131n\u0131n, g\u00fccl\u00fc irad\u0259sinin t\u0259zah\u00fcr\u00fc kimi qiym\u0259tl\u0259ndirib. \u00d6lk\u0259mizin ba\u015f\u00e7\u0131s\u0131 bildirib ki, Erm\u0259nistan 30 il \u0259rzind\u0259 torpaqlar\u0131m\u0131z\u0131 i\u015f\u011fal alt\u0131nda saxlay\u0131b v\u0259 azad edilmi\u015f \u0259razil\u0259r\u0259 h\u0259r g\u0259l\u0259n insan \u00f6z g\u00f6zl\u0259ri il\u0259 erm\u0259ni v\u0259h\u015filiyinin t\u0259zah\u00fcrl\u0259rinin canl\u0131 \u015fahidi olurlar:\u00ab\u018fg\u0259r bu torpaq onlara m\u0259xsus idis\u0259, n\u0259 \u00fc\u00e7\u00fcn \u015f\u0259h\u0259rl\u0259r, k\u0259ndl\u0259r viran qoyulub, n\u0259 \u00fc\u00e7\u00fcn b\u00fct\u00fcn tarixi abid\u0259l\u0259r da\u011f\u0131d\u0131l\u0131b? Onlar da bilirdil\u0259r ki, gec-tez biz g\u0259l\u0259c\u0259yik, biz d\u0259 bilirdik ki, gec-tez biz g\u0259l\u0259c\u0259yik. \u0130\u015f\u011fal d\u00f6vr\u00fcnd\u0259 ke\u00e7mi\u015f k\u00f6\u00e7k\u00fcnl\u0259rl\u0259 \u00e7oxsayl\u0131 g\u00f6r\u00fc\u015fl\u0259rd\u0259 m\u0259n deyirdim ki, g\u00fcn g\u0259l\u0259c\u0259k biz \u00f6z bayra\u011f\u0131m\u0131z\u0131 La\u00e7\u0131nda, \u015eu\u015fada, o vaxt i\u015f\u011fal olunan dig\u0259r \u015f\u0259h\u0259rl\u0259rd\u0259 qald\u0131raca\u011f\u0131q.<\/p>\n<p>Xat\u0131rlay\u0131ram, 50 ya\u015f\u0131m tamam olanda m\u0259n la\u00e7\u0131nl\u0131larla Qaraba\u011fda, Qaraba\u011f\u0131n A\u011fcab\u0259di rayonunda, Taxtak\u00f6rp\u00fc q\u0259s\u0259b\u0259sind\u0259 g\u00f6r\u00fc\u015fm\u00fc\u015fd\u00fcm v\u0259 onlara demi\u015fdim ki, &#8211; yeni k\u00f6\u00e7k\u00fcn \u015f\u0259h\u0259rciyi a\u00e7\u0131l\u0131rd\u0131, &#8211; d\u00f6vl\u0259t sizi daha yax\u015f\u0131 \u015f\u0259raitl\u0259 t\u0259min edir, ancaq torpaqlar\u0131m\u0131z azad olunandan sonra sizin \u00fc\u00e7\u00fcn La\u00e7\u0131nda daha g\u00f6z\u0259l \u015f\u0259rait yaradaca\u011f\u0131q v\u0259 bel\u0259 d\u0259 oldu. \u018flli ya\u015f\u0131m\u0131 A\u011fcab\u0259did\u0259 la\u00e7\u0131nl\u0131larla qeyd etmi\u015f\u0259m, 60 ya\u015fm\u0131 \u015eu\u015fada qeyd etmi\u015f\u0259m,<\/p>\n<p>C\u0131d\u0131r d\u00fcz\u00fcnd\u0259, bu g\u00fcn d\u0259 La\u00e7\u0131n \u015e\u0259h\u0259ri G\u00fcn\u00fcnd\u0259 sizinl\u0259 birlikd\u0259 bu bayram t\u0259dbirl\u0259rind\u0259 i\u015ftirak edir\u0259m. Bu b\u00f6y\u00fck xo\u015fb\u0259xtlikdir, m\u0259nim \u00fc\u00e7\u00fcn, sizin \u00fc\u00e7\u00fcn, h\u0259r birimiz \u00fc\u00e7\u00fcn. Biz xo\u015fb\u0259xt g\u00fcnl\u0259ri ya\u015fay\u0131r\u0131q v\u0259 \u0259min\u0259m ki, xalq\u0131m\u0131z bundan sonra s\u00fclh, \u0259min-amanl\u0131q \u015f\u0259raitind\u0259 ya\u015fayacaq, \u00f6z do\u011fma torpa\u011f\u0131nda qurub-yaradacaqd\u0131r. La\u00e7\u0131n rayonunun timsal\u0131nda biz dir\u00e7\u0259l\u0259n Az\u0259rbaycan reall\u0131qlar\u0131n\u0131 g\u00f6r\u00fcr\u00fck, dir\u00e7\u0259l\u0259n torpaqlar\u0131 g\u00f6r\u00fcr\u00fck\u00bb.<\/p>\n<p>Az\u0259rbaycan Respublikas\u0131n\u0131n Prezidenti \u00e7\u0131x\u0131\u015f\u0131n\u0131 davam etdir\u0259r\u0259k bildirib ki, bu il aprelin 23-d\u0259 La\u00e7\u0131n rayonunda, Az\u0259rbaycan-Erm\u0259nistan s\u0259rh\u0259dind\u0259 s\u0259rh\u0259d-burax\u0131l\u0131\u015f m\u0259nt\u0259q\u0259si qoyulub v\u0259bu irad\u0259, c\u0259sar\u0259t, \u00f6z g\u00fcc\u00fcn\u0259 \u0259minlik say\u0259sind\u0259 ger\u00e7\u0259kl\u0259\u015fib. \u00d6lk\u0259mizin ba\u015f\u00e7\u0131s\u0131 \u00f6lk\u0259miz\u0259 t\u0259zyiql\u0259r, h\u0259d\u0259-qorxular oldu\u011funu v\u0259 bu g\u00fcn d\u0259 davam etdiyini, m\u00fcxt\u0259lif beyn\u0259lxalq t\u0259\u015fkilatlar \u00e7\u0259r\u00e7iv\u0259sind\u0259 Erm\u0259nistan v\u0259 onun arxas\u0131nda dayanan onlarab\u0259nz\u0259r m\u0259xluqlar\u0131n m\u00fcxt\u0259lif fitn\u0259l\u0259r ortaya atd\u0131\u011f\u0131n\u0131, lakin bizi yolumuzdan d\u00f6nd\u0259r\u0259 bilm\u0259y\u0259c\u0259kl\u0259rini x\u00fcsusi vur\u011fulay\u0131b. Prezident 23 aprel tarixlini \u0259razil\u0259rimizin b\u00fct\u00f6vl\u00fcy\u00fcn\u00fcn tam b\u0259rpas\u0131 kimi ifad\u0259 edib: \u00abS\u0259rh\u0259d-burax\u0131l\u0131\u015f m\u0259nt\u0259q\u0259sinin qurulmas\u0131 \u0259razi b\u00fct\u00f6vl\u00fcy\u00fcm\u00fcz\u00fcn tam b\u0259rpas\u0131 dem\u0259kdir v\u0259 bunu biz beyn\u0259lxalq h\u00fcquq \u00e7\u0259r\u00e7iv\u0259sind\u0259 etdik, biz \u00f6z \u0259razimizi qoruyuruq, \u00f6z s\u0259rh\u0259dl\u0259rimizi qoruyuruq v\u0259 qoruyaca\u011f\u0131q.<\/p>\n<p>Ona g\u00f6r\u0259 La\u00e7\u0131n rayonu il\u0259 ba\u011fl\u0131 bir \u00e7ox \u00f6n\u0259mli tarixi hadis\u0259l\u0259r ba\u015f vermi\u015fdir. Bu g\u00fcn La\u00e7\u0131n \u015f\u0259h\u0259ri, g\u00f6r\u00fcn, nec\u0259 d\u0259 g\u00f6z\u0259ldir c\u0259mi 8-9 ay \u0259rzind\u0259, he\u00e7 bir il ke\u00e7m\u0259yib. BuBiz b\u0259rpa i\u015fl\u0259rin\u0259 ke\u00e7\u0259n ilin oktyabr ay\u0131nda ba\u015flam\u0131\u015fd\u0131q, art\u0131q bu g\u00fcn biz La\u00e7\u0131nda qonaqlar\u0131 q\u0259bul edirik\u00bb.<\/p>\n<p>Sonra \u00f6lk\u0259mizin ba\u015f\u00e7\u0131s\u0131 bir daha la\u00e7\u0131nl\u0131lar\u0131 \u015e\u0259h\u0259r G\u00fcn\u00fc m\u00fcnasib\u0259til\u0259 t\u0259brik edib, \u0259minliyini ifad\u0259 edib ki, onlar \u00f6z d\u0259d\u0259-baba torpa\u011f\u0131n\u0131zda rahat, xo\u015fb\u0259xt ya\u015fayacaqlar: \u00abSiz buna layiqsiniz. 30 il siz h\u0259m fiziki, h\u0259m d\u0259 m\u0259n\u0259vi \u0259zab \u00e7\u0259kmisiniz. Bu g\u00fcn is\u0259 art\u0131q dir\u00e7\u0259l\u0259n La\u00e7\u0131n, dir\u00e7\u0259l\u0259n Qaraba\u011f, dir\u00e7\u0259l\u0259n \u015e\u0259rqi Z\u0259ng\u0259zur bizim g\u00fcc\u00fcm\u00fcz\u00fc g\u00f6st\u0259rir.Bir daha sizi t\u0259brik edir\u0259m. Ya\u015fas\u0131n La\u00e7\u0131n! Ya\u015fas\u0131n Az\u0259rbaycan!\u00bb.<\/p>\n<p>Xat\u0131rladaq ki, torpaqlar\u0131m\u0131z \u00f6z azadl\u0131\u011f\u0131na qovu\u015fandan sonra Prezident \u0130lham \u018fliyev d\u0259f\u0259l\u0259rl\u0259 La\u00e7\u0131n rayonuna s\u0259f\u0259rl\u0259r edib. Bu s\u0259f\u0259rl\u0259r zaman\u0131 \u00f6lk\u0259 ba\u015f\u00e7\u0131s\u0131 La\u00e7\u0131n Beyn\u0259lxalq Hava Liman\u0131n t\u0259m\u0259lqoyma m\u0259rasimind\u0259, \u00abMi\u015fni v\u0259 \u00abAlxasl\u0131\u00bb\u00a0 ki\u00e7ik elektrik su stansiyalar\u0131n\u0131n a\u00e7\u0131l\u0131\u015f\u0131nda i\u015ftirak edib. Bundan \u0259lav\u0259 \u00f6lk\u0259mizin ba\u015f\u00e7\u0131s\u0131 25, 26 avqust tarixl\u0259rind\u0259<\/p>\n<p>La\u00e7\u0131n rayonunun s\u0259naye zonas\u0131nda mebel zavodunun a\u00e7\u0131l\u0131\u015f\u0131nda , \u00abH\u0259k\u0259riBal\u0131q T\u0259s\u0259rr\u00fcfat\u0131\u00bbn\u0131n a\u00e7\u0131l\u0131\u015f\u0131nda, Mehmanxana kompleksinin t\u0259m\u0259lqoyma m\u0259rasimind\u0259 i\u015ftirak edib v\u0259 \u00f6z t\u00f6vsiy\u0259l\u0259rini verib.<\/p>\n<p>Bundan \u0259lav\u0259 \u00f6lk\u0259mizin ba\u015f\u00e7\u0131s\u0131 2021-ci ild\u0259 G\u00fcl\u0259bird k\u0259ndind\u0259 Az\u0259rbaycan bayra\u011f\u0131n\u0131n\u0131n ucald\u0131lmas\u0131 m\u0259rasimind\u0259, 2021-ci ild\u0259 La\u00e7\u0131n-K\u0259lb\u0259c\u0259r avtomobil yolunda yeni in\u015fa edil\u0259n tunelin tikintisi il\u0259 tan\u0131\u015fl\u0131q \u00e7\u0259r\u00e7iv\u0259sind\u0259 t\u0259dbirl\u0259rd\u0259 i\u015ftirak edib.<\/p>\n<p>G\u00f6r\u00fcnd\u00fcy\u00fc ki, Prezident \u0130lham \u018fliyev azad edilmi\u015f \u0259razil\u0259rin yeninid\u0259n qurulmas\u0131 prosesl\u0259rin\u0259 x\u00fcsusi diqq\u0259t v\u0259 zaman ay\u0131r\u0131r. Bu da onu dem\u0259y\u0259 \u0259sas verir ki, 30 il d\u00fc\u015fm\u0259n t\u0259r\u0259find\u0259n tamamil\u0259 xarabazarl\u0131\u011fa \u00e7evrilmi\u015f bu \u0259razil\u0259r q\u0131sa bir zaman k\u0259siyind\u0259 abadla\u015fd\u0131r\u0131lacaq, \u0259vv\u0259lki axarl\u0131-baxarl\u0131 g\u00fcnl\u0259rin\u0259 qovu\u015facaq.<\/p>\n<p>Cari ilin avqustun 25-d\u0259 La\u00e7\u0131n rayonunda \u00abHocazfilm\u00bb yarad\u0131c\u0131l\u0131q studiyas\u0131n\u0131n\u00e7\u0259kili\u015f pavliyonunun a\u00e7\u0131l\u0131\u015f\u0131 olub. Qaraba\u011f\u0131n \u00e7ox\u015fax\u0259li yarad\u0131c\u0131l\u0131q m\u0259kan\u0131 layih\u0259si olan \u00abHocazfilm\u00bb studiyas\u0131 La\u00e7\u0131n \u015f\u0259h\u0259rind\u0259 iki inzibati binadan v\u0259 bir \u00e7\u0259kili\u015f pavliyonundan ibar\u0259tdir. Studiyan\u0131n ad\u0131 La\u00e7\u0131n rayonunun \u0259sas r\u0259mzl\u0259rind\u0259n say\u0131lan Hicaz qayalar\u0131n\u0131n ad\u0131ndan g\u00f6t\u00fcr\u00fcl\u00fcb. Studiya La\u00e7\u0131n ba\u015fda olmaqla, \u00fcmumilikd\u0259 Qaraba\u011f regionunun i\u015f\u011fal v\u0259 i\u015f\u011faldan sonrak\u0131 d\u00f6vrl\u0259rinin salnam\u0259sini yaratmaqda regional audiovizual m\u0259rk\u0259z kimi f\u0259aliyy\u0259t g\u00f6st\u0259r\u0259c\u0259k. Bundan \u0259lav\u0259 studiya \u00e7\u0259kili\u015f m\u0259qs\u0259dil\u0259 regiona g\u0259l\u0259n yerli v\u0259 xarici film istehsal\u00e7\u0131lar\u0131na b\u00f6lg\u0259nin z\u0259ngin t\u0259bi\u0259ti, imkanlar\u0131 il\u0259 ba\u011fl\u0131 b\u0259l\u0259d\u00e7ilik v\u0259 lokasiya xidm\u0259tl\u0259ri g\u00f6st\u0259r\u0259c\u0259k, onlar\u0131 avadanl\u0131qlarla t\u0259min ed\u0259c\u0259k. Studiya, h\u0259m\u00e7inin yerli v\u0259 xarici media, d\u00f6vl\u0259t t\u0259\u015fkilatlar\u0131, d\u00f6vl\u0259t v\u0259 \u00f6z\u0259l kinostudiyalar il\u0259 \u0259m\u0259kda\u015fl\u0131q \u0259sas\u0131nda regiondan audiovizual kontent t\u0259qdim ed\u0259c\u0259k.<\/p>\n<p>&nbsp;<\/p>\n<p><strong><em>T\u0259hmasib R\u00fcst\u0259mov<\/em><\/strong><\/p>\n<p><strong>YAP Qubadl\u0131 Rayon T\u0259\u015fkilat\u0131n\u0131n s\u0259dri <\/strong><\/p>\n","protected":false},"excerpt":{"rendered":"<p>\u0130rad\u0259 v\u0259 c\u0259sar\u0259tin t\u0259c\u0259ss\u00fcm\u00fc &nbsp; Az\u0259rbaycan Respublikas\u0131n\u0131n prezidenti \u0130lham \u018fliyev, Birinci Vitse prezident Mehriban \u018fliyeva avqustun 26-da Heyd\u0259r \u018fliyev Fondunun d\u0259st\u0259yi, M\u0259d\u0259niyy\u0259t Nazirliyinin v\u0259 Prezidentin La\u00e7\u0131n rayonunda x\u00fcsusi n\u00fcmay\u0259nd\u0259liyinin t\u0259\u015fkilat\u00e7\u0131l\u0131\u011f\u0131 il\u0259 La\u00e7\u0131n \u015f\u0259h\u0259rind\u0259 H\u0259k\u0259ri \u00e7ay\u0131n\u0131n sahilind\u0259 ke\u00e7iril\u0259n \u201cLa\u00e7\u0131n \u015e\u0259h\u0259ri G\u00fcn\u00fc\u201d bayram t\u0259dbirind\u0259 i\u015ftirak edibl\u0259r. D\u00f6vl\u0259t\u00a0ba\u015f\u00e7\u0131s\u0131 t\u0259dbird\u0259 \u00e7\u0131x\u0131\u015f edib.Prezident ilk n\u00f6vb\u0259d\u0259, la\u00e7\u0131nl\u0131lar\u0131 \u015e\u0259h\u0259r G\u00fcn\u00fc m\u00fcnasib\u0259til\u0259 \u00fcr\u0259kd\u0259n t\u0259brik edib.Bildirib ki,bir m\u00fcdd\u0259t bundan \u0259vv\u0259l x\u00fcsusi S\u0259r\u0259ncamla \u015f\u0259h\u0259r g\u00fcnl\u0259rinin ke\u00e7irilm\u0259si haqq\u0131nda q\u0259rar q\u0259bul olunmu\u015f, \u015e\u0259h\u0259r G\u00fcnl\u0259ri t\u0259sis edilmi\u015fdir:\u00ab\u015e\u0259h\u0259r G\u00fcnl\u0259ri \u015f\u0259h\u0259rl\u0259rimizin azad edilm\u0259si g\u00fcnl\u0259ridir. \u0130kinci Qaraba\u011f m\u00fcharib\u0259si n\u0259tic\u0259sind\u0259 dekabr\u0131n 1-d\u0259 La\u00e7\u0131n rayonu i\u015f\u011faldan azad edildi,&hellip;<\/p>\n","protected":false},"author":2,"featured_media":625864,"comment_status":"closed","ping_status":"closed","sticky":false,"template":"","format":"standard","meta":{"om_disable_all_campaigns":false,"_monsterinsights_skip_tracking":false,"_monsterinsights_sitenote_active":false,"_monsterinsights_sitenote_note":"","_monsterinsights_sitenote_category":0},"categories":[2],"tags":[],"aioseo_notices":[],"gutentor_comment":0,"rttpg_featured_image_url":{"full":["https:\/\/arantv.az\/wp-content\/uploads\/2023\/08\/download.png",229,221,false],"landscape":["https:\/\/arantv.az\/wp-content\/uploads\/2023\/08\/download.png",229,221,false],"portraits":["https:\/\/arantv.az\/wp-content\/uploads\/2023\/08\/download.png",229,221,false],"thumbnail":["https:\/\/arantv.az\/wp-content\/uploads\/2023\/08\/download.png",229,221,false],"medium":["https:\/\/arantv.az\/wp-content\/uploads\/2023\/08\/download.png",229,221,false],"large":["https:\/\/arantv.az\/wp-content\/uploads\/2023\/08\/download.png",229,221,false],"1536x1536":["https:\/\/arantv.az\/wp-content\/uploads\/2023\/08\/download.png",229,221,false],"2048x2048":["https:\/\/arantv.az\/wp-content\/uploads\/2023\/08\/download.png",229,221,false],"post-thumbnail":["https:\/\/arantv.az\/wp-content\/uploads\/2023\/08\/download-229x172.png",229,172,true],"advps-thumb-one":["https:\/\/arantv.az\/wp-content\/uploads\/2023\/08\/download.png",229,221,false]},"rttpg_author":{"display_name":"V\u00fcsal Rafiqo\u011flu","author_link":"https:\/\/arantv.az\/?author=2"},"rttpg_comment":0,"rttpg_category":"<a href=\"https:\/\/arantv.az\/?cat=2\" rel=\"category\">Region X\u0259b\u0259rl\u0259ri<\/a>","rttpg_excerpt":"\u0130rad\u0259 v\u0259 c\u0259sar\u0259tin t\u0259c\u0259ss\u00fcm\u00fc &nbsp; Az\u0259rbaycan Respublikas\u0131n\u0131n prezidenti \u0130lham \u018fliyev, Birinci Vitse prezident Mehriban \u018fliyeva avqustun 26-da Heyd\u0259r \u018fliyev Fondunun d\u0259st\u0259yi, M\u0259d\u0259niyy\u0259t Nazirliyinin v\u0259 Prezidentin La\u00e7\u0131n rayonunda x\u00fcsusi n\u00fcmay\u0259nd\u0259liyinin t\u0259\u015fkilat\u00e7\u0131l\u0131\u011f\u0131 il\u0259 La\u00e7\u0131n \u015f\u0259h\u0259rind\u0259 H\u0259k\u0259ri \u00e7ay\u0131n\u0131n sahilind\u0259 ke\u00e7iril\u0259n \u201cLa\u00e7\u0131n \u015e\u0259h\u0259ri G\u00fcn\u00fc\u201d bayram t\u0259dbirind\u0259 i\u015ftirak edibl\u0259r. D\u00f6vl\u0259t\u00a0ba\u015f\u00e7\u0131s\u0131 t\u0259dbird\u0259 \u00e7\u0131x\u0131\u015f edib.Prezident ilk n\u00f6vb\u0259d\u0259, la\u00e7\u0131nl\u0131lar\u0131 \u015e\u0259h\u0259r G\u00fcn\u00fc m\u00fcnasib\u0259til\u0259 \u00fcr\u0259kd\u0259n&hellip;","_links":{"self":[{"href":"https:\/\/arantv.az\/index.php?rest_route=\/wp\/v2\/posts\/625860"}],"collection":[{"href":"https:\/\/arantv.az\/index.php?rest_route=\/wp\/v2\/posts"}],"about":[{"href":"https:\/\/arantv.az\/index.php?rest_route=\/wp\/v2\/types\/post"}],"author":[{"embeddable":true,"href":"https:\/\/arantv.az\/index.php?rest_route=\/wp\/v2\/users\/2"}],"replies":[{"embeddable":true,"href":"https:\/\/arantv.az\/index.php?rest_route=%2Fwp%2Fv2%2Fcomments&post=625860"}],"version-history":[{"count":0,"href":"https:\/\/arantv.az\/index.php?rest_route=\/wp\/v2\/posts\/625860\/revisions"}],"wp:featuredmedia":[{"embeddable":true,"href":"https:\/\/arantv.az\/index.php?rest_route=\/wp\/v2\/media\/625864"}],"wp:attachment":[{"href":"https:\/\/arantv.az\/index.php?rest_route=%2Fwp%2Fv2%2Fmedia&parent=625860"}],"wp:term":[{"taxonomy":"category","embeddable":true,"href":"https:\/\/arantv.az\/index.php?rest_route=%2Fwp%2Fv2%2Fcategories&post=625860"},{"taxonomy":"post_tag","embeddable":true,"href":"https:\/\/arantv.az\/index.php?rest_route=%2Fwp%2Fv2%2Ftags&post=625860"}],"curies":[{"name":"wp","href":"https:\/\/api.w.org\/{rel}","templated":true}]}}