{"id":625863,"date":"2023-08-29T15:45:02","date_gmt":"2023-08-29T11:45:02","guid":{"rendered":"https:\/\/arantv.az\/?p=625863"},"modified":"2023-08-29T15:45:02","modified_gmt":"2023-08-29T11:45:02","slug":"almaniya-s%c9%99firliyi-baki-il%c9%99-ir%c9%99van-arasinda-sulh-prosesin%c9%99-tohf%c9%99-ver%c9%99n-addimlari-d%c9%99st%c9%99kl%c9%99yirik","status":"publish","type":"post","link":"https:\/\/arantv.az\/?p=625863","title":{"rendered":"Almaniya s\u0259firliyi: \u201cBak\u0131 il\u0259 \u0130r\u0259van aras\u0131nda s\u00fclh prosesin\u0259 t\u00f6hf\u0259 ver\u0259n add\u0131mlar\u0131 d\u0259st\u0259kl\u0259yirik\u201d"},"content":{"rendered":"<p>Almaniyan\u0131n Az\u0259rbaycandak\u0131 s\u0259firliyi Az\u0259rbaycan v\u0259 Erm\u0259nistan aras\u0131nda g\u0259l\u0259c\u0259k s\u00fclh prosesin\u0259 t\u00f6hf\u0259 ver\u0259n b\u00fct\u00fcn add\u0131mlar\u0131 d\u0259st\u0259kl\u0259yir.<\/p>\n<p>Bu bar\u0259d\u0259 \u201cReport\u201da Almaniyan\u0131n diplomatik n\u00fcmay\u0259nd\u0259liyind\u0259n Az\u0259rbaycan\u0131n \u201cLa\u00e7\u0131n\u201d s\u0259rh\u0259d-burax\u0131l\u0131\u015f m\u0259nt\u0259q\u0259sind\u0259 saxlan\u0131lan erm\u0259ni futbol\u00e7ulara qar\u015f\u0131 cinay\u0259t t\u0259qibinin dayand\u0131r\u0131lmas\u0131 il\u0259 ba\u011fl\u0131 humanist q\u0259rar\u0131n\u0131 \u015f\u0259rh ed\u0259rk\u0259n bildirilib.<\/p>\n<p>\u201cBiz Az\u0259rbaycan v\u0259 Erm\u0259nistan aras\u0131nda ged\u0259n prosesl\u0259ri diqq\u0259tl\u0259 izl\u0259yirik. G\u0259rginliyin azald\u0131lmas\u0131na v\u0259 s\u00fclh prosesinin daha da inki\u015faf\u0131na y\u00f6n\u0259lmi\u015f b\u00fct\u00fcn add\u0131mlar\u0131 alq\u0131\u015flay\u0131r\u0131q\u201d, &#8211; s\u0259firlik bildirib.<\/p>\n<p>Xat\u0131rladaq ki, Az\u0259rbaycan\u0131n D\u00f6vl\u0259t Bayra\u011f\u0131na qar\u015f\u0131 t\u0259hqiramiz h\u0259r\u0259k\u0259tl\u0259r t\u00f6r\u0259tm\u0259kl\u0259 ba\u011fl\u0131 erm\u0259ni futbol\u00e7ular \u201cLa\u00e7\u0131n\u201d s\u0259rh\u0259d-burax\u0131l\u0131\u015f m\u0259nt\u0259q\u0259sind\u0259 saxlan\u0131l\u0131blar. Lakin Az\u0259rbaycan sonradan humanizm prinsipl\u0259rind\u0259 \u00e7\u0131x\u0131\u015f ed\u0259r\u0259k bu cinay\u0259t t\u0259qibini dayand\u0131rd\u0131.<\/p>\n<p>Bel\u0259 ki, onlar 10 sutkal\u0131q m\u00fcdd\u0259t\u0259 inzibati qaydada h\u0259bs edilibl\u0259r. M\u0259hk\u0259m\u0259 q\u0259rar\u0131 icra olunduqdan sonra h\u0259min \u015f\u0259xsl\u0259rin Az\u0259rbaycandan deportasiyas\u0131 t\u0259min edil\u0259c\u0259k.<\/p>\n","protected":false},"excerpt":{"rendered":"<p>Almaniyan\u0131n Az\u0259rbaycandak\u0131 s\u0259firliyi Az\u0259rbaycan v\u0259 Erm\u0259nistan aras\u0131nda g\u0259l\u0259c\u0259k s\u00fclh prosesin\u0259 t\u00f6hf\u0259 ver\u0259n b\u00fct\u00fcn add\u0131mlar\u0131 d\u0259st\u0259kl\u0259yir. Bu bar\u0259d\u0259 \u201cReport\u201da Almaniyan\u0131n diplomatik n\u00fcmay\u0259nd\u0259liyind\u0259n Az\u0259rbaycan\u0131n \u201cLa\u00e7\u0131n\u201d s\u0259rh\u0259d-burax\u0131l\u0131\u015f m\u0259nt\u0259q\u0259sind\u0259 saxlan\u0131lan erm\u0259ni futbol\u00e7ulara qar\u015f\u0131 cinay\u0259t t\u0259qibinin dayand\u0131r\u0131lmas\u0131 il\u0259 ba\u011fl\u0131 humanist q\u0259rar\u0131n\u0131 \u015f\u0259rh ed\u0259rk\u0259n bildirilib. \u201cBiz Az\u0259rbaycan v\u0259 Erm\u0259nistan aras\u0131nda ged\u0259n prosesl\u0259ri diqq\u0259tl\u0259 izl\u0259yirik. G\u0259rginliyin azald\u0131lmas\u0131na v\u0259 s\u00fclh prosesinin daha da inki\u015faf\u0131na y\u00f6n\u0259lmi\u015f b\u00fct\u00fcn add\u0131mlar\u0131 alq\u0131\u015flay\u0131r\u0131q\u201d, &#8211; s\u0259firlik bildirib. Xat\u0131rladaq ki, Az\u0259rbaycan\u0131n D\u00f6vl\u0259t Bayra\u011f\u0131na qar\u015f\u0131 t\u0259hqiramiz h\u0259r\u0259k\u0259tl\u0259r t\u00f6r\u0259tm\u0259kl\u0259 ba\u011fl\u0131 erm\u0259ni futbol\u00e7ular \u201cLa\u00e7\u0131n\u201d s\u0259rh\u0259d-burax\u0131l\u0131\u015f m\u0259nt\u0259q\u0259sind\u0259 saxlan\u0131l\u0131blar. Lakin Az\u0259rbaycan sonradan humanizm prinsipl\u0259rind\u0259 \u00e7\u0131x\u0131\u015f ed\u0259r\u0259k bu cinay\u0259t t\u0259qibini dayand\u0131rd\u0131.&hellip;<\/p>\n","protected":false},"author":2,"featured_media":625868,"comment_status":"closed","ping_status":"closed","sticky":false,"template":"","format":"standard","meta":{"om_disable_all_campaigns":false,"_monsterinsights_skip_tracking":false,"_monsterinsights_sitenote_active":false,"_monsterinsights_sitenote_note":"","_monsterinsights_sitenote_category":0},"categories":[4],"tags":[],"aioseo_notices":[],"gutentor_comment":0,"rttpg_featured_image_url":{"full":["https:\/\/arantv.az\/wp-content\/uploads\/2023\/08\/a78d3fd4-542f-38d7-9741-401d2aef5989_850.jpg",620,413,false],"landscape":["https:\/\/arantv.az\/wp-content\/uploads\/2023\/08\/a78d3fd4-542f-38d7-9741-401d2aef5989_850.jpg",620,413,false],"portraits":["https:\/\/arantv.az\/wp-content\/uploads\/2023\/08\/a78d3fd4-542f-38d7-9741-401d2aef5989_850.jpg",620,413,false],"thumbnail":["https:\/\/arantv.az\/wp-content\/uploads\/2023\/08\/a78d3fd4-542f-38d7-9741-401d2aef5989_850-500x280.jpg",500,280,true],"medium":["https:\/\/arantv.az\/wp-content\/uploads\/2023\/08\/a78d3fd4-542f-38d7-9741-401d2aef5989_850-548x365.jpg",548,365,true],"large":["https:\/\/arantv.az\/wp-content\/uploads\/2023\/08\/a78d3fd4-542f-38d7-9741-401d2aef5989_850.jpg",620,413,false],"1536x1536":["https:\/\/arantv.az\/wp-content\/uploads\/2023\/08\/a78d3fd4-542f-38d7-9741-401d2aef5989_850.jpg",620,413,false],"2048x2048":["https:\/\/arantv.az\/wp-content\/uploads\/2023\/08\/a78d3fd4-542f-38d7-9741-401d2aef5989_850.jpg",620,413,false],"post-thumbnail":["https:\/\/arantv.az\/wp-content\/uploads\/2023\/08\/a78d3fd4-542f-38d7-9741-401d2aef5989_850-240x172.jpg",240,172,true],"advps-thumb-one":["https:\/\/arantv.az\/wp-content\/uploads\/2023\/08\/a78d3fd4-542f-38d7-9741-401d2aef5989_850.jpg",620,413,false]},"rttpg_author":{"display_name":"V\u00fcsal Rafiqo\u011flu","author_link":"https:\/\/arantv.az\/?author=2"},"rttpg_comment":0,"rttpg_category":"<a href=\"https:\/\/arantv.az\/?cat=4\" rel=\"category\">Siyas\u0259t<\/a>","rttpg_excerpt":"Almaniyan\u0131n Az\u0259rbaycandak\u0131 s\u0259firliyi Az\u0259rbaycan v\u0259 Erm\u0259nistan aras\u0131nda g\u0259l\u0259c\u0259k s\u00fclh prosesin\u0259 t\u00f6hf\u0259 ver\u0259n b\u00fct\u00fcn add\u0131mlar\u0131 d\u0259st\u0259kl\u0259yir. Bu bar\u0259d\u0259 \u201cReport\u201da Almaniyan\u0131n diplomatik n\u00fcmay\u0259nd\u0259liyind\u0259n Az\u0259rbaycan\u0131n \u201cLa\u00e7\u0131n\u201d s\u0259rh\u0259d-burax\u0131l\u0131\u015f m\u0259nt\u0259q\u0259sind\u0259 saxlan\u0131lan erm\u0259ni futbol\u00e7ulara qar\u015f\u0131 cinay\u0259t t\u0259qibinin dayand\u0131r\u0131lmas\u0131 il\u0259 ba\u011fl\u0131 humanist q\u0259rar\u0131n\u0131 \u015f\u0259rh ed\u0259rk\u0259n bildirilib. \u201cBiz Az\u0259rbaycan v\u0259 Erm\u0259nistan aras\u0131nda ged\u0259n prosesl\u0259ri diqq\u0259tl\u0259 izl\u0259yirik. G\u0259rginliyin azald\u0131lmas\u0131na v\u0259 s\u00fclh prosesinin daha da&hellip;","_links":{"self":[{"href":"https:\/\/arantv.az\/index.php?rest_route=\/wp\/v2\/posts\/625863"}],"collection":[{"href":"https:\/\/arantv.az\/index.php?rest_route=\/wp\/v2\/posts"}],"about":[{"href":"https:\/\/arantv.az\/index.php?rest_route=\/wp\/v2\/types\/post"}],"author":[{"embeddable":true,"href":"https:\/\/arantv.az\/index.php?rest_route=\/wp\/v2\/users\/2"}],"replies":[{"embeddable":true,"href":"https:\/\/arantv.az\/index.php?rest_route=%2Fwp%2Fv2%2Fcomments&post=625863"}],"version-history":[{"count":0,"href":"https:\/\/arantv.az\/index.php?rest_route=\/wp\/v2\/posts\/625863\/revisions"}],"wp:featuredmedia":[{"embeddable":true,"href":"https:\/\/arantv.az\/index.php?rest_route=\/wp\/v2\/media\/625868"}],"wp:attachment":[{"href":"https:\/\/arantv.az\/index.php?rest_route=%2Fwp%2Fv2%2Fmedia&parent=625863"}],"wp:term":[{"taxonomy":"category","embeddable":true,"href":"https:\/\/arantv.az\/index.php?rest_route=%2Fwp%2Fv2%2Fcategories&post=625863"},{"taxonomy":"post_tag","embeddable":true,"href":"https:\/\/arantv.az\/index.php?rest_route=%2Fwp%2Fv2%2Ftags&post=625863"}],"curies":[{"name":"wp","href":"https:\/\/api.w.org\/{rel}","templated":true}]}}