{"id":625874,"date":"2023-08-29T15:49:26","date_gmt":"2023-08-29T11:49:26","guid":{"rendered":"https:\/\/arantv.az\/?p=625874"},"modified":"2023-08-29T15:49:26","modified_gmt":"2023-08-29T11:49:26","slug":"ozb%c9%99kistanda-az%c9%99rbaycanin-milli-q%c9%99hr%c9%99mani-haqqinda-kitab-n%c9%99sr-olunub","status":"publish","type":"post","link":"https:\/\/arantv.az\/?p=625874","title":{"rendered":"\u00d6zb\u0259kistanda Az\u0259rbaycan\u0131n Milli Q\u0259hr\u0259man\u0131 haqq\u0131nda kitab n\u0259\u015fr olunub"},"content":{"rendered":"<div class=\"text-content\" data-id=\"\" data-url=\"\">\n<p>\u00d6zb\u0259kistandak\u0131 Heyd\u0259r \u018fliyev ad\u0131na Az\u0259rbaycan M\u0259d\u0259niyy\u0259t M\u0259rk\u0259zinin layih\u0259si \u00e7\u0259r\u00e7iv\u0259sind\u0259 Da\u015fk\u0259ndd\u0259 Az\u0259rbaycan\u0131n Milli Q\u0259hr\u0259mani \u0130sg\u0259nd\u0259r Aznaurovun h\u0259yat\u0131 v\u0259 d\u00f6y\u00fc\u015f yolundan b\u0259hs ed\u0259n \u00f6zb\u0259k dilind\u0259 \u201cVatan uchun jon fido qilgan qahramonlar\u201d (\u201cV\u0259t\u0259n \u00fc\u00e7\u00fcn can f\u0259da ed\u0259n q\u0259hr\u0259manlar\u201d) adl\u0131 kitab i\u015f\u0131q \u00fcz\u00fc g\u00f6r\u00fcb.<\/p>\n<p>M\u00fc\u0259llifi tan\u0131nm\u0131\u015f t\u0259dqiqat\u00e7\u0131-jurnalist M\u00f6vlan \u015e\u00fck\u00fcrzad\u0259nin ara\u015fd\u0131rmalar\u0131 n\u0259tic\u0259sind\u0259 \u0259rs\u0259y\u0259 g\u0259l\u0259n n\u0259\u015frd\u0259 birinci Qaraba\u011f sava\u015f\u0131nda Az\u0259rbaycan torpaqlar\u0131n\u0131n b\u00fct\u00f6vl\u00fcy\u00fc u\u011frunda \u015f\u00fcca\u0259tl\u0259 vuru\u015faraq \u015f\u0259hidlik zirv\u0259sin\u0259 ucalm\u0131\u015f Milli Q\u0259hr\u0259man \u0130sg\u0259nd\u0259r Aznaurovun h\u0259yat\u0131 v\u0259 d\u00f6y\u00fc\u015f yolundan b\u0259hs edir. N\u0259\u015frd\u0259 milli q\u0259hr\u0259man\u0131n ail\u0259si, yax\u0131nlar\u0131, c\u0259bh\u0259 yolda\u015flar\u0131 il\u0259 yana\u015f\u0131 Erm\u0259nistan\u0131n Az\u0259rbaycan torpaqlar\u0131na qar\u015f\u0131 t\u0259cav\u00fcz\u00fc, Birinci Qaraba\u011f sava\u015f\u0131 haqq\u0131nda da geni\u015f m\u0259lumatlara yer verilmi\u015fdir. M\u00fc\u0259llif kitabda erm\u0259ni da\u015fnaklar\u0131 t\u0259r\u0259find\u0259n x\u00fcsusi amans\u0131zl\u0131qla t\u00f6r\u0259dilmi\u015f Xocal\u0131 q\u0259tliam\u0131, onun d\u0259h\u015f\u0259tli n\u0259tic\u0259l\u0259rind\u0259n d\u0259 b\u0259hs edir.<\/p>\n<p>Kitabda \u0130sg\u0259nd\u0259r Aznaurovun dostlar\u0131, ail\u0259 \u00fczvl\u0259ri, silahda\u015falr\u0131, yax\u0131nlar\u0131n\u0131n onunla ba\u011fl\u0131 xatir\u0259l\u0259ri d\u0259 qeyd edilmi\u015fdir.<\/p>\n<p>Geni\u015f oxucu k\u00fctl\u0259sinin mara\u011f\u0131na s\u0259b\u0259b olacaq kitabda Milli Q\u0259hr\u0259man \u0130sg\u0259nd\u0259r Aznaurovun h\u0259yat\u0131n\u0131n m\u00fcxt\u0259lif d\u00f6vrl\u0259rini \u0259ks etdir\u0259n foto\u015f\u0259kill\u0259rl\u0259 yana\u015f\u0131, valideynl\u0259rinin, \u00f6vladlar\u0131n\u0131n, dostlar\u0131n\u0131n, ail\u0259 foto\u015f\u0259kill\u0259ri d\u0259 yer alm\u0131\u015fd\u0131r.<\/p>\n<p>Kitaba &#8220;\u00d6n s\u00f6z&#8221;\u00fcn m\u00fc\u0259llifi \u00d6zb\u0259kistandak\u0131 Az\u0259rbaycan M\u0259d\u0259niyy\u0259t M\u0259rk\u0259zinin direktoru Samir Abbasovdur. \u00d6n s\u00f6zd\u0259 qeyd olunur ki, 1988-1993-c\u00fc ill\u0259rd\u0259 Erm\u0259nistan\u0131n Az\u0259rbaycan \u0259razil\u0259rin\u0259 iddialar\u0131 v\u0259 t\u0259cav\u00fcz\u00fc n\u0259tic\u0259sind\u0259 Az\u0259rbaycan\u0131n \u0259razi b\u00fct\u00f6vl\u00fcy\u00fc v\u0259 suverenliyi pozulmu\u015f, \u00f6lk\u0259 \u0259razisinin y\u00fczd\u0259n iyirmi faizi Erm\u0259nistan silahl\u0131 q\u00fcvv\u0259l\u0259r\u0259 t\u0259r\u0259find\u0259n i\u015f\u011fal olunmu\u015f, bir milyona yax\u0131n soyda\u015f\u0131m\u0131z \u00f6z yurd yerl\u0259rind\u0259n qovulmu\u015f, \u015f\u0259h\u0259r v\u0259 k\u0259ndl\u0259rimiz viran olunmu\u015f, da\u011f\u0131d\u0131lm\u0131\u015f, soyda\u015flar\u0131m\u0131z is\u0259 etnik t\u0259mizl\u0259m\u0259y\u0259 m\u0259ruz qalaraq, qa\u00e7q\u0131n v\u0259 m\u0259cburi k\u00f6\u00e7k\u00fcn d\u00fc\u015fm\u00fc\u015fl\u0259r. Bu \u0259dal\u0259tsizlikl\u0259 bar\u0131\u015fmayan xalq\u0131m\u0131z\u0131n qeyr\u0259tli, m\u00fcbariz o\u011fullar\u0131 Birinci Qaraba\u011f m\u00fcharib\u0259sind\u0259 V\u0259t\u0259n torpaqlar\u0131n\u0131n azadl\u0131\u011f\u0131 v\u0259 toxunulmazl\u0131\u011f\u0131 \u00fc\u00e7\u00fcn vuru\u015fmu\u015f, \u00f6z canlar\u0131n\u0131 f\u0259da etmi\u015fl\u0259r.<\/p>\n<p>Bu c\u00fcr q\u0259hr\u0259manlardan biri d\u0259 \u0259sl\u0259n ax\u0131ska t\u00fcrkl\u0259rind\u0259n olan, \u00d6zb\u0259kistan\u0131n q\u0259dim Buxara \u015f\u0259h\u0259rind\u0259 d\u00fcnyaya g\u00f6z a\u00e7an, \u00f6mr\u00fcn\u00fcn b\u00f6y\u00fck bir hiss\u0259sini \u00d6zb\u0259kistanda ya\u015fayan Az\u0259rbaycan\u0131n Milli Q\u0259hr\u0259man\u0131 \u0130sk\u0259nd\u0259r Aznaurovdur. Q\u0259dim k\u00f6kl\u0259r\u0259 malik \u00fc\u00e7 qarda\u015f t\u00fcrk xalq\u0131 \u2013 ax\u0131ska, \u00f6zb\u0259k v\u0259 Az\u0259rbaycan xalqlar\u0131n\u0131n ortaq q\u0259hr\u0259man \u00f6vlad\u0131 olan \u0130sk\u0259nd\u0259r Aznaurov Az\u0259rbaycan\u0131n G\u0259d\u0259b\u0259y rayonunda erm\u0259ni i\u015f\u011fal\u00e7\u0131lar\u0131 il\u0259 ged\u0259n d\u00f6y\u00fc\u015fl\u0259r zaman\u0131, i\u015f\u011fal alt\u0131nda olan bir \u00e7ox yurd yerl\u0259rimizin azad edilm\u0259sind\u0259 x\u00fcsusi \u015f\u00fcca\u0259t v\u0259 igidlik g\u00f6st\u0259rmi\u015f v\u0259 q\u0259hr\u0259mancas\u0131na \u015f\u0259hid olmu\u015fdur.<\/p>\n<p>N\u0259\u015frd\u0259 vur\u011fulan\u0131r ki, \u0130sg\u0259nd\u0259r Aznaurov kimi q\u0259hr\u0259man o\u011fullar\u0131m\u0131z\u0131n ba\u015flatd\u0131\u011f\u0131 m\u00fcq\u0259dd\u0259s m\u00fcbariz\u0259ni do\u011fulan, yeti\u015f\u0259n, formala\u015fan v\u0259t\u0259np\u0259rv\u0259r Az\u0259rbaycan g\u0259ncl\u0259ri davam etdirmi\u015f, r\u0259\u015fad\u0259tli Az\u0259rbaycan ordusunun \u0259zmkar d\u00f6y\u00fc\u015f\u00fc, Ali Ba\u015f Komandan, Prezident \u0130lham \u018fliyevin u\u011furlu siyas\u0259ti n\u0259tic\u0259sind\u0259 30 il\u0259 yax\u0131n i\u015f\u011fal alt\u0131nda olan V\u0259t\u0259n torpaqlar\u0131 azad edilmi\u015fdir.<\/p>\n<p>Qeyd ed\u0259k ki, Az\u0259rbaycan xalq\u0131n\u0131n \u00dcmummilli Lideri, Az\u0259rbaycan Respubliks\u0131n\u0131n<br \/>\no zamank\u0131 prrezidenti Heyd\u0259r \u018fliyevin 15 yanvar 1995-ci il tarixli 262 sayl\u0131 f\u0259rman\u0131 il\u0259 ba\u015f leytenant \u0130sg\u0259nd\u0259r S\u00f6hrab o\u011flu Aznaurovu \u00f6l\u00fcm\u00fcnd\u0259n sonra &#8220;Az\u0259rbaycan\u0131n Milli Q\u0259hr\u0259man\u0131&#8221; ad\u0131na layiq g\u00f6r\u00fclm\u00fc\u015fd\u00fcr.<\/p>\n<p>Kitabda Az\u0259rbaycan\u0131n Birinci vitse-prezidenti Mehriban xan\u0131m \u018fliyevan\u0131n fikrin\u0259 isnad edilir: &#8220;Bizim q\u0259hr\u0259man ordumuz, q\u0259hr\u0259man \u00f6vladlar\u0131m\u0131z var. Az\u0259rbaycan xalq\u0131 \u00fc\u00e7\u00fcn h\u0259r bir \u0259sg\u0259rimiz d\u0259y\u0259rlidir v\u0259 \u0259zizdir. D\u00fcnyan\u0131n \u0259n b\u00f6y\u00fck s\u0259rv\u0259ti olan \u00f6mr\u00fcn\u00fc V\u0259t\u0259n namin\u0259 qurban ver\u0259n h\u0259r bir \u00f6vlad\u0131m\u0131z Az\u0259rbaycan\u0131n tarixind\u0259 q\u0259hr\u0259man kimi ya\u015fayacaqlar&#8221;.<\/p>\n<p>\u201cVatan uchun jon fido qilgan qahramonlar\u201d adl\u0131 kitab g\u0259nc n\u0259sill\u0259r\u0259 V\u0259t\u0259n\u0259 s\u0259daq\u0259t, xalqa m\u0259h\u0259bb\u0259t, v\u0259t\u0259np\u0259rv\u0259rlik hisl\u0259ri a\u015f\u0131layan n\u0259\u015fr n\u00fcmun\u0259si kimi d\u0259 oxuculara t\u00f6vsiy\u0259 olunur.<\/p>\n<p>Kitab\u0131n yax\u0131n zamanlarda \u00d6zb\u0259kistanda v\u0259 Az\u0259rbaycanda geni\u015f t\u0259qdimat m\u0259rasimi d\u0259 planla\u015fd\u0131r\u0131l\u0131r.<\/p>\n<\/div>\n<div>\n<div class=\"form-group\"><img class=\"img-responsive\" src=\"https:\/\/cdn.musavat.com\/news\/images\/XAL%C4%B0D%20K\/cba11989-8270-4b01-822c-706323b5a1bc.jpg\" \/><\/div>\n<div class=\"form-group\"><img class=\"img-responsive\" src=\"https:\/\/cdn.musavat.com\/news\/images\/XAL%C4%B0D%20K\/bee50e30-78c1-42b2-8f51-ca8e6a019c23.jpg\" \/><\/div>\n<div class=\"form-group\"><img class=\"img-responsive\" src=\"https:\/\/cdn.musavat.com\/news\/images\/XAL%C4%B0D%20K\/bb217aae-ac30-4517-a0b8-b104c0e7228e.jpg\" \/><\/div>\n<div class=\"form-group\"><img class=\"img-responsive\" src=\"https:\/\/cdn.musavat.com\/news\/images\/XAL%C4%B0D%20K\/b994a05f-ea1c-48b1-8a39-3249dc93245e.jpg\" \/><\/div>\n<div class=\"form-group\"><img class=\"img-responsive\" src=\"https:\/\/cdn.musavat.com\/news\/images\/XAL%C4%B0D%20K\/69271bd8-bd50-48e8-b1e9-2edd5e3aecc2.jpg\" \/><\/div>\n<\/div>\n","protected":false},"excerpt":{"rendered":"<p>\u00d6zb\u0259kistandak\u0131 Heyd\u0259r \u018fliyev ad\u0131na Az\u0259rbaycan M\u0259d\u0259niyy\u0259t M\u0259rk\u0259zinin layih\u0259si \u00e7\u0259r\u00e7iv\u0259sind\u0259 Da\u015fk\u0259ndd\u0259 Az\u0259rbaycan\u0131n Milli Q\u0259hr\u0259mani \u0130sg\u0259nd\u0259r Aznaurovun h\u0259yat\u0131 v\u0259 d\u00f6y\u00fc\u015f yolundan b\u0259hs ed\u0259n \u00f6zb\u0259k dilind\u0259 \u201cVatan uchun jon fido qilgan qahramonlar\u201d (\u201cV\u0259t\u0259n \u00fc\u00e7\u00fcn can f\u0259da ed\u0259n q\u0259hr\u0259manlar\u201d) adl\u0131 kitab i\u015f\u0131q \u00fcz\u00fc g\u00f6r\u00fcb. M\u00fc\u0259llifi tan\u0131nm\u0131\u015f t\u0259dqiqat\u00e7\u0131-jurnalist M\u00f6vlan \u015e\u00fck\u00fcrzad\u0259nin ara\u015fd\u0131rmalar\u0131 n\u0259tic\u0259sind\u0259 \u0259rs\u0259y\u0259 g\u0259l\u0259n n\u0259\u015frd\u0259 birinci Qaraba\u011f sava\u015f\u0131nda Az\u0259rbaycan torpaqlar\u0131n\u0131n b\u00fct\u00f6vl\u00fcy\u00fc u\u011frunda \u015f\u00fcca\u0259tl\u0259 vuru\u015faraq \u015f\u0259hidlik zirv\u0259sin\u0259 ucalm\u0131\u015f Milli Q\u0259hr\u0259man \u0130sg\u0259nd\u0259r Aznaurovun h\u0259yat\u0131 v\u0259 d\u00f6y\u00fc\u015f yolundan b\u0259hs edir. N\u0259\u015frd\u0259 milli q\u0259hr\u0259man\u0131n ail\u0259si, yax\u0131nlar\u0131, c\u0259bh\u0259 yolda\u015flar\u0131 il\u0259 yana\u015f\u0131 Erm\u0259nistan\u0131n Az\u0259rbaycan torpaqlar\u0131na qar\u015f\u0131 t\u0259cav\u00fcz\u00fc, Birinci Qaraba\u011f sava\u015f\u0131 haqq\u0131nda&hellip;<\/p>\n","protected":false},"author":2,"featured_media":625875,"comment_status":"closed","ping_status":"closed","sticky":false,"template":"","format":"standard","meta":{"om_disable_all_campaigns":false,"_monsterinsights_skip_tracking":false,"_monsterinsights_sitenote_active":false,"_monsterinsights_sitenote_note":"","_monsterinsights_sitenote_category":0},"categories":[7],"tags":[],"aioseo_notices":[],"gutentor_comment":0,"rttpg_featured_image_url":{"full":["https:\/\/arantv.az\/wp-content\/uploads\/2023\/08\/aeb1311f8af5f9699830e758dfcf2dbc.jpg",741,500,false],"landscape":["https:\/\/arantv.az\/wp-content\/uploads\/2023\/08\/aeb1311f8af5f9699830e758dfcf2dbc.jpg",741,500,false],"portraits":["https:\/\/arantv.az\/wp-content\/uploads\/2023\/08\/aeb1311f8af5f9699830e758dfcf2dbc.jpg",741,500,false],"thumbnail":["https:\/\/arantv.az\/wp-content\/uploads\/2023\/08\/aeb1311f8af5f9699830e758dfcf2dbc-500x280.jpg",500,280,true],"medium":["https:\/\/arantv.az\/wp-content\/uploads\/2023\/08\/aeb1311f8af5f9699830e758dfcf2dbc-541x365.jpg",541,365,true],"large":["https:\/\/arantv.az\/wp-content\/uploads\/2023\/08\/aeb1311f8af5f9699830e758dfcf2dbc.jpg",640,432,false],"1536x1536":["https:\/\/arantv.az\/wp-content\/uploads\/2023\/08\/aeb1311f8af5f9699830e758dfcf2dbc.jpg",741,500,false],"2048x2048":["https:\/\/arantv.az\/wp-content\/uploads\/2023\/08\/aeb1311f8af5f9699830e758dfcf2dbc.jpg",741,500,false],"post-thumbnail":["https:\/\/arantv.az\/wp-content\/uploads\/2023\/08\/aeb1311f8af5f9699830e758dfcf2dbc-240x172.jpg",240,172,true],"advps-thumb-one":["https:\/\/arantv.az\/wp-content\/uploads\/2023\/08\/aeb1311f8af5f9699830e758dfcf2dbc.jpg",741,500,false]},"rttpg_author":{"display_name":"V\u00fcsal Rafiqo\u011flu","author_link":"https:\/\/arantv.az\/?author=2"},"rttpg_comment":0,"rttpg_category":"<a href=\"https:\/\/arantv.az\/?cat=7\" rel=\"category\">D\u00fcnya<\/a>","rttpg_excerpt":"\u00d6zb\u0259kistandak\u0131 Heyd\u0259r \u018fliyev ad\u0131na Az\u0259rbaycan M\u0259d\u0259niyy\u0259t M\u0259rk\u0259zinin layih\u0259si \u00e7\u0259r\u00e7iv\u0259sind\u0259 Da\u015fk\u0259ndd\u0259 Az\u0259rbaycan\u0131n Milli Q\u0259hr\u0259mani \u0130sg\u0259nd\u0259r Aznaurovun h\u0259yat\u0131 v\u0259 d\u00f6y\u00fc\u015f yolundan b\u0259hs ed\u0259n \u00f6zb\u0259k dilind\u0259 \u201cVatan uchun jon fido qilgan qahramonlar\u201d (\u201cV\u0259t\u0259n \u00fc\u00e7\u00fcn can f\u0259da ed\u0259n q\u0259hr\u0259manlar\u201d) adl\u0131 kitab i\u015f\u0131q \u00fcz\u00fc g\u00f6r\u00fcb. M\u00fc\u0259llifi tan\u0131nm\u0131\u015f t\u0259dqiqat\u00e7\u0131-jurnalist M\u00f6vlan \u015e\u00fck\u00fcrzad\u0259nin ara\u015fd\u0131rmalar\u0131 n\u0259tic\u0259sind\u0259 \u0259rs\u0259y\u0259 g\u0259l\u0259n n\u0259\u015frd\u0259 birinci Qaraba\u011f sava\u015f\u0131nda Az\u0259rbaycan torpaqlar\u0131n\u0131n&hellip;","_links":{"self":[{"href":"https:\/\/arantv.az\/index.php?rest_route=\/wp\/v2\/posts\/625874"}],"collection":[{"href":"https:\/\/arantv.az\/index.php?rest_route=\/wp\/v2\/posts"}],"about":[{"href":"https:\/\/arantv.az\/index.php?rest_route=\/wp\/v2\/types\/post"}],"author":[{"embeddable":true,"href":"https:\/\/arantv.az\/index.php?rest_route=\/wp\/v2\/users\/2"}],"replies":[{"embeddable":true,"href":"https:\/\/arantv.az\/index.php?rest_route=%2Fwp%2Fv2%2Fcomments&post=625874"}],"version-history":[{"count":0,"href":"https:\/\/arantv.az\/index.php?rest_route=\/wp\/v2\/posts\/625874\/revisions"}],"wp:featuredmedia":[{"embeddable":true,"href":"https:\/\/arantv.az\/index.php?rest_route=\/wp\/v2\/media\/625875"}],"wp:attachment":[{"href":"https:\/\/arantv.az\/index.php?rest_route=%2Fwp%2Fv2%2Fmedia&parent=625874"}],"wp:term":[{"taxonomy":"category","embeddable":true,"href":"https:\/\/arantv.az\/index.php?rest_route=%2Fwp%2Fv2%2Fcategories&post=625874"},{"taxonomy":"post_tag","embeddable":true,"href":"https:\/\/arantv.az\/index.php?rest_route=%2Fwp%2Fv2%2Ftags&post=625874"}],"curies":[{"name":"wp","href":"https:\/\/api.w.org\/{rel}","templated":true}]}}