{"id":625953,"date":"2023-08-29T20:47:12","date_gmt":"2023-08-29T16:47:12","guid":{"rendered":"https:\/\/arantv.az\/?p=625953"},"modified":"2023-08-29T20:47:12","modified_gmt":"2023-08-29T16:47:12","slug":"daha-13-ail%c9%99-lacinda-m%c9%99skunlasdi","status":"publish","type":"post","link":"https:\/\/arantv.az\/?p=625953","title":{"rendered":"Daha 13 ail\u0259 La\u00e7\u0131nda m\u0259skunla\u015fd\u0131"},"content":{"rendered":"<p>Az\u0259rbaycan Respublikas\u0131n\u0131n Prezidenti<strong>\u00a0\u0130lham \u018fliyevin<\/strong>\u00a0tap\u015f\u0131r\u0131\u011f\u0131na uy\u011fun olaraq, yenid\u0259n qurulan La\u00e7\u0131n \u015f\u0259h\u0259rin\u0259 ke\u00e7mi\u015f m\u0259cburi k\u00f6\u00e7k\u00fcnl\u0259rin qay\u0131d\u0131\u015f\u0131 davam edir. Avqustun 29-da La\u00e7\u0131na n\u00f6vb\u0259ti k\u00f6\u00e7 prosesi ger\u00e7\u0259kl\u0259\u015fib. Bak\u0131 \u015f\u0259h\u0259rinin Qarada\u011f rayonundak\u0131 \u201cQobu park 3\u201d ya\u015fay\u0131\u015f kompleksind\u0259n yola sal\u0131nan v\u0259 La\u00e7\u0131na \u00e7atan ail\u0259l\u0259r do\u011fma ell\u0259rin\u0259 qovu\u015fma\u011f\u0131n sevincini ya\u015fay\u0131blar.<\/p>\n<p>\u201cReport\u201d\u00a0x\u0259b\u0259r verir ki, La\u00e7\u0131n \u015f\u0259h\u0259ri bu g\u00fcn 13 ail\u0259y\u0259 qucaq a\u00e7\u0131b v\u0259 daha 52 la\u00e7\u0131nl\u0131n\u0131n yurd h\u0259sr\u0259ti sona \u00e7at\u0131b. Otuz bir ild\u0259n sonra yenid\u0259n La\u00e7\u0131na q\u0259d\u0259m qoyan ail\u0259l\u0259r sevinc g\u00f6z ya\u015flar\u0131 il\u0259 \u00f6z do\u011fma yurdlar\u0131na qovu\u015fublar. Onlar \u015f\u0259h\u0259rd\u0259 b\u00f6y\u00fck co\u015fqu il\u0259 qar\u015f\u0131lan\u0131blar, ill\u0259rdir h\u0259sr\u0259tini \u00e7\u0259kdikl\u0259ri La\u00e7\u0131n\u0131n g\u00f6z\u0259l m\u0259nz\u0259r\u0259sini seyr edibl\u0259r. Daha da g\u00f6z\u0259ll\u0259\u015f\u0259n v\u0259 abadla\u015fan La\u00e7\u0131na qovu\u015fan sakinl\u0259r h\u0259rt\u0259r\u0259fli d\u00f6vl\u0259t qay\u011f\u0131s\u0131 il\u0259 \u0259hat\u0259 olunduqlar\u0131na g\u00f6r\u0259 Prezident, M\u00fcz\u0259ff\u0259r Ali Ba\u015f Komandan \u0130lham \u018fliyev\u0259, Birinci vitse-prezident\u00a0<strong>Mehriban\u00a0\u018fliyevaya<\/strong>, torpaqlar\u0131m\u0131z\u0131 i\u015f\u011faldan qurtaran R\u0259\u015fad\u0259tli Az\u0259rbaycan Ordusuna, q\u0259hr\u0259man \u0259sg\u0259r v\u0259 zabitl\u0259rimiz\u0259 minn\u0259tdarl\u0131qlar\u0131n\u0131 bildiribl\u0259r, bu yolda canlar\u0131ndan ke\u00e7\u0259n \u015f\u0259hidl\u0259rimizi b\u00f6y\u00fck ehtiramla yad edibl\u0259r. La\u00e7\u0131na q\u0259d\u0259m qoyan ail\u0259l\u0259r qar\u015f\u0131land\u0131qdan sonra Qa\u00e7q\u0131nlar\u0131n v\u0259 M\u0259cburi K\u00f6\u00e7k\u00fcnl\u0259rin \u0130\u015fl\u0259ri \u00fczr\u0259 D\u00f6vl\u0259t Komit\u0259sinin \u0259m\u0259kda\u015flar\u0131 t\u0259r\u0259find\u0259n ail\u0259l\u0259r\u0259 evl\u0259rin a\u00e7arlar\u0131 t\u0259qdim olunub v\u0259 onlar sevinc hissi il\u0259 a\u00e7arlar\u0131 t\u0259hvil al\u0131blar.<\/p>\n<p>Bununla da La\u00e7\u0131n \u015f\u0259h\u0259rind\u0259 247 ail\u0259, y\u0259ni, 956 n\u0259f\u0259rin daimi m\u0259skunla\u015fmas\u0131 t\u0259min edilib.<\/p>\n<p>Qeyd ed\u0259k ki, k\u00f6\u00e7\u00fcr\u00fcl\u0259n ail\u0259l\u0259rin La\u00e7\u0131n \u015f\u0259h\u0259rind\u0259 vaxtil\u0259 ya\u015fad\u0131qlar\u0131, i\u015f\u011fala son qoyulduqdan sonra d\u00f6vl\u0259timizin ba\u015f\u00e7\u0131s\u0131n\u0131n g\u00f6st\u0259ri\u015fi \u0259sas\u0131nda b\u0259rpa edil\u0259n v\u0259 ya yenid\u0259n tikil\u0259n evl\u0259rd\u0259 m\u0259skunla\u015fmas\u0131 \u00fc\u00e7\u00fcn b\u00fct\u00fcn \u015f\u0259rait yarad\u0131l\u0131b.<\/p>\n","protected":false},"excerpt":{"rendered":"<p>Az\u0259rbaycan Respublikas\u0131n\u0131n Prezidenti\u00a0\u0130lham \u018fliyevin\u00a0tap\u015f\u0131r\u0131\u011f\u0131na uy\u011fun olaraq, yenid\u0259n qurulan La\u00e7\u0131n \u015f\u0259h\u0259rin\u0259 ke\u00e7mi\u015f m\u0259cburi k\u00f6\u00e7k\u00fcnl\u0259rin qay\u0131d\u0131\u015f\u0131 davam edir. Avqustun 29-da La\u00e7\u0131na n\u00f6vb\u0259ti k\u00f6\u00e7 prosesi ger\u00e7\u0259kl\u0259\u015fib. Bak\u0131 \u015f\u0259h\u0259rinin Qarada\u011f rayonundak\u0131 \u201cQobu park 3\u201d ya\u015fay\u0131\u015f kompleksind\u0259n yola sal\u0131nan v\u0259 La\u00e7\u0131na \u00e7atan ail\u0259l\u0259r do\u011fma ell\u0259rin\u0259 qovu\u015fma\u011f\u0131n sevincini ya\u015fay\u0131blar. \u201cReport\u201d\u00a0x\u0259b\u0259r verir ki, La\u00e7\u0131n \u015f\u0259h\u0259ri bu g\u00fcn 13 ail\u0259y\u0259 qucaq a\u00e7\u0131b v\u0259 daha 52 la\u00e7\u0131nl\u0131n\u0131n yurd h\u0259sr\u0259ti sona \u00e7at\u0131b. Otuz bir ild\u0259n sonra yenid\u0259n La\u00e7\u0131na q\u0259d\u0259m qoyan ail\u0259l\u0259r sevinc g\u00f6z ya\u015flar\u0131 il\u0259 \u00f6z do\u011fma yurdlar\u0131na qovu\u015fublar. Onlar \u015f\u0259h\u0259rd\u0259 b\u00f6y\u00fck co\u015fqu il\u0259 qar\u015f\u0131lan\u0131blar, ill\u0259rdir h\u0259sr\u0259tini \u00e7\u0259kdikl\u0259ri La\u00e7\u0131n\u0131n g\u00f6z\u0259l&hellip;<\/p>\n","protected":false},"author":2,"featured_media":625955,"comment_status":"closed","ping_status":"closed","sticky":false,"template":"","format":"standard","meta":{"om_disable_all_campaigns":false,"_monsterinsights_skip_tracking":false,"_monsterinsights_sitenote_active":false,"_monsterinsights_sitenote_note":"","_monsterinsights_sitenote_category":0},"categories":[19],"tags":[],"aioseo_notices":[],"gutentor_comment":0,"rttpg_featured_image_url":{"full":["https:\/\/arantv.az\/wp-content\/uploads\/2023\/08\/Screenshot-2023-08-29-195748.jpg",620,413,false],"landscape":["https:\/\/arantv.az\/wp-content\/uploads\/2023\/08\/Screenshot-2023-08-29-195748.jpg",620,413,false],"portraits":["https:\/\/arantv.az\/wp-content\/uploads\/2023\/08\/Screenshot-2023-08-29-195748.jpg",620,413,false],"thumbnail":["https:\/\/arantv.az\/wp-content\/uploads\/2023\/08\/Screenshot-2023-08-29-195748-500x280.jpg",500,280,true],"medium":["https:\/\/arantv.az\/wp-content\/uploads\/2023\/08\/Screenshot-2023-08-29-195748-548x365.jpg",548,365,true],"large":["https:\/\/arantv.az\/wp-content\/uploads\/2023\/08\/Screenshot-2023-08-29-195748.jpg",620,413,false],"1536x1536":["https:\/\/arantv.az\/wp-content\/uploads\/2023\/08\/Screenshot-2023-08-29-195748.jpg",620,413,false],"2048x2048":["https:\/\/arantv.az\/wp-content\/uploads\/2023\/08\/Screenshot-2023-08-29-195748.jpg",620,413,false],"post-thumbnail":["https:\/\/arantv.az\/wp-content\/uploads\/2023\/08\/Screenshot-2023-08-29-195748-240x172.jpg",240,172,true],"advps-thumb-one":["https:\/\/arantv.az\/wp-content\/uploads\/2023\/08\/Screenshot-2023-08-29-195748.jpg",620,413,false]},"rttpg_author":{"display_name":"V\u00fcsal Rafiqo\u011flu","author_link":"https:\/\/arantv.az\/?author=2"},"rttpg_comment":0,"rttpg_category":"<a href=\"https:\/\/arantv.az\/?cat=19\" rel=\"category\">G\u00fcnd\u0259m<\/a>","rttpg_excerpt":"Az\u0259rbaycan Respublikas\u0131n\u0131n Prezidenti\u00a0\u0130lham \u018fliyevin\u00a0tap\u015f\u0131r\u0131\u011f\u0131na uy\u011fun olaraq, yenid\u0259n qurulan La\u00e7\u0131n \u015f\u0259h\u0259rin\u0259 ke\u00e7mi\u015f m\u0259cburi k\u00f6\u00e7k\u00fcnl\u0259rin qay\u0131d\u0131\u015f\u0131 davam edir. Avqustun 29-da La\u00e7\u0131na n\u00f6vb\u0259ti k\u00f6\u00e7 prosesi ger\u00e7\u0259kl\u0259\u015fib. Bak\u0131 \u015f\u0259h\u0259rinin Qarada\u011f rayonundak\u0131 \u201cQobu park 3\u201d ya\u015fay\u0131\u015f kompleksind\u0259n yola sal\u0131nan v\u0259 La\u00e7\u0131na \u00e7atan ail\u0259l\u0259r do\u011fma ell\u0259rin\u0259 qovu\u015fma\u011f\u0131n sevincini ya\u015fay\u0131blar. \u201cReport\u201d\u00a0x\u0259b\u0259r verir ki, La\u00e7\u0131n \u015f\u0259h\u0259ri bu g\u00fcn 13 ail\u0259y\u0259 qucaq a\u00e7\u0131b v\u0259&hellip;","_links":{"self":[{"href":"https:\/\/arantv.az\/index.php?rest_route=\/wp\/v2\/posts\/625953"}],"collection":[{"href":"https:\/\/arantv.az\/index.php?rest_route=\/wp\/v2\/posts"}],"about":[{"href":"https:\/\/arantv.az\/index.php?rest_route=\/wp\/v2\/types\/post"}],"author":[{"embeddable":true,"href":"https:\/\/arantv.az\/index.php?rest_route=\/wp\/v2\/users\/2"}],"replies":[{"embeddable":true,"href":"https:\/\/arantv.az\/index.php?rest_route=%2Fwp%2Fv2%2Fcomments&post=625953"}],"version-history":[{"count":0,"href":"https:\/\/arantv.az\/index.php?rest_route=\/wp\/v2\/posts\/625953\/revisions"}],"wp:featuredmedia":[{"embeddable":true,"href":"https:\/\/arantv.az\/index.php?rest_route=\/wp\/v2\/media\/625955"}],"wp:attachment":[{"href":"https:\/\/arantv.az\/index.php?rest_route=%2Fwp%2Fv2%2Fmedia&parent=625953"}],"wp:term":[{"taxonomy":"category","embeddable":true,"href":"https:\/\/arantv.az\/index.php?rest_route=%2Fwp%2Fv2%2Fcategories&post=625953"},{"taxonomy":"post_tag","embeddable":true,"href":"https:\/\/arantv.az\/index.php?rest_route=%2Fwp%2Fv2%2Ftags&post=625953"}],"curies":[{"name":"wp","href":"https:\/\/api.w.org\/{rel}","templated":true}]}}