{"id":625954,"date":"2023-08-29T20:48:17","date_gmt":"2023-08-29T16:48:17","guid":{"rendered":"https:\/\/arantv.az\/?p=625954"},"modified":"2023-08-29T20:48:17","modified_gmt":"2023-08-29T16:48:17","slug":"pasinyan-serj-sarqsyani-bitirm%c9%99k-niyy%c9%99tind%c9%99dir-s%c9%99rh-foto","status":"publish","type":"post","link":"https:\/\/arantv.az\/?p=625954","title":{"rendered":"Pa\u015finyan Serj Sarqsyan\u0131 bitirm\u0259k niyy\u0259tind\u0259dir &#8211; \u015e\u018fRH + FOTO"},"content":{"rendered":"<p>Erm\u0259nistan\u0131n ba\u015f naziri Nikol Pa\u015finyanla eks-prezident Serj Sarqsyan aras\u0131nda uzun m\u00fcdd\u0259tdir davam ed\u0259n qar\u015f\u0131durma yeni m\u0259rh\u0259l\u0259y\u0259 q\u0259d\u0259m qoyub. Bu d\u0259f\u0259 Pa\u015finyan\u0131n h\u0259d\u0259fi Serjikin k\u00fcr\u0259k\u0259ni, Erm\u0259nistan\u0131n Vatikandak\u0131 ke\u00e7mi\u015f s\u0259firi Mikael Minasyan olub. Minasyan 870 min dollar m\u0259bl\u0259\u011fd\u0259 pulun m\u0259nims\u0259nilm\u0259sind\u0259 ittiham edilir. Prokurorlu\u011fun ittiham akt\u0131na g\u00f6r\u0259, ke\u00e7mi\u015f s\u0259fir cinay\u0259t yolu il\u0259 \u0259ld\u0259 etdiyi s\u0259rv\u0259ti qanunil\u0259\u015fdir\u0259r\u0259k g\u0259lir kimi hesablar\u0131na k\u00f6\u00e7\u00fcr\u00fcb. \u018fslind\u0259 a\u00e7\u0131lan cinay\u0259t i\u015fin\u0259 ba\u015fqa prizmadan, Pa\u015finyan\u0131n Sarkisyana qar\u015f\u0131 2018-ci ild\u0259n elan etdiyi \u201cm\u00fcharib\u0259\u201d prizmas\u0131ndan yana\u015fmaq laz\u0131md\u0131r.<\/p>\n<p>2018-ci ild\u0259 Sorosun d\u0259st\u0259yi il\u0259 Erm\u0259nistan\u0131n \u00fc\u00e7\u00fcnc\u00fc prezidenti Serj Sarqsyan\u0131 istefaya m\u0259cbur ed\u0259n Pa\u015finyan bununla Qaraba\u011f klan\u0131na qar\u015f\u0131 s\u0259lib y\u00fcr\u00fc\u015f\u00fcn\u0259 ba\u015flam\u0131\u015fd\u0131. Ba\u015f nazir postuna yiy\u0259l\u0259ndikd\u0259n sonra is\u0259 korrupsiya il\u0259 m\u00fcbariz\u0259ni Erm\u0259nistanda \u0259n \u00e7ox m\u00fczakir\u0259 edil\u0259n m\u00f6vzu elan ed\u0259n Pa\u015finyan bunu \u0259lind\u0259 b\u0259han\u0259 tutaraq Serjik v\u0259 onun do\u011fmalar\u0131na, yax\u0131nlar\u0131na qar\u015f\u0131 h\u00fccuma ke\u00e7mi\u015fdi. \u0130lk olaraq Serjin i\u015f\u00e7il\u0259ri, qohumlar\u0131 istintaqa d\u0259v\u0259t edilir, onlar\u0131n ofisl\u0259rind\u0259 v\u0259 evl\u0259rind\u0259 axtar\u0131\u015flar apar\u0131l\u0131rd\u0131. H\u0259tta Sarkisyan\u0131n iki qarda\u015f\u0131, m\u00fchafiz\u0259\u00e7isi, Respublika Partiyas\u0131n\u0131n elitas\u0131n\u0131n \u00fczvl\u0259ri d\u0259 Nikolun q\u0259z\u0259bin\u0259 tu\u015f g\u0259lmi\u015fdi. 2018-ci ild\u0259 \u201c\u0413\u0440\u0438\u0433\u043e\u0440\u0438\u0439 \u041f\u0440\u043e\u0441\u0432\u0435\u0442\u0438\u0442\u0435\u043b\u044c\u201d tibb m\u0259rk\u0259zind\u0259 s\u0259hiyy\u0259 nazirliyi ara\u015fd\u0131rmalara ba\u015flad\u0131. Bu m\u00fc\u0259ssis\u0259 Serjin yax\u0131n adam\u0131 Ara Minasyana m\u0259xsus idi. Ard\u0131nca is\u0259 Serjin qarda\u015f\u0131 Levon Sarkisyan\u0131n r\u0259hb\u0259ri oldu\u011fu \u201cP\u00fcnik\u201d xeyriyy\u0259 fondunda ara\u015fd\u0131rmalar apar\u0131ld\u0131. Levon vergid\u0259n yay\u0131nmada ittiham edildi. Serjin dig\u0259r qarda\u015f\u0131 Aleksandr\u0131n da sahibi oldu\u011fu iki \u015firk\u0259t 2 milyon dollar\u0131 qeyri-qanuni yolla \u0259ld\u0259 etm\u0259 ittiham\u0131 il\u0259 ba\u011fland\u0131. Aleksandr bu ittiham\u0131 r\u0259dd ets\u0259 d\u0259, bir ne\u00e7\u0259 g\u00fcn sonra \u0130r\u0259van\u0131n m\u0259rk\u0259zind\u0259 m\u00fct\u0259\u015f\u0259kkil cinay\u0259tkarl\u0131qla m\u00fcbariz\u0259 ba\u015f idar\u0259sinin \u0259m\u0259kda\u015flar\u0131 onun avtomobilind\u0259n silah da tapd\u0131lar.<\/p>\n<p>T\u0259qibl\u0259r bununla bitm\u0259di. Serjin m\u00fchafiz\u0259\u00e7isi, general-mayor Va\u00e7ahan Kazaryan da qeyri-qanuni yollarla pul \u0259ld\u0259 etm\u0259 ittiham\u0131 il\u0259 saxlan\u0131ld\u0131. Onun 900 min dollar\u0131 m\u0259nims\u0259diyi bildirildi. Eyni zamanda m\u00fchafiz\u0259\u00e7inin 3 milyon dollar\u0131 na\u011fdla\u015fd\u0131rma\u011fa c\u0259hd etdiyi d\u0259 h\u00fcquq-m\u00fchafiz\u0259 orqanlar\u0131 t\u0259r\u0259find\u0259n elan edildi.<\/p>\n<p>G\u00f6r\u00fcnd\u00fcy\u00fc kimi, Pa\u015finyan \u0259lind\u0259ki r\u0131\u00e7aqlardan istifad\u0259 ed\u0259r\u0259k Serji m\u00fcxt\u0259lif yollarla h\u0259bs\u0259 atmaq, \u0259traf\u0131ndak\u0131lar\u0131 da m\u00fcxt\u0259lif ittihamlarla neytralla\u015fd\u0131rmaq niyy\u0259tind\u0259 olub. \u00c7\u00fcnki Serjin azadl\u0131qda qalmas\u0131 Pa\u015finyan \u00fc\u00e7\u00fcn t\u0259hl\u00fck\u0259 m\u0259nb\u0259yi idi. Sirr deyil ki, Serj Sarkisyan da Qaraba\u011f klan\u0131n\u0131n \u00fczv\u00fcd\u00fcr v\u0259 Erm\u0259nistanda, diasporda kifay\u0259t q\u0259d\u0259r n\u00fcfuzu var. Eyni zamanda Qaraba\u011fdak\u0131 separat\u00e7\u0131 erm\u0259nil\u0259r\u0259 d\u0259 m\u00fc\u0259yy\u0259n t\u0259sir r\u0131\u00e7aqlar\u0131 m\u00f6vcuddur. Arayikl\u0259 m\u00fcnasib\u0259tl\u0259rinin getdikc\u0259 pisl\u0259\u015fm\u0259si, Erm\u0259nistanda h\u00f6km s\u00fcr\u0259n xaos v\u0259 etirazlar fonunda Pa\u015finyan bel\u0259 bir r\u0259qibinin azadl\u0131qda qalmas\u0131n\u0131 h\u0259zm ed\u0259 bilm\u0259z. El\u0259 bu s\u0259b\u0259bd\u0259n Serji siyas\u0259td\u0259n uzaqla\u015fd\u0131rmaq \u00fc\u00e7\u00fcn bar\u0259sind\u0259 2019-cu ild\u0259 cinay\u0259t i\u015fi a\u00e7\u0131ld\u0131. M\u0259hk\u0259m\u0259nin q\u0259rar\u0131 il\u0259 istintaq davam edirdi v\u0259 Serjik Erm\u0259nistan\u0131 t\u0259rk ets\u0259, onu 7 il m\u00fcdd\u0259tin\u0259 h\u0259bs g\u00f6zl\u0259yirdi. Pa\u015finyan\u0131n Serj\u0259 qar\u015f\u0131 m\u00fcbariz\u0259si bununla bitmirdi. Zaman-zaman Sarqsyan\u0131n ail\u0259si d\u0259 h\u0259d\u0259f al\u0131n\u0131r, h\u0259tta q\u0131zlar\u0131 da qanunsuz \u0259mlak sahibi olmaq ittiham\u0131 il\u0259 hakim qar\u015f\u0131s\u0131na \u00e7\u0131xar\u0131l\u0131rd\u0131lar.<\/p>\n<p>Siyasi r\u0259qibini neytralla\u015fd\u0131ran Pa\u015finyan m\u0259hk\u0259m\u0259 \u015fousu il\u0259 Qaraba\u011f klan\u0131n\u0131n \u00fcmidl\u0259rind\u0259n say\u0131lan Serji aktiv siyas\u0259td\u0259n uzaq tutma\u011fa nail ola bilmi\u015fdi.<\/p>\n<p><img src=\"https:\/\/cdn.oxu.az\/uploads\/W1siZiIsIjIwMjMvMDgvMjkvMTUvNTMvNDcvNjA0NzE2ZWMtMDliZC00YTZjLWEwMDctMTljN2UxYWY2NzQ0L2RlMmM4NDFjLWNjZmEtMzU5Ny1iZWZkLTNlNzQ1ODA3N2FkMC5qcGciXSxbInAiLCJlbmNvZGUiLCJqcGciLCItcXVhbGl0eSA4MCJdLFsicCIsInRodW1iIiwiNTkweDU5MFx1MDAzZSJdXQ?sha=1aafa39dde7e02e7\" alt=\"\" \/><\/p>\n<p>\u00d6t\u0259n aylarda \u0130r\u0259vanda ba\u015f ver\u0259n etiraz fonunda Sarqsyan b\u0259xtini yenid\u0259n s\u0131namaq q\u0259rar\u0131na g\u0259ldi. Eyni zamanda Xank\u0259ndi \u015f\u0259h\u0259rind\u0259 separat\u00e7\u0131 Arayik v\u0259 d\u0259st\u0259sinin aktivl\u0259\u015fm\u0259si d\u0259 Serjikin i\u015ftahas\u0131n\u0131 art\u0131rd\u0131. Bu s\u0259b\u0259bd\u0259n Sarqsyan AT\u018fT-in Minsk qrupuna \u00fczv \u00f6lk\u0259 r\u0259hb\u0259rl\u0259rin\u0259 a\u00e7\u0131q m\u0259ktub \u00fcnvanlad\u0131. A\u00e7\u0131q m\u0259ktub erm\u0259ni K\u0130V-l\u0259rind\u0259 yay\u0131mland\u0131qdan d\u0259rhal sonra Serj\u0259 yax\u0131nl\u0131\u011f\u0131 il\u0259 tan\u0131nan politoloqlar da h\u0259r\u0259k\u0259t\u0259 ke\u00e7dil\u0259r. Tiqran Abramyan, Artak Zakaryan gec\u0259ni yatmadan m\u00f6vzu il\u0259 ba\u011fl\u0131 m\u00fcxt\u0259lif a\u00e7\u0131qlamalar ver\u0259r\u0259k sanki \u201cm\u0259n d\u0259 buradayam\u201d mesaj\u0131 verdil\u0259r. S\u00f6z\u00fcged\u0259n \u015f\u0259xsl\u0259r Serjin m\u00fcdafi\u0259\u00e7il\u0259ri say\u0131l\u0131rlar v\u0259 onunla ba\u011fl\u0131 ist\u0259nil\u0259n hadis\u0259d\u0259 x\u00fcsusi aktivlik, canf\u0259\u015fanl\u0131q g\u00f6st\u0259rirl\u0259r. G\u00f6r\u00fcn\u00fcr, Serj hakimiyy\u0259t\u0259 qay\u0131tmaq x\u00fclyas\u0131ndan onlara da pay s\u00f6z verib.<\/p>\n<p>Qaraba\u011f klan\u0131n\u0131 yenid\u0259n aktivl\u0259\u015fdirm\u0259k, hakimiyy\u0259t\u0259 yiy\u0259l\u0259nm\u0259k, s\u00fclh m\u00fcqavil\u0259si imzalanmas\u0131n\u0131 gecikdirm\u0259k Sarqsyan\u0131n \u0259sas arzusudur. G\u00f6r\u00fcn\u00fcr, iki \u00f6lk\u0259 aras\u0131nda s\u00fclh m\u00fcqavil\u0259si il\u0259 ba\u011fl\u0131 apar\u0131lan dan\u0131\u015f\u0131qlar Serjikin yuxusunu \u0259r\u015f\u0259 \u00e7\u0259kib. \u00c7\u00fcnki s\u00fclh m\u00fcqavil\u0259si imzaland\u0131qdan sonra separat\u00e7\u0131 v\u0259 quldur, m\u00fcharib\u0259 cinay\u0259tl\u0259rin\u0259 imza atm\u0131\u015f Qaraba\u011f klan\u0131 \u00fc\u00e7\u00fcn yolun sonu g\u00f6r\u00fcn\u0259c\u0259k. O son is\u0259 yax\u0131ndad\u0131r.<\/p>\n<p>Amma m\u0259ktub Serjin g\u00f6zl\u0259diyi effekti verm\u0259di v\u0259 erm\u0259ni K\u0130V-l\u0259rind\u0259 3-5 \u00e7eyn\u0259nmi\u015f fikird\u0259n o yana ke\u00e7m\u0259di. Serj bir m\u00fcdd\u0259tlik fasil\u0259 verm\u0259k q\u0259rar\u0131na g\u0259ldi. Son g\u00fcnl\u0259r is\u0259 Erm\u0259nistan\u0131 yenid\u0259n b\u00fcr\u00fcy\u0259n etiraz, m\u00fcxalif\u0259tin aktivl\u0259\u015fm\u0259si, sentyabr ay\u0131na k\u00fctl\u0259vi mitinql\u0259rin t\u0259yin edilm\u0259si m\u0259s\u0259l\u0259sind\u0259 Sarqsyan\u0131n da barma\u011f\u0131n\u0131n olmas\u0131 Pa\u015finyan\u0131n n\u0259z\u0259rind\u0259n yay\u0131nmay\u0131b. Bu s\u0259b\u0259bd\u0259n Serj\u0259 qar\u015f\u0131 m\u0259hk\u0259m\u0259 r\u0131\u00e7aq\u0131 yenid\u0259n i\u015f\u0259 sal\u0131n\u0131b. Yuxar\u0131da da qeyd etdiyimiz kimi, bu d\u0259f\u0259 h\u0259d\u0259f Minasyand\u0131r. O Minasyan ki, uzun m\u00fcdd\u0259t Vatikanda Erm\u0259nistan\u0131n s\u0259firi postunu tutub v\u0259 Pa\u015finyan siyas\u0259tini t\u0259nqid yox, t\u0259hqir etm\u0259kl\u0259 tan\u0131n\u0131r. Minasyan \u201cDzor \u0130ES\u201din sat\u0131\u015f\u0131 il\u0259 ba\u011fl\u0131 a\u00e7\u0131lan cinay\u0259t i\u015fi \u00e7\u0259r\u00e7iv\u0259sind\u0259 istintaqa c\u0259lb edilib. Bu i\u015f 2020-ci ild\u0259 a\u00e7\u0131l\u0131b v\u0259 ke\u00e7mi\u015f m\u00fcdafi\u0259 naziri Seyran Ohanyan\u0131n da ad\u0131 bu m\u0259s\u0259l\u0259d\u0259 hallan\u0131b.<\/p>\n<p><img src=\"https:\/\/cdn.oxu.az\/uploads\/W1siZiIsIjIwMjMvMDgvMjkvMTUvNTMvNDcvNGMyYjg5NDctMzNkMi00YTcyLWIwNGEtNjE1ZmE5YWI1MTMzLzNjYWFiMmMxLTQxODYtMzFmNi05Mjc5LWQ3ZDBmN2RkZTM0Ni5qcGciXSxbInAiLCJlbmNvZGUiLCJqcGciLCItcXVhbGl0eSA4MCJdLFsicCIsInRodW1iIiwiNTkweDU5MFx1MDAzZSJdXQ?sha=9492e99cea13e84d\" alt=\"\" \/><\/p>\n<p>Erm\u0259nistanda son d\u00f6vrl\u0259r Rusiyaya qar\u015f\u0131 yeni kampaniyaya start verilm\u0259si fonunda Serji s\u0131radan \u00e7\u0131xarmaq ist\u0259yi ba\u015fad\u00fc\u015f\u00fcl\u0259ndir. \u00c7\u00fcnki Serj Sarkisyan m\u00fcsahib\u0259l\u0259rind\u0259 d\u0259f\u0259l\u0259rl\u0259 Nikol Pa\u015finyan\u0131 Rusiya il\u0259 m\u00fcnasib\u0259tl\u0259ri pisl\u0259\u015fdirm\u0259kd\u0259 ittiham edib. D\u0259f\u0259l\u0259rl\u0259 a\u00e7\u0131qlamalar\u0131nda Rusiya il\u0259 m\u00fcnasib\u0259tl\u0259rd\u0259n b\u0259hs ed\u0259n Sarqsyan bununla da \u015fimaldak\u0131 m\u00fc\u0259yy\u0259n dair\u0259l\u0259r\u0259 mesaj \u00f6t\u00fcr\u00fcr, d\u0259st\u0259k axtar\u0131rd\u0131. Dey\u0259s\u0259n h\u0259tta o d\u0259st\u0259yi tapm\u0131\u015fd\u0131 da.<\/p>\n<p>Son ba\u015f ver\u0259n hadis\u0259l\u0259r is\u0259 eks-prezidentin yenid\u0259n hakimiyy\u0259t\u0259 yiy\u0259l\u0259nm\u0259k arzusunu alovland\u0131r\u0131b. Bu m\u0259s\u0259l\u0259d\u0259 h\u0259m Rusiyadak\u0131 dayaqlar\u0131ndan, h\u0259m d\u0259 Avropadak\u0131 dayaqlar\u0131ndan istifad\u0259 etm\u0259k \u00fc\u00e7\u00fcn h\u0259r\u0259k\u0259t\u0259 ke\u00e7\u0259c\u0259yi g\u00fcn kimi ayd\u0131nd\u0131r. Pa\u015finyan is\u0259 Serjin bu arzusunu n\u00f6vb\u0259ti d\u0259f\u0259 \u00fcr\u0259yind\u0259 qoymaq \u00fc\u00e7\u00fcn ilk olaraq Avropadak\u0131 dayaqlar\u0131n\u0131 sars\u0131tmaq q\u0259rar\u0131na g\u0259lib. H\u0259m Vatikanda, h\u0259m d\u0259 Avropada \u201cyax\u015f\u0131 dostlar\u0131\u201d olan Minasyan Serjin k\u00fcr\u0259k\u0259ni oldu\u011fu \u00fc\u00e7\u00fcn Pa\u015finyan\u0131n q\u0259z\u0259b oxuna tu\u015f g\u0259lib. G\u00f6r\u00fcn\u00fcr, Pa\u015finyan bu d\u0259f\u0259 konkret olaraq Serji tam t\u0259rki-silah etm\u0259k, sonra is\u0259 onu h\u0259bs\u0259 g\u00f6nd\u0259rm\u0259k niyy\u0259tind\u0259dir. H\u0259m d\u0259 Pa\u015finyan Minasyana qar\u015f\u0131 qald\u0131rtd\u0131\u011f\u0131 cinay\u0259t i\u015fi Serj\u0259 bir mesaj da say\u0131la bil\u0259r. Ba\u015f nazir eks-prezident\u0259 \u201c\u0259limd\u0259 kifay\u0259t q\u0259d\u0259r material var, k\u00fcr\u0259k\u0259ninl\u0259 ba\u015flay\u0131b s\u0259ninl\u0259 bitir\u0259 bil\u0259r\u0259m\u201d mesaj\u0131n\u0131 da \u00f6t\u00fcrm\u00fc\u015f say\u0131l\u0131r. Bununla da sentyabrda ba\u015flamas\u0131 planla\u015fd\u0131r\u0131lan mitinql\u0259rd\u0259 Serjin namiz\u0259d kimi, lider kimi ortaya at\u0131lmas\u0131n\u0131n qar\u015f\u0131s\u0131n\u0131 alm\u0131\u015f say\u0131la bil\u0259r. Zat\u0259n erm\u0259ni m\u00fcxalif\u0259tinin liderl\u0259rind\u0259n say\u0131lan Armen A\u015fotyan art\u0131q h\u0259bsd\u0259dir. Ko\u00e7aryan\u0131n ba\u015f\u0131 ail\u0259sinin \u0259mlak\u0131na qoyulan h\u0259bs\u0259 qar\u0131\u015f\u0131b. Erm\u0259ni m\u00fcxalif\u0259tinin is\u0259 Taquhi Tovmasyan, \u0130\u015fxanyan, Andranik Tevonyan kimi orta s\u0259viyy\u0259li \u201cliderl\u0259r\u201d\u0259 \u00fcmid etm\u0259kd\u0259n ba\u015fqa \u00e7ar\u0259si qalmay\u0131b&#8230;<\/p>\n<p><strong>\u201cReport\u201d \u0130nformasiya Agentliyi<\/strong><\/p>\n","protected":false},"excerpt":{"rendered":"<p>Erm\u0259nistan\u0131n ba\u015f naziri Nikol Pa\u015finyanla eks-prezident Serj Sarqsyan aras\u0131nda uzun m\u00fcdd\u0259tdir davam ed\u0259n qar\u015f\u0131durma yeni m\u0259rh\u0259l\u0259y\u0259 q\u0259d\u0259m qoyub. Bu d\u0259f\u0259 Pa\u015finyan\u0131n h\u0259d\u0259fi Serjikin k\u00fcr\u0259k\u0259ni, Erm\u0259nistan\u0131n Vatikandak\u0131 ke\u00e7mi\u015f s\u0259firi Mikael Minasyan olub. Minasyan 870 min dollar m\u0259bl\u0259\u011fd\u0259 pulun m\u0259nims\u0259nilm\u0259sind\u0259 ittiham edilir. Prokurorlu\u011fun ittiham akt\u0131na g\u00f6r\u0259, ke\u00e7mi\u015f s\u0259fir cinay\u0259t yolu il\u0259 \u0259ld\u0259 etdiyi s\u0259rv\u0259ti qanunil\u0259\u015fdir\u0259r\u0259k g\u0259lir kimi hesablar\u0131na k\u00f6\u00e7\u00fcr\u00fcb. \u018fslind\u0259 a\u00e7\u0131lan cinay\u0259t i\u015fin\u0259 ba\u015fqa prizmadan, Pa\u015finyan\u0131n Sarkisyana qar\u015f\u0131 2018-ci ild\u0259n elan etdiyi \u201cm\u00fcharib\u0259\u201d prizmas\u0131ndan yana\u015fmaq laz\u0131md\u0131r. 2018-ci ild\u0259 Sorosun d\u0259st\u0259yi il\u0259 Erm\u0259nistan\u0131n \u00fc\u00e7\u00fcnc\u00fc prezidenti Serj Sarqsyan\u0131 istefaya m\u0259cbur ed\u0259n Pa\u015finyan bununla Qaraba\u011f&hellip;<\/p>\n","protected":false},"author":2,"featured_media":625958,"comment_status":"closed","ping_status":"closed","sticky":false,"template":"","format":"standard","meta":{"om_disable_all_campaigns":false,"_monsterinsights_skip_tracking":false,"_monsterinsights_sitenote_active":false,"_monsterinsights_sitenote_note":"","_monsterinsights_sitenote_category":0},"categories":[4],"tags":[],"aioseo_notices":[],"gutentor_comment":0,"rttpg_featured_image_url":{"full":["https:\/\/arantv.az\/wp-content\/uploads\/2023\/08\/FotoJet-96-2.jpg",620,413,false],"landscape":["https:\/\/arantv.az\/wp-content\/uploads\/2023\/08\/FotoJet-96-2.jpg",620,413,false],"portraits":["https:\/\/arantv.az\/wp-content\/uploads\/2023\/08\/FotoJet-96-2.jpg",620,413,false],"thumbnail":["https:\/\/arantv.az\/wp-content\/uploads\/2023\/08\/FotoJet-96-2-500x280.jpg",500,280,true],"medium":["https:\/\/arantv.az\/wp-content\/uploads\/2023\/08\/FotoJet-96-2-548x365.jpg",548,365,true],"large":["https:\/\/arantv.az\/wp-content\/uploads\/2023\/08\/FotoJet-96-2.jpg",620,413,false],"1536x1536":["https:\/\/arantv.az\/wp-content\/uploads\/2023\/08\/FotoJet-96-2.jpg",620,413,false],"2048x2048":["https:\/\/arantv.az\/wp-content\/uploads\/2023\/08\/FotoJet-96-2.jpg",620,413,false],"post-thumbnail":["https:\/\/arantv.az\/wp-content\/uploads\/2023\/08\/FotoJet-96-2-240x172.jpg",240,172,true],"advps-thumb-one":["https:\/\/arantv.az\/wp-content\/uploads\/2023\/08\/FotoJet-96-2.jpg",620,413,false]},"rttpg_author":{"display_name":"V\u00fcsal Rafiqo\u011flu","author_link":"https:\/\/arantv.az\/?author=2"},"rttpg_comment":0,"rttpg_category":"<a href=\"https:\/\/arantv.az\/?cat=4\" rel=\"category\">Siyas\u0259t<\/a>","rttpg_excerpt":"Erm\u0259nistan\u0131n ba\u015f naziri Nikol Pa\u015finyanla eks-prezident Serj Sarqsyan aras\u0131nda uzun m\u00fcdd\u0259tdir davam ed\u0259n qar\u015f\u0131durma yeni m\u0259rh\u0259l\u0259y\u0259 q\u0259d\u0259m qoyub. Bu d\u0259f\u0259 Pa\u015finyan\u0131n h\u0259d\u0259fi Serjikin k\u00fcr\u0259k\u0259ni, Erm\u0259nistan\u0131n Vatikandak\u0131 ke\u00e7mi\u015f s\u0259firi Mikael Minasyan olub. Minasyan 870 min dollar m\u0259bl\u0259\u011fd\u0259 pulun m\u0259nims\u0259nilm\u0259sind\u0259 ittiham edilir. Prokurorlu\u011fun ittiham akt\u0131na g\u00f6r\u0259, ke\u00e7mi\u015f s\u0259fir cinay\u0259t yolu il\u0259 \u0259ld\u0259 etdiyi s\u0259rv\u0259ti qanunil\u0259\u015fdir\u0259r\u0259k g\u0259lir kimi&hellip;","_links":{"self":[{"href":"https:\/\/arantv.az\/index.php?rest_route=\/wp\/v2\/posts\/625954"}],"collection":[{"href":"https:\/\/arantv.az\/index.php?rest_route=\/wp\/v2\/posts"}],"about":[{"href":"https:\/\/arantv.az\/index.php?rest_route=\/wp\/v2\/types\/post"}],"author":[{"embeddable":true,"href":"https:\/\/arantv.az\/index.php?rest_route=\/wp\/v2\/users\/2"}],"replies":[{"embeddable":true,"href":"https:\/\/arantv.az\/index.php?rest_route=%2Fwp%2Fv2%2Fcomments&post=625954"}],"version-history":[{"count":0,"href":"https:\/\/arantv.az\/index.php?rest_route=\/wp\/v2\/posts\/625954\/revisions"}],"wp:featuredmedia":[{"embeddable":true,"href":"https:\/\/arantv.az\/index.php?rest_route=\/wp\/v2\/media\/625958"}],"wp:attachment":[{"href":"https:\/\/arantv.az\/index.php?rest_route=%2Fwp%2Fv2%2Fmedia&parent=625954"}],"wp:term":[{"taxonomy":"category","embeddable":true,"href":"https:\/\/arantv.az\/index.php?rest_route=%2Fwp%2Fv2%2Fcategories&post=625954"},{"taxonomy":"post_tag","embeddable":true,"href":"https:\/\/arantv.az\/index.php?rest_route=%2Fwp%2Fv2%2Ftags&post=625954"}],"curies":[{"name":"wp","href":"https:\/\/api.w.org\/{rel}","templated":true}]}}