{"id":625957,"date":"2023-08-29T20:49:03","date_gmt":"2023-08-29T16:49:03","guid":{"rendered":"https:\/\/arantv.az\/?p=625957"},"modified":"2023-08-29T20:49:03","modified_gmt":"2023-08-29T16:49:03","slug":"agdam-xank%c9%99ndi-yolunda-t%c9%99xribat-olarsa-az%c9%99rbaycan-d%c9%99y%c9%99n%c9%99yini-qaldira-bil%c9%99r-s%c9%99rh","status":"publish","type":"post","link":"https:\/\/arantv.az\/?p=625957","title":{"rendered":"A\u011fdam-Xank\u0259ndi yolunda t\u0259xribat olarsa: Az\u0259rbaycan d\u0259y\u0259n\u0259yini qald\u0131ra bil\u0259r &#8211; \u015e\u018fRH"},"content":{"rendered":"<p>Az\u0259rbaycan Q\u0131z\u0131l Aypara C\u0259miyy\u0259tinin A\u011fdam-Xank\u0259ndi yolu il\u0259 Qaraba\u011fdak\u0131 erm\u0259nil\u0259r\u0259 yollad\u0131\u011f\u0131 humanitar yard\u0131ma qar\u015f\u0131 erm\u0259ni t\u0259bli\u011fat\u0131 \u00f6z i\u015fin\u0259 ba\u015flay\u0131b.<\/p>\n<p>A\u011fdam-Xank\u0259ndi yolunda erm\u0259ni t\u0259xribatlar\u0131 da g\u00f6zl\u0259nil\u0259ndir. Az\u0259rbaycan h\u0259r hans\u0131 t\u0259xribat\u0131 d\u00f6vl\u0259tin m\u00fcdafi\u0259si v\u0259 t\u0259hl\u00fck\u0259sizliyi sah\u0259sind\u0259 z\u0259r\u0259rli n\u00f6qt\u0259 kimi g\u00f6r\u0259r\u0259k onlar\u0131 aradan qald\u0131rmaq h\u00fcququna malikdir.<\/p>\n<p>Qaraba\u011fdak\u0131 erm\u0259nil\u0259r \u0259g\u0259r t\u0259xribat m\u00fc\u0259llifin\u0259 \u00e7evrils\u0259l\u0259r, onda onun t\u0259\u015fkilat\u00e7\u0131lar\u0131 v\u0259 icra\u00e7\u0131lar\u0131na qar\u015f\u0131 d\u00f6vl\u0259t t\u0259dbir g\u00f6r\u0259c\u0259k.<\/p>\n<p>Qaraba\u011fdak\u0131 erm\u0259nil\u0259rin h\u00fcquq v\u0259 t\u0259hl\u00fck\u0259sizliyi Az\u0259rbaycan\u0131n daxili i\u015fi kimi v\u00fcs\u0259t al\u0131r, buna g\u00f6r\u0259 d\u0259 onlara t\u0259xribat t\u00f6r\u0259d\u0259 bil\u0259c\u0259k h\u0259r hans\u0131 imtiyaz tan\u0131nm\u0131r. Y\u0259ni Qaraba\u011fdak\u0131 erm\u0259nil\u0259r el\u0259 d\u00fc\u015f\u00fcn\u00fcrl\u0259rs\u0259 ki, t\u0259xribatlar t\u00f6r\u0259dib c\u0259zas\u0131z qalacaqlar, onda b\u00f6y\u00fck yanl\u0131\u015f i\u00e7\u0259risind\u0259dirl\u0259r.<\/p>\n<p>Buradan hesablama aparsaq, t\u0259xmin ed\u0259 bil\u0259rik ki, erm\u0259nil\u0259r A\u011fdam-Xank\u0259ndi yolunda Rusiya s\u00fclhm\u0259raml\u0131lar\u0131na g\u00fcv\u0259n\u0259r\u0259k n\u0259s\u0259 etm\u0259y\u0259 c\u0259hd g\u00f6st\u0259rs\u0259l\u0259r, onlar\u0131n qar\u015f\u0131s\u0131nda Az\u0259rbaycan\u0131n g\u00fcc strukturlar\u0131n\u0131n d\u0259y\u0259n\u0259yi g\u00f6st\u0259ril\u0259 bil\u0259r.<\/p>\n<p>\u018fg\u0259r bu t\u0259xribatlar davaml\u0131 olsa, onda Az\u0259rbaycan t\u0259xribat\u0131n t\u0259\u015fkilat\u00e7\u0131lar\u0131na qar\u015f\u0131 daha b\u00f6y\u00fck t\u0259dbir \u2013 antiterror t\u0259dbiri &#8211; g\u00f6rm\u0259k h\u00fcququndan yararlanma\u011f\u0131 se\u00e7m\u0259k h\u00fcququna sahibdir.<\/p>\n<p>S\u00f6z yox ki, Az\u0259rbaycan maksimal s\u0259bir v\u0259 t\u0259mkin n\u00fcmayi\u015f etdir\u0259r\u0259k h\u0259r c\u0131l\u0131zl\u0131\u011fa da reaksiya ver\u0259n deyil, lakin bu ki\u00e7ik m\u0259s\u0259l\u0259l\u0259r b\u00f6y\u00fck bir topaya \u00e7evrilm\u0259k h\u0259ddind\u0259 ir\u0259lil\u0259y\u0259nd\u0259 Bak\u0131 d\u00fcym\u0259ni basacaq.<\/p>\n<p>Ona g\u00f6r\u0259 ki, separat\u00e7\u0131 \u00fcns\u00fcrl\u0259r milli t\u0259hl\u00fck\u0259sizlik \u00fc\u00e7\u00fcn t\u0259hdiddir, onlara havadar olanlar da ikinci bir t\u0259hl\u00fck\u0259dir. H\u0259r bir d\u00f6vl\u0259tin \u00f6z \u0259razisind\u0259ki separat\u00e7\u0131 q\u00fcvv\u0259l\u0259ri yat\u0131rtmaq h\u00fcququ var, \u00e7\u00fcnki \u0259razi b\u00fct\u00f6vl\u00fcy\u00fc v\u0259 suverenlik b\u00fct\u00fcn d\u00f6vl\u0259tl\u0259r \u00fc\u00e7\u00fcn vacib \u015f\u0259rtdir.<\/p>\n<p>Bu bax\u0131mdan, Qaraba\u011fdak\u0131 erm\u0259nil\u0259rin Az\u0259rbaycan\u0131n humanitar yard\u0131m\u0131n\u0131 q\u0259bul etm\u0259kd\u0259n ba\u015fqa \u00e7ar\u0259 axtarmalar\u0131 q\u0259d\u0259r m\u0259nas\u0131z v\u0259 bezdirici bir i\u015f yoxdur.<\/p>\n<p>Az\u0259rbaycan \u00fc\u00e7\u00fcn Qaraba\u011f erm\u0259nil\u0259rinin \u00f6lk\u0259nin ictimai-siyasi h\u0259yat\u0131na reinteqrasiyas\u0131 vacibdir, g\u00f6nd\u0259ril\u0259n humanitar y\u00fck h\u0259min i\u015f\u0259 v\u0259sil\u0259 ola bil\u0259c\u0259k xarakterd\u0259dir.<\/p>\n<p>Y\u0259ni Qaraba\u011fdak\u0131 erm\u0259ni sakinl\u0259r humanitar y\u00fckl\u0259ri q\u0259bul ets\u0259l\u0259r d\u0259, etm\u0259s\u0259l\u0259r d\u0259, Az\u0259rbaycan\u0131n atd\u0131\u011f\u0131 add\u0131m ciddi bir siqnald\u0131r v\u0259 onlar\u0131n qulaqlar\u0131na s\u0131r\u011fa olmal\u0131d\u0131r.<\/p>\n<p>Az\u0259rbaycan Q\u0131z\u0131l Aypara C\u0259miyy\u0259tinin humanitar y\u00fck da\u015f\u0131yan TIR-lar\u0131 Fransaya da tutarl\u0131 bir cavabd\u0131r. \u00c7\u00fcnki Fransa \u00f6z\u00fcn\u0259 \u0259l qataraq La\u00e7\u0131ndak\u0131 s\u0259rh\u0259d-burax\u0131l\u0131\u015f m\u0259nt\u0259q\u0259sind\u0259n Qaraba\u011fa y\u00fck da\u015f\u0131nmas\u0131n\u0131 h\u0259yata ke\u00e7irm\u0259y\u0259 \u00e7al\u0131\u015f\u0131r.<\/p>\n<p>T\u0259bii ki, Az\u0259rbaycan s\u0259rh\u0259d\u00e7il\u0259ri onlar\u0131 buraxan deyill\u0259r, \u00e7\u00fcnki humanitar y\u00fckd\u0259n s\u00f6hb\u0259t gedirs\u0259, buyursunlar ba\u015fa d\u00fc\u015fs\u00fcnl\u0259r ki, ortada A\u011fdam-Xank\u0259ndi yolu var v\u0259 Az\u0259rbaycan\u0131n \u00f6z\u00fc daxili i\u015fi z\u0259minind\u0259 m\u0259s\u0259l\u0259ni h\u0259ll etm\u0259y\u0259 qadirdir.<\/p>\n<p><img src=\"https:\/\/cdn.oxu.az\/uploads\/W1siZiIsIjIwMjMvMDgvMjkvMTYvMjcvNTgvZGY5MTZiMWQtZmNiOC00OWI3LWE5ZjktNzg4ZTc5MzJlZjU5LzM2NTY4NzgzM182MzM4NzIwOTQyODI5NjczXzI0MDE3Nzk0OTcwMzMwNDQxMzNfbi5qcGciXSxbInAiLCJlbmNvZGUiLCJqcGciLCItcXVhbGl0eSA4MCJdLFsicCIsInRodW1iIiwiNTkweDU5MFx1MDAzZSJdXQ?sha=200abc93ec4b69d8\" alt=\"\" \/><\/p>\n","protected":false},"excerpt":{"rendered":"<p>Az\u0259rbaycan Q\u0131z\u0131l Aypara C\u0259miyy\u0259tinin A\u011fdam-Xank\u0259ndi yolu il\u0259 Qaraba\u011fdak\u0131 erm\u0259nil\u0259r\u0259 yollad\u0131\u011f\u0131 humanitar yard\u0131ma qar\u015f\u0131 erm\u0259ni t\u0259bli\u011fat\u0131 \u00f6z i\u015fin\u0259 ba\u015flay\u0131b. A\u011fdam-Xank\u0259ndi yolunda erm\u0259ni t\u0259xribatlar\u0131 da g\u00f6zl\u0259nil\u0259ndir. Az\u0259rbaycan h\u0259r hans\u0131 t\u0259xribat\u0131 d\u00f6vl\u0259tin m\u00fcdafi\u0259si v\u0259 t\u0259hl\u00fck\u0259sizliyi sah\u0259sind\u0259 z\u0259r\u0259rli n\u00f6qt\u0259 kimi g\u00f6r\u0259r\u0259k onlar\u0131 aradan qald\u0131rmaq h\u00fcququna malikdir. Qaraba\u011fdak\u0131 erm\u0259nil\u0259r \u0259g\u0259r t\u0259xribat m\u00fc\u0259llifin\u0259 \u00e7evrils\u0259l\u0259r, onda onun t\u0259\u015fkilat\u00e7\u0131lar\u0131 v\u0259 icra\u00e7\u0131lar\u0131na qar\u015f\u0131 d\u00f6vl\u0259t t\u0259dbir g\u00f6r\u0259c\u0259k. Qaraba\u011fdak\u0131 erm\u0259nil\u0259rin h\u00fcquq v\u0259 t\u0259hl\u00fck\u0259sizliyi Az\u0259rbaycan\u0131n daxili i\u015fi kimi v\u00fcs\u0259t al\u0131r, buna g\u00f6r\u0259 d\u0259 onlara t\u0259xribat t\u00f6r\u0259d\u0259 bil\u0259c\u0259k h\u0259r hans\u0131 imtiyaz tan\u0131nm\u0131r. Y\u0259ni Qaraba\u011fdak\u0131 erm\u0259nil\u0259r el\u0259 d\u00fc\u015f\u00fcn\u00fcrl\u0259rs\u0259 ki, t\u0259xribatlar t\u00f6r\u0259dib c\u0259zas\u0131z qalacaqlar, onda&hellip;<\/p>\n","protected":false},"author":2,"featured_media":625961,"comment_status":"closed","ping_status":"closed","sticky":false,"template":"","format":"standard","meta":{"om_disable_all_campaigns":false,"_monsterinsights_skip_tracking":false,"_monsterinsights_sitenote_active":false,"_monsterinsights_sitenote_note":"","_monsterinsights_sitenote_category":0},"categories":[4],"tags":[],"aioseo_notices":[],"gutentor_comment":0,"rttpg_featured_image_url":{"full":["https:\/\/arantv.az\/wp-content\/uploads\/2023\/08\/852584_IMG_2386.jpg",620,413,false],"landscape":["https:\/\/arantv.az\/wp-content\/uploads\/2023\/08\/852584_IMG_2386.jpg",620,413,false],"portraits":["https:\/\/arantv.az\/wp-content\/uploads\/2023\/08\/852584_IMG_2386.jpg",620,413,false],"thumbnail":["https:\/\/arantv.az\/wp-content\/uploads\/2023\/08\/852584_IMG_2386-500x280.jpg",500,280,true],"medium":["https:\/\/arantv.az\/wp-content\/uploads\/2023\/08\/852584_IMG_2386-548x365.jpg",548,365,true],"large":["https:\/\/arantv.az\/wp-content\/uploads\/2023\/08\/852584_IMG_2386.jpg",620,413,false],"1536x1536":["https:\/\/arantv.az\/wp-content\/uploads\/2023\/08\/852584_IMG_2386.jpg",620,413,false],"2048x2048":["https:\/\/arantv.az\/wp-content\/uploads\/2023\/08\/852584_IMG_2386.jpg",620,413,false],"post-thumbnail":["https:\/\/arantv.az\/wp-content\/uploads\/2023\/08\/852584_IMG_2386-240x172.jpg",240,172,true],"advps-thumb-one":["https:\/\/arantv.az\/wp-content\/uploads\/2023\/08\/852584_IMG_2386.jpg",620,413,false]},"rttpg_author":{"display_name":"V\u00fcsal Rafiqo\u011flu","author_link":"https:\/\/arantv.az\/?author=2"},"rttpg_comment":0,"rttpg_category":"<a href=\"https:\/\/arantv.az\/?cat=4\" rel=\"category\">Siyas\u0259t<\/a>","rttpg_excerpt":"Az\u0259rbaycan Q\u0131z\u0131l Aypara C\u0259miyy\u0259tinin A\u011fdam-Xank\u0259ndi yolu il\u0259 Qaraba\u011fdak\u0131 erm\u0259nil\u0259r\u0259 yollad\u0131\u011f\u0131 humanitar yard\u0131ma qar\u015f\u0131 erm\u0259ni t\u0259bli\u011fat\u0131 \u00f6z i\u015fin\u0259 ba\u015flay\u0131b. A\u011fdam-Xank\u0259ndi yolunda erm\u0259ni t\u0259xribatlar\u0131 da g\u00f6zl\u0259nil\u0259ndir. Az\u0259rbaycan h\u0259r hans\u0131 t\u0259xribat\u0131 d\u00f6vl\u0259tin m\u00fcdafi\u0259si v\u0259 t\u0259hl\u00fck\u0259sizliyi sah\u0259sind\u0259 z\u0259r\u0259rli n\u00f6qt\u0259 kimi g\u00f6r\u0259r\u0259k onlar\u0131 aradan qald\u0131rmaq h\u00fcququna malikdir. Qaraba\u011fdak\u0131 erm\u0259nil\u0259r \u0259g\u0259r t\u0259xribat m\u00fc\u0259llifin\u0259 \u00e7evrils\u0259l\u0259r, onda onun t\u0259\u015fkilat\u00e7\u0131lar\u0131 v\u0259 icra\u00e7\u0131lar\u0131na qar\u015f\u0131 d\u00f6vl\u0259t&hellip;","_links":{"self":[{"href":"https:\/\/arantv.az\/index.php?rest_route=\/wp\/v2\/posts\/625957"}],"collection":[{"href":"https:\/\/arantv.az\/index.php?rest_route=\/wp\/v2\/posts"}],"about":[{"href":"https:\/\/arantv.az\/index.php?rest_route=\/wp\/v2\/types\/post"}],"author":[{"embeddable":true,"href":"https:\/\/arantv.az\/index.php?rest_route=\/wp\/v2\/users\/2"}],"replies":[{"embeddable":true,"href":"https:\/\/arantv.az\/index.php?rest_route=%2Fwp%2Fv2%2Fcomments&post=625957"}],"version-history":[{"count":0,"href":"https:\/\/arantv.az\/index.php?rest_route=\/wp\/v2\/posts\/625957\/revisions"}],"wp:featuredmedia":[{"embeddable":true,"href":"https:\/\/arantv.az\/index.php?rest_route=\/wp\/v2\/media\/625961"}],"wp:attachment":[{"href":"https:\/\/arantv.az\/index.php?rest_route=%2Fwp%2Fv2%2Fmedia&parent=625957"}],"wp:term":[{"taxonomy":"category","embeddable":true,"href":"https:\/\/arantv.az\/index.php?rest_route=%2Fwp%2Fv2%2Fcategories&post=625957"},{"taxonomy":"post_tag","embeddable":true,"href":"https:\/\/arantv.az\/index.php?rest_route=%2Fwp%2Fv2%2Ftags&post=625957"}],"curies":[{"name":"wp","href":"https:\/\/api.w.org\/{rel}","templated":true}]}}