{"id":625963,"date":"2023-08-29T20:50:26","date_gmt":"2023-08-29T16:50:26","guid":{"rendered":"https:\/\/arantv.az\/?p=625963"},"modified":"2023-08-29T20:50:26","modified_gmt":"2023-08-29T16:50:26","slug":"dord-n%c9%99f%c9%99ri-oldur%c9%99n-fuad-qalan-omrunu-h%c9%99bsd%c9%99-kecir%c9%99c%c9%99k-foto","status":"publish","type":"post","link":"https:\/\/arantv.az\/?p=625963","title":{"rendered":"D\u00f6rd n\u0259f\u0259ri \u00f6ld\u00fcr\u0259n Fuad qalan \u00f6mr\u00fcn\u00fc h\u0259bsd\u0259 ke\u00e7ir\u0259c\u0259k&#8230; &#8211; FOTO"},"content":{"rendered":"<p>Beyl\u0259qan\u0131n Tatarl\u0131 k\u0259ndind\u0259 d\u00f6rd n\u0259f\u0259ri \u00f6ld\u00fcrm\u0259kd\u0259 t\u0259qsirli bilin\u0259r\u0259k \u00f6m\u00fcrl\u00fck m\u0259hkum edilmi\u015f Fuad C\u0259lilzad\u0259 bar\u0259sind\u0259ki h\u00f6kmd\u0259n verilmi\u015f apellyasiya \u015fikay\u0259tin\u0259 bax\u0131l\u0131b.<\/p>\n<p>Qafqazinfo.az-\u0131n \u0259ld\u0259 etdiyi m\u0259lumata g\u00f6r\u0259, \u015eirvan Apellyasiya M\u0259hk\u0259m\u0259sind\u0259 ke\u00e7iril\u0259n ikinci iclasda F.C\u0259lilzad\u0259 \u015fikay\u0259td\u0259n imtina etdiyini bildirib.<\/p>\n<p>O, verilmi\u015f c\u0259za il\u0259 raz\u0131la\u015f\u0131b, \u0259lav\u0259 ara\u015fd\u0131rmaya ehtiyac g\u00f6rm\u0259yib. T\u0259qsirl\u0259ndiril\u0259n \u015f\u0259xsin ist\u0259yi yerin\u0259 yetiril\u0259r\u0259k, yekun m\u0259hk\u0259m\u0259 akt\u0131 \u00e7\u0131xar\u0131l\u0131b.<\/p>\n<p>Bu q\u0259rarla 27 ya\u015fl\u0131 F.C\u0259lilzad\u0259 bar\u0259sind\u0259ki h\u00f6km qanuni q\u00fcvv\u0259y\u0259 minib. O, qalan \u00f6mr\u00fcn\u00fc Qobustanda yerl\u0259\u015f\u0259n qapal\u0131 tipli c\u0259za\u00e7\u0259km\u0259 m\u00fc\u0259ssis\u0259sind\u0259 ke\u00e7ir\u0259c\u0259k.<\/p>\n<p>Qeyd ed\u0259k ki, hadis\u0259 \u00f6t\u0259n ilin dekabr\u0131nda ba\u015f verib. Fuad C\u0259lilzad\u0259 aralar\u0131nda olan \u0259dav\u0259t\u0259 g\u00f6r\u0259, qon\u015fular\u0131 Nadir Quliyevi, h\u0259yat yolda\u015f\u0131 T\u0259rg\u00fcl Quliyevan\u0131 ya\u015fad\u0131qlar\u0131 evin h\u0259y\u0259tind\u0259, o\u011flanlar\u0131 Amin v\u0259 X\u0259yal Quluzad\u0259l\u0259ri is\u0259 q\u0259biristanl\u0131qda odlu silahla g\u00fcll\u0259l\u0259yib.<\/p>\n<p>M\u0259lumata g\u00f6r\u0259, Fuad\u0131n atas\u0131 Lo\u011fman C\u0259lilov 2009-cu ild\u0259 m\u00fcnaqi\u015f\u0259 z\u0259minind\u0259 Nadir Quliyev\u0259 yaba il\u0259 a\u011f\u0131r x\u0259sar\u0259t yetirib. N.Quliyevin \u015fikay\u0259t\u00e7i olmas\u0131 il\u0259 m\u0259hk\u0259m\u0259 ona 6 il yar\u0131m h\u0259bs c\u0259zas\u0131 verib. O, h\u0259bsxanadan \u00e7\u0131xd\u0131qdan sonra qon\u015fu ail\u0259l\u0259r aras\u0131nda m\u00fcnasib\u0259tl\u0259r daha da pisl\u0259\u015fib v\u0259 m\u00fct\u0259madi olaraq dava il\u0259 n\u0259tic\u0259l\u0259nib. Hadis\u0259d\u0259n bir m\u00fcdd\u0259t sonra F.C\u0259lilzad\u0259nin atas\u0131 L.C\u0259lilov \u00f6z\u00fcn\u00fc asaraq intihar edib.<\/p>\n<p>L\u0259nk\u0259ran A\u011f\u0131r Cinay\u0259tl\u0259r M\u0259hk\u0259m\u0259sinin h\u00f6km\u00fc il\u0259 Fuad C\u0259lilzad\u0259 \u00f6m\u00fcrl\u00fck azadl\u0131qdan m\u0259hrum edilib. H\u00f6kmd\u0259n verilmi\u015f \u015fikay\u0259td\u0259 \u00f6m\u00fcrl\u00fck azadl\u0131qdan m\u0259hrum etm\u0259nin m\u00fcdd\u0259tli c\u0259za il\u0259 \u0259v\u0259zl\u0259nm\u0259si xahi\u015f olunub.<\/p>\n<p>&nbsp;<\/p>\n<div class=\"gallery\">\n<div class=\"gallery-i\"><img src=\"https:\/\/cdn.oxu.az\/uploads\/W1siZiIsIjIwMjMvMDgvMjkvMTUvMjQvMDYvNTE1NmUwZWUtZTljYi00ZTgyLTlmZGEtZTA3NzgxODY4YmY3L2tvbGxhajEuanBnIl0sWyJwIiwiZW5jb2RlIiwianBnIiwiLXF1YWxpdHkgODAiXSxbInAiLCJ0aHVtYiIsIjU5MHg1OTBcdTAwM2UiXV0?sha=eeca4efdb858bdda\" alt=\"\" \/><\/div>\n<\/div>\n","protected":false},"excerpt":{"rendered":"<p>Beyl\u0259qan\u0131n Tatarl\u0131 k\u0259ndind\u0259 d\u00f6rd n\u0259f\u0259ri \u00f6ld\u00fcrm\u0259kd\u0259 t\u0259qsirli bilin\u0259r\u0259k \u00f6m\u00fcrl\u00fck m\u0259hkum edilmi\u015f Fuad C\u0259lilzad\u0259 bar\u0259sind\u0259ki h\u00f6kmd\u0259n verilmi\u015f apellyasiya \u015fikay\u0259tin\u0259 bax\u0131l\u0131b. Qafqazinfo.az-\u0131n \u0259ld\u0259 etdiyi m\u0259lumata g\u00f6r\u0259, \u015eirvan Apellyasiya M\u0259hk\u0259m\u0259sind\u0259 ke\u00e7iril\u0259n ikinci iclasda F.C\u0259lilzad\u0259 \u015fikay\u0259td\u0259n imtina etdiyini bildirib. O, verilmi\u015f c\u0259za il\u0259 raz\u0131la\u015f\u0131b, \u0259lav\u0259 ara\u015fd\u0131rmaya ehtiyac g\u00f6rm\u0259yib. T\u0259qsirl\u0259ndiril\u0259n \u015f\u0259xsin ist\u0259yi yerin\u0259 yetiril\u0259r\u0259k, yekun m\u0259hk\u0259m\u0259 akt\u0131 \u00e7\u0131xar\u0131l\u0131b. Bu q\u0259rarla 27 ya\u015fl\u0131 F.C\u0259lilzad\u0259 bar\u0259sind\u0259ki h\u00f6km qanuni q\u00fcvv\u0259y\u0259 minib. O, qalan \u00f6mr\u00fcn\u00fc Qobustanda yerl\u0259\u015f\u0259n qapal\u0131 tipli c\u0259za\u00e7\u0259km\u0259 m\u00fc\u0259ssis\u0259sind\u0259 ke\u00e7ir\u0259c\u0259k. Qeyd ed\u0259k ki, hadis\u0259 \u00f6t\u0259n ilin dekabr\u0131nda ba\u015f verib. Fuad C\u0259lilzad\u0259 aralar\u0131nda olan \u0259dav\u0259t\u0259 g\u00f6r\u0259, qon\u015fular\u0131 Nadir&hellip;<\/p>\n","protected":false},"author":2,"featured_media":625964,"comment_status":"closed","ping_status":"closed","sticky":false,"template":"","format":"standard","meta":{"om_disable_all_campaigns":false,"_monsterinsights_skip_tracking":false,"_monsterinsights_sitenote_active":false,"_monsterinsights_sitenote_note":"","_monsterinsights_sitenote_category":0},"categories":[5],"tags":[],"aioseo_notices":[],"gutentor_comment":0,"rttpg_featured_image_url":{"full":["https:\/\/arantv.az\/wp-content\/uploads\/2023\/08\/6426d3799aaa86426d3799aaa916802661056426d3799aaa66426d3799aaa7.jpg",620,413,false],"landscape":["https:\/\/arantv.az\/wp-content\/uploads\/2023\/08\/6426d3799aaa86426d3799aaa916802661056426d3799aaa66426d3799aaa7.jpg",620,413,false],"portraits":["https:\/\/arantv.az\/wp-content\/uploads\/2023\/08\/6426d3799aaa86426d3799aaa916802661056426d3799aaa66426d3799aaa7.jpg",620,413,false],"thumbnail":["https:\/\/arantv.az\/wp-content\/uploads\/2023\/08\/6426d3799aaa86426d3799aaa916802661056426d3799aaa66426d3799aaa7-500x280.jpg",500,280,true],"medium":["https:\/\/arantv.az\/wp-content\/uploads\/2023\/08\/6426d3799aaa86426d3799aaa916802661056426d3799aaa66426d3799aaa7-548x365.jpg",548,365,true],"large":["https:\/\/arantv.az\/wp-content\/uploads\/2023\/08\/6426d3799aaa86426d3799aaa916802661056426d3799aaa66426d3799aaa7.jpg",620,413,false],"1536x1536":["https:\/\/arantv.az\/wp-content\/uploads\/2023\/08\/6426d3799aaa86426d3799aaa916802661056426d3799aaa66426d3799aaa7.jpg",620,413,false],"2048x2048":["https:\/\/arantv.az\/wp-content\/uploads\/2023\/08\/6426d3799aaa86426d3799aaa916802661056426d3799aaa66426d3799aaa7.jpg",620,413,false],"post-thumbnail":["https:\/\/arantv.az\/wp-content\/uploads\/2023\/08\/6426d3799aaa86426d3799aaa916802661056426d3799aaa66426d3799aaa7-240x172.jpg",240,172,true],"advps-thumb-one":["https:\/\/arantv.az\/wp-content\/uploads\/2023\/08\/6426d3799aaa86426d3799aaa916802661056426d3799aaa66426d3799aaa7.jpg",620,413,false]},"rttpg_author":{"display_name":"V\u00fcsal Rafiqo\u011flu","author_link":"https:\/\/arantv.az\/?author=2"},"rttpg_comment":0,"rttpg_category":"<a href=\"https:\/\/arantv.az\/?cat=5\" rel=\"category\">Hadis\u0259<\/a>","rttpg_excerpt":"Beyl\u0259qan\u0131n Tatarl\u0131 k\u0259ndind\u0259 d\u00f6rd n\u0259f\u0259ri \u00f6ld\u00fcrm\u0259kd\u0259 t\u0259qsirli bilin\u0259r\u0259k \u00f6m\u00fcrl\u00fck m\u0259hkum edilmi\u015f Fuad C\u0259lilzad\u0259 bar\u0259sind\u0259ki h\u00f6kmd\u0259n verilmi\u015f apellyasiya \u015fikay\u0259tin\u0259 bax\u0131l\u0131b. Qafqazinfo.az-\u0131n \u0259ld\u0259 etdiyi m\u0259lumata g\u00f6r\u0259, \u015eirvan Apellyasiya M\u0259hk\u0259m\u0259sind\u0259 ke\u00e7iril\u0259n ikinci iclasda F.C\u0259lilzad\u0259 \u015fikay\u0259td\u0259n imtina etdiyini bildirib. O, verilmi\u015f c\u0259za il\u0259 raz\u0131la\u015f\u0131b, \u0259lav\u0259 ara\u015fd\u0131rmaya ehtiyac g\u00f6rm\u0259yib. T\u0259qsirl\u0259ndiril\u0259n \u015f\u0259xsin ist\u0259yi yerin\u0259 yetiril\u0259r\u0259k, yekun m\u0259hk\u0259m\u0259 akt\u0131 \u00e7\u0131xar\u0131l\u0131b. Bu q\u0259rarla&hellip;","_links":{"self":[{"href":"https:\/\/arantv.az\/index.php?rest_route=\/wp\/v2\/posts\/625963"}],"collection":[{"href":"https:\/\/arantv.az\/index.php?rest_route=\/wp\/v2\/posts"}],"about":[{"href":"https:\/\/arantv.az\/index.php?rest_route=\/wp\/v2\/types\/post"}],"author":[{"embeddable":true,"href":"https:\/\/arantv.az\/index.php?rest_route=\/wp\/v2\/users\/2"}],"replies":[{"embeddable":true,"href":"https:\/\/arantv.az\/index.php?rest_route=%2Fwp%2Fv2%2Fcomments&post=625963"}],"version-history":[{"count":0,"href":"https:\/\/arantv.az\/index.php?rest_route=\/wp\/v2\/posts\/625963\/revisions"}],"wp:featuredmedia":[{"embeddable":true,"href":"https:\/\/arantv.az\/index.php?rest_route=\/wp\/v2\/media\/625964"}],"wp:attachment":[{"href":"https:\/\/arantv.az\/index.php?rest_route=%2Fwp%2Fv2%2Fmedia&parent=625963"}],"wp:term":[{"taxonomy":"category","embeddable":true,"href":"https:\/\/arantv.az\/index.php?rest_route=%2Fwp%2Fv2%2Fcategories&post=625963"},{"taxonomy":"post_tag","embeddable":true,"href":"https:\/\/arantv.az\/index.php?rest_route=%2Fwp%2Fv2%2Ftags&post=625963"}],"curies":[{"name":"wp","href":"https:\/\/api.w.org\/{rel}","templated":true}]}}