{"id":625976,"date":"2023-08-29T20:54:05","date_gmt":"2023-08-29T16:54:05","guid":{"rendered":"https:\/\/arantv.az\/?p=625976"},"modified":"2023-08-29T20:54:05","modified_gmt":"2023-08-29T16:54:05","slug":"putinin-turkiy%c9%99-s%c9%99f%c9%99rind%c9%99n-yayinmasinin-s%c9%99b%c9%99bl%c9%99ri-%c9%99rdogan-sociy%c9%99-yollanir-t%c9%99hlil","status":"publish","type":"post","link":"https:\/\/arantv.az\/?p=625976","title":{"rendered":"Putinin T\u00fcrkiy\u0259 s\u0259f\u0259rind\u0259n yay\u0131nmas\u0131n\u0131n s\u0259b\u0259bl\u0259ri: \u018frdo\u011fan So\u00e7iy\u0259 yollan\u0131r &#8211; T\u018fHL\u0130L"},"content":{"rendered":"<p>T\u00fcrkiy\u0259 Prezidenti R\u0259c\u0259b Tayyib \u018frdo\u011fan rusiyal\u0131 h\u0259mkar\u0131 Vladimir Putinin \u00f6z \u00f6lk\u0259sin\u0259 s\u0259f\u0259r etm\u0259sini g\u00f6zl\u0259s\u0259 d\u0259, m\u0259s\u0259l\u0259 bir q\u0259d\u0259r f\u0259rqli y\u00f6n ald\u0131.<\/p>\n<p>\u0130lk olaraq ondan ba\u015flayaq ki, Putinin T\u00fcrkiy\u0259y\u0259 s\u0259f\u0259r qrafikinin m\u00fc\u0259yy\u0259n edilm\u0259si \u0259traf\u0131nda qeyri-m\u00fc\u0259yy\u0259nlikl\u0259r davam edirdi, bunun ilkin s\u0259b\u0259bi, bel\u0259 g\u00f6r\u00fcn\u00fcr ki, Rusiya liderinin \u00fcmumiyy\u0259tl\u0259 T\u00fcrkiy\u0259y\u0259 getm\u0259k bar\u0259d\u0259 t\u0259r\u0259dd\u00fcd etm\u0259sidir.<\/p>\n<p>\u018fn az\u0131ndan, onu g\u00f6z \u00f6n\u00fcnd\u0259 canland\u0131rmaq laz\u0131md\u0131r ki, Beyn\u0259lxalq Cinay\u0259t M\u0259hk\u0259m\u0259si Putin haqq\u0131nda h\u0259bs q\u0259rar\u0131 verib, h\u0259r\u00e7\u0259nd, T\u00fcrkiy\u0259y\u0259 gets\u0259ydi, \u018frdo\u011fan onun saxlan\u0131lmas\u0131na g\u00f6st\u0259ri\u015f verm\u0259zdi.<\/p>\n<p>Ba\u015fqa bir m\u0259s\u0259l\u0259 \u201cVaqner\u201din ke\u00e7mi\u015f r\u0259hb\u0259ri (art\u0131q \u00f6l\u00fcb) Yevgeni Priqojinin m\u0259lum qiyam c\u0259hdind\u0259n sonra Kreml daxilind\u0259ki saray \u00e7\u0259ki\u015fm\u0259l\u0259rinin artmas\u0131d\u0131r. Putin ona g\u00f6r\u0259, nec\u0259 dey\u0259rl\u0259r, yerind\u0259n t\u0259rp\u0259nm\u0259kd\u0259n qorxa bil\u0259r, \u00e7\u00fcnki Priqojin qiyam\u0131n\u0131n motivl\u0259ri n\u0259 olursa-olsun, Rusiya h\u0259rbi-siyasi elitas\u0131ndak\u0131 hakimiyy\u0259tin ali e\u015felonlar\u0131 u\u011frundak\u0131 iddialar\u0131 \u00fcz\u0259 \u00e7\u0131xard\u0131. Bu, Putin \u00fc\u00e7\u00fcn h\u0259ssas m\u0259qamd\u0131r, ona g\u00f6r\u0259 d\u0259 Rusiya lideri h\u0259l\u0259 aya\u011f\u0131n\u0131 \u00f6lk\u0259 xaricin\u0259 basmama\u011f\u0131 m\u0259qs\u0259d\u0259uy\u011fun hesab ed\u0259 bil\u0259r.<\/p>\n<p>B\u00f6y\u00fck ehtimalla \u018frdo\u011fan plan qurmu\u015fdu ki, Putini \u0130stanbulda q\u0259bul etsin, \u00e7\u00fcnki \u0130stanbul Rusiya-Ukrayna m\u00fcharib\u0259sinin s\u00fclhl\u0259 yekunla\u015fmas\u0131nda m\u00fch\u00fcm platforma kimi rola malikdir.<\/p>\n<p>Ancaq T\u00fcrkiy\u0259nin d\u0259 Q\u0259rbl\u0259 m\u00fcnasib\u0259tl\u0259rind\u0259 istil\u0259\u015fm\u0259 m\u00fc\u015fahid\u0259 olunmaqdad\u0131r, o bax\u0131mdan fikir bildirm\u0259k m\u00fcmk\u00fcnd\u00fcr ki, \u018frdo\u011fan \u00f6lk\u0259sinin beyn\u0259lxalq n\u00fcfuzunu d\u00fc\u015f\u00fcn\u0259r\u0259k Putinin g\u0259li\u015fi m\u0259s\u0259l\u0259sini alternativl\u0259 \u0259v\u0259zl\u0259yib.<\/p>\n<p>B\u0259li, \u018frdo\u011fan\u0131n So\u00e7iy\u0259 ged\u0259r\u0259k Putinl\u0259 g\u00f6r\u00fc\u015f\u0259c\u0259yi bildirilir, tuneld\u0259 sa\u00e7an i\u015f\u0131\u011f\u0131n \u0259hat\u0259 dair\u0259si bel\u0259 versiyan\u0131 \u00f6n\u0259 \u00e7\u0131xar\u0131r ki, T\u00fcrkiy\u0259 lideri rusiyal\u0131 h\u0259mkar\u0131 il\u0259 g\u00f6r\u00fc\u015f m\u0259kan\u0131n\u0131n d\u0259yi\u015fm\u0259sind\u0259n narahat deyil.<\/p>\n<p>Buras\u0131 da var ki, T\u00fcrkiy\u0259 xarici i\u015fl\u0259r naziri Hakan Fidan Ukraynaya s\u0259f\u0259r edib g\u00f6r\u00fc\u015fl\u0259r ke\u00e7irdikd\u0259n sonra \u018frdo\u011fan-Putin g\u00f6r\u00fc\u015f\u00fcn\u00fcn yerinin d\u0259yi\u015fm\u0259si bar\u0259d\u0259 m\u0259lumatlar ortaya \u00e7\u0131xd\u0131.<\/p>\n<p>Lakin bunlar detallard\u0131r, geni\u015f m\u00fcst\u0259vid\u0259 T\u00fcrkiy\u0259 \u00fc\u00e7\u00fcn indi \u0259n vacib olan\u0131 Rusiya-Ukrayna aras\u0131ndak\u0131 m\u00fcharib\u0259ni \u00f6z\u00fcn\u00fcn moderatorlu\u011fu vasit\u0259sil\u0259 sonland\u0131rmaqd\u0131r. Ankaran\u0131n m\u0259ntiqi strateji ir\u0259lil\u0259yi\u015f\u0259 nail olmaqd\u0131r, o, \u00f6z\u00fcn\u00fc Rusiya-Ukrayna m\u00fcnaqi\u015f\u0259sinin aras\u0131nda yerb\u0259yer ed\u0259r\u0259k s\u00fclh prosesind\u0259 \u0259n \u00fcst m\u00f6vqel\u0259r\u0259 \u00e7\u0131xma\u011fa \u00e7al\u0131\u015f\u0131r.<\/p>\n<p>\u018fg\u0259r T\u00fcrkiy\u0259 vasit\u0259sil\u0259 s\u00fclh \u0259ld\u0259 edils\u0259, Ankaran\u0131n beyn\u0259lxalq profili onu qlobal oyun\u00e7u zola\u011f\u0131na salacaq.<\/p>\n<p>Bu bax\u0131mdan, \u018frdo\u011fan \u201cT\u00fcrkiy\u0259 olmas\u0131n, Rusiya olsun, \u0259sas &#8211; m\u0259qs\u0259d\u0259 nail olmaqd\u0131r\u201d m\u0259ntiqind\u0259n \u00e7\u0131x\u0131\u015f edir, ancaq onun Putini yola g\u0259tirm\u0259si \u00e7ox \u00e7\u0259tin g\u00f6r\u00fcn\u00fcr.<\/p>\n<p>\u0130lk olaraq T\u00fcrkiy\u0259 \u201cTax\u0131l sazi\u015fi\u201dni b\u0259rpa etm\u0259k \u00fc\u00e7\u00fcn Putini \u0259l\u0259 alma\u011fa \u00e7al\u0131\u015facaq, buna nail olunsa, Ankara s\u00fclh sazi\u015fi \u00fczr\u0259 s\u0259yl\u0259rind\u0259ki manevrl\u0259r sah\u0259sini geni\u015fl\u0259d\u0259c\u0259k.<\/p>\n<p>Bununla bel\u0259, Rusiyan\u0131n neoimperiya m\u0259ram\u0131ndan geri d\u00f6nm\u0259m\u0259si, Putinin Ukraynan\u0131 \u201cq\u0131rm\u0131z\u0131 x\u0259tt\u201d kimi g\u00f6rm\u0259si T\u00fcrkiy\u0259nin i\u015fini \u00e7\u0259tinl\u0259\u015fdirir, el\u0259 hesablamaq olar ki, \u018frdo\u011fanla g\u00f6r\u00fc\u015f g\u0259rgin m\u00fczakir\u0259l\u0259r atmosferind\u0259 ke\u00e7\u0259c\u0259k.<\/p>\n<p>Liderl\u0259rin raz\u0131l\u0131q s\u0259rh\u0259dl\u0259rin\u0259 yax\u0131nla\u015fmaq h\u0259dl\u0259ri iki \u00f6lk\u0259nin Suriya, Afrika, C\u0259nubi Qafqaz, M\u0259rk\u0259zi Asiya \u00fczr\u0259 s\u00f6vd\u0259l\u0259\u015fm\u0259l\u0259r ehtimallar\u0131ndan da as\u0131l\u0131 olaraq qalmaqdad\u0131r.<\/p>\n<p>Dem\u0259li, Putin-\u018frdo\u011fan g\u00f6r\u00fc\u015f\u00fcnd\u0259ki m\u00fczakir\u0259l\u0259r geni\u015f beyn\u0259lxalq g\u00fcnd\u0259liyi \u0259hat\u0259 ed\u0259 bil\u0259c\u0259k \u00f6n\u0259m\u0259 sahibdir.<\/p>\n<p>El\u0259 buna g\u00f6r\u0259dir ki, beyn\u0259lxalq v\u0259 regional oyun\u00e7ular, onlar\u0131n ambisiyalar\u0131n\u0131n \u0259hat\u0259sind\u0259 qalan d\u00f6vl\u0259tl\u0259r Putinl\u0259 \u018frdo\u011fan\u0131n g\u00f6r\u00fc\u015f\u00fc v\u0259 onun n\u0259tic\u0259l\u0259rini b\u00f6y\u00fck h\u0259y\u0259canla g\u00f6zl\u0259yirl\u0259r.<\/p>\n<p>\u018frdo\u011fanla Putinin dil tapmaq t\u0259cr\u00fcb\u0259si oldu\u011fundan g\u00f6r\u00fc\u015fd\u0259n m\u00fc\u0259yy\u0259n n\u0259tic\u0259l\u0259r g\u00f6zl\u0259m\u0259y\u0259 d\u0259y\u0259r, lakin inand\u0131r\u0131c\u0131 g\u0259lmir ki, n\u0259 Rusiya, n\u0259 d\u0259 T\u00fcrkiy\u0259 maraqlar\u0131n\u0131 bir-birin\u0259 g\u00fcz\u0259\u015ft\u0259 getsin.<\/p>\n<p>G\u00fcz\u0259\u015ft olmayacaqsa, onda daha s\u0259m\u0259r\u0259li \u0259m\u0259kda\u015fl\u0131q platformas\u0131 \u00fc\u00e7\u00fcn planlar c\u0131z\u0131la bil\u0259r ki, bu da Rusiya-Ukrayna m\u00fcnaqi\u015f\u0259sinin fonunda ba\u015fqa regionlarda \u00f6z t\u0259sirl\u0259rini g\u00f6st\u0259r\u0259r.<\/p>\n<p>\u018frdo\u011fan\u0131n s\u0259f\u0259rinin \u0259h\u0259miyy\u0259ti h\u0259m d\u0259 buras\u0131ndad\u0131r ki, g\u00f6r\u00fc\u015f zaman\u0131 Rusiyan\u0131 m\u00fcmk\u00fcn n\u00fcv\u0259 ritorikas\u0131ndan uzaq tuta bil\u0259c\u0259k \u015fifahi raz\u0131l\u0131q \u0259ld\u0259 edil\u0259 bil\u0259r.<\/p>\n<p>N\u0259tic\u0259 \u00e7\u0131xaras\u0131 olsaq, \u018frdo\u011fan\u0131n s\u0259f\u0259rind\u0259n sonra Ukrayna c\u0259bh\u0259sind\u0259 f\u0259rqli bir v\u0259ziyy\u0259t yaranaca\u011f\u0131 g\u00f6zl\u0259nilmir. \u00c7\u00fcnki r\u0259smi Kiyev \u0259ks-h\u00fccum \u0259m\u0259liyyatlar\u0131ndan bol b\u0259hr\u0259 g\u00f6rm\u0259y\u0259 \u00fcmid edir, Moskva is\u0259 Ukraynan\u0131 ram ed\u0259c\u0259yin\u0259 inan\u0131r.<\/p>\n<p><img src=\"https:\/\/cdn.oxu.az\/uploads\/W1siZiIsIjIwMjMvMDgvMjkvMTUvMTEvMzQvM2ZjYjg0YmQtMzYyYS00YzJmLThjM2UtY2IxNzhmOTQ4OTUxL19SVUYwODMwLmpwZyJdLFsicCIsImVuY29kZSIsImpwZyIsIi1xdWFsaXR5IDgwIl0sWyJwIiwidGh1bWIiLCI1OTB4NTkwXHUwMDNlIl1d?sha=15ca4078f73f19b2\" alt=\"\" \/><\/p>\n","protected":false},"excerpt":{"rendered":"<p>T\u00fcrkiy\u0259 Prezidenti R\u0259c\u0259b Tayyib \u018frdo\u011fan rusiyal\u0131 h\u0259mkar\u0131 Vladimir Putinin \u00f6z \u00f6lk\u0259sin\u0259 s\u0259f\u0259r etm\u0259sini g\u00f6zl\u0259s\u0259 d\u0259, m\u0259s\u0259l\u0259 bir q\u0259d\u0259r f\u0259rqli y\u00f6n ald\u0131. \u0130lk olaraq ondan ba\u015flayaq ki, Putinin T\u00fcrkiy\u0259y\u0259 s\u0259f\u0259r qrafikinin m\u00fc\u0259yy\u0259n edilm\u0259si \u0259traf\u0131nda qeyri-m\u00fc\u0259yy\u0259nlikl\u0259r davam edirdi, bunun ilkin s\u0259b\u0259bi, bel\u0259 g\u00f6r\u00fcn\u00fcr ki, Rusiya liderinin \u00fcmumiyy\u0259tl\u0259 T\u00fcrkiy\u0259y\u0259 getm\u0259k bar\u0259d\u0259 t\u0259r\u0259dd\u00fcd etm\u0259sidir. \u018fn az\u0131ndan, onu g\u00f6z \u00f6n\u00fcnd\u0259 canland\u0131rmaq laz\u0131md\u0131r ki, Beyn\u0259lxalq Cinay\u0259t M\u0259hk\u0259m\u0259si Putin haqq\u0131nda h\u0259bs q\u0259rar\u0131 verib, h\u0259r\u00e7\u0259nd, T\u00fcrkiy\u0259y\u0259 gets\u0259ydi, \u018frdo\u011fan onun saxlan\u0131lmas\u0131na g\u00f6st\u0259ri\u015f verm\u0259zdi. Ba\u015fqa bir m\u0259s\u0259l\u0259 \u201cVaqner\u201din ke\u00e7mi\u015f r\u0259hb\u0259ri (art\u0131q \u00f6l\u00fcb) Yevgeni Priqojinin m\u0259lum qiyam c\u0259hdind\u0259n sonra Kreml daxilind\u0259ki&hellip;<\/p>\n","protected":false},"author":2,"featured_media":625977,"comment_status":"closed","ping_status":"closed","sticky":false,"template":"","format":"standard","meta":{"om_disable_all_campaigns":false,"_monsterinsights_skip_tracking":false,"_monsterinsights_sitenote_active":false,"_monsterinsights_sitenote_note":"","_monsterinsights_sitenote_category":0},"categories":[4],"tags":[],"aioseo_notices":[],"gutentor_comment":0,"rttpg_featured_image_url":{"full":["https:\/\/arantv.az\/wp-content\/uploads\/2023\/08\/1650285403_96a.jpg",620,413,false],"landscape":["https:\/\/arantv.az\/wp-content\/uploads\/2023\/08\/1650285403_96a.jpg",620,413,false],"portraits":["https:\/\/arantv.az\/wp-content\/uploads\/2023\/08\/1650285403_96a.jpg",620,413,false],"thumbnail":["https:\/\/arantv.az\/wp-content\/uploads\/2023\/08\/1650285403_96a-500x280.jpg",500,280,true],"medium":["https:\/\/arantv.az\/wp-content\/uploads\/2023\/08\/1650285403_96a-548x365.jpg",548,365,true],"large":["https:\/\/arantv.az\/wp-content\/uploads\/2023\/08\/1650285403_96a.jpg",620,413,false],"1536x1536":["https:\/\/arantv.az\/wp-content\/uploads\/2023\/08\/1650285403_96a.jpg",620,413,false],"2048x2048":["https:\/\/arantv.az\/wp-content\/uploads\/2023\/08\/1650285403_96a.jpg",620,413,false],"post-thumbnail":["https:\/\/arantv.az\/wp-content\/uploads\/2023\/08\/1650285403_96a-240x172.jpg",240,172,true],"advps-thumb-one":["https:\/\/arantv.az\/wp-content\/uploads\/2023\/08\/1650285403_96a.jpg",620,413,false]},"rttpg_author":{"display_name":"V\u00fcsal Rafiqo\u011flu","author_link":"https:\/\/arantv.az\/?author=2"},"rttpg_comment":0,"rttpg_category":"<a href=\"https:\/\/arantv.az\/?cat=4\" rel=\"category\">Siyas\u0259t<\/a>","rttpg_excerpt":"T\u00fcrkiy\u0259 Prezidenti R\u0259c\u0259b Tayyib \u018frdo\u011fan rusiyal\u0131 h\u0259mkar\u0131 Vladimir Putinin \u00f6z \u00f6lk\u0259sin\u0259 s\u0259f\u0259r etm\u0259sini g\u00f6zl\u0259s\u0259 d\u0259, m\u0259s\u0259l\u0259 bir q\u0259d\u0259r f\u0259rqli y\u00f6n ald\u0131. \u0130lk olaraq ondan ba\u015flayaq ki, Putinin T\u00fcrkiy\u0259y\u0259 s\u0259f\u0259r qrafikinin m\u00fc\u0259yy\u0259n edilm\u0259si \u0259traf\u0131nda qeyri-m\u00fc\u0259yy\u0259nlikl\u0259r davam edirdi, bunun ilkin s\u0259b\u0259bi, bel\u0259 g\u00f6r\u00fcn\u00fcr ki, Rusiya liderinin \u00fcmumiyy\u0259tl\u0259 T\u00fcrkiy\u0259y\u0259 getm\u0259k bar\u0259d\u0259 t\u0259r\u0259dd\u00fcd etm\u0259sidir. \u018fn az\u0131ndan, onu g\u00f6z \u00f6n\u00fcnd\u0259&hellip;","_links":{"self":[{"href":"https:\/\/arantv.az\/index.php?rest_route=\/wp\/v2\/posts\/625976"}],"collection":[{"href":"https:\/\/arantv.az\/index.php?rest_route=\/wp\/v2\/posts"}],"about":[{"href":"https:\/\/arantv.az\/index.php?rest_route=\/wp\/v2\/types\/post"}],"author":[{"embeddable":true,"href":"https:\/\/arantv.az\/index.php?rest_route=\/wp\/v2\/users\/2"}],"replies":[{"embeddable":true,"href":"https:\/\/arantv.az\/index.php?rest_route=%2Fwp%2Fv2%2Fcomments&post=625976"}],"version-history":[{"count":0,"href":"https:\/\/arantv.az\/index.php?rest_route=\/wp\/v2\/posts\/625976\/revisions"}],"wp:featuredmedia":[{"embeddable":true,"href":"https:\/\/arantv.az\/index.php?rest_route=\/wp\/v2\/media\/625977"}],"wp:attachment":[{"href":"https:\/\/arantv.az\/index.php?rest_route=%2Fwp%2Fv2%2Fmedia&parent=625976"}],"wp:term":[{"taxonomy":"category","embeddable":true,"href":"https:\/\/arantv.az\/index.php?rest_route=%2Fwp%2Fv2%2Fcategories&post=625976"},{"taxonomy":"post_tag","embeddable":true,"href":"https:\/\/arantv.az\/index.php?rest_route=%2Fwp%2Fv2%2Ftags&post=625976"}],"curies":[{"name":"wp","href":"https:\/\/api.w.org\/{rel}","templated":true}]}}