{"id":625982,"date":"2023-08-29T20:55:48","date_gmt":"2023-08-29T16:55:48","guid":{"rendered":"https:\/\/arantv.az\/?p=625982"},"modified":"2023-08-29T20:55:48","modified_gmt":"2023-08-29T16:55:48","slug":"erm%c9%99nistan-iran-hindistan-%c9%99m%c9%99kdasligi-ir%c9%99van-ozun%c9%99-yeni-aga-axtarir-s%c9%99rh-foto","status":"publish","type":"post","link":"https:\/\/arantv.az\/?p=625982","title":{"rendered":"Erm\u0259nistan-\u0130ran-Hindistan \u0259m\u0259kda\u015fl\u0131\u011f\u0131: \u0130r\u0259van \u00f6z\u00fcn\u0259 yeni a\u011fa axtar\u0131r &#8211; \u015e\u018fRH + FOTO"},"content":{"rendered":"<p>Erm\u0259nistan b\u00fct\u00fcn sah\u0259l\u0259rd\u0259 u\u011fursuzluqlarla \u00fczl\u0259\u015fib &#8211; xaotik, nizams\u0131z add\u0131mlar at\u0131r, n\u0259 yax\u0131n, n\u0259 d\u0259 uzaq perspektiv \u00fc\u00e7\u00fcn hesablanan populist gedi\u015fl\u0259rl\u0259 g\u00fcnd\u0259md\u0259 olma\u011fa \u00e7al\u0131\u015f\u0131r. Bu d\u0259f\u0259 d\u0259 \u00f6z\u00fcn\u0259 yeni \u201cyiy\u0259\u201d v\u0259 m\u00fctt\u0259fiq axtar\u0131\u015f\u0131na \u00e7\u0131x\u0131b. Erm\u0259ni medias\u0131 v\u0259 siyasil\u0259ri art\u0131q bir m\u00fcdd\u0259tdir ki, Dehli-Tehran-\u0130r\u0259van m\u00fcnasib\u0259tl\u0259rini tirajlay\u0131r, iki \u00f6lk\u0259ni ba\u011flayan tell\u0259rd\u0259n d\u0259m vurur. \u0130ranla ba\u011fl\u0131 m\u0259s\u0259l\u0259 ayd\u0131nd\u0131r &#8211; fars-erm\u0259ni \u0259m\u0259kda\u015fl\u0131\u011f\u0131 ill\u0259rdir davam edir, Tehran Erm\u0259nistan \u00fc\u00e7\u00fcn 30 il \u201cn\u0259f\u0259slik\u201d rolunu oynay\u0131b v\u0259 proses davam edir. Hindistana g\u0259ldikd\u0259 is\u0259 \u0259n optimist ekspert v\u0259 m\u00fc\u015fahid\u0259\u00e7il\u0259r bel\u0259, onun perspektivsizliyini qabard\u0131rlar. Erm\u0259ni t\u0259r\u0259fi is\u0259 h\u0259r v\u0259chl\u0259 bel\u0259 bir g\u00f6r\u00fcnt\u00fc yaratma\u011fa \u00e7al\u0131\u015f\u0131r, h\u0259tta T\u0259hl\u00fck\u0259sizlik \u015euras\u0131n\u0131n s\u0259dri Armen Qriqoryan\u0131 il \u0259rzind\u0259 ikinci d\u0259f\u0259 Hindistana yollay\u0131r.<\/p>\n<p>H\u0259tta Hindistan\u0131n Ba\u015f naziri Narendra Modinin Yunan\u0131stana s\u0259f\u0259rind\u0259n \u00f6z\u00fcn\u0259m\u0259xsus formada yararlanma\u011fa \u00e7al\u0131\u015f\u0131r, h\u00f6kum\u0259t ba\u015f\u00e7\u0131s\u0131n\u0131n Hindistan-Yunan\u0131stan-Erm\u0259nistan \u201cgeosiyasi oxu\u201d yaratma\u011fa \u00e7al\u0131\u015fd\u0131\u011f\u0131n\u0131 iddia edirl\u0259r. Sual edirl\u0259r ki, n\u0259d\u0259n 40 il \u0259rzind\u0259 Yunan\u0131stana he\u00e7 bir ba\u015f naziri s\u0259f\u0259r etm\u0259y\u0259n Hindistan indi bel\u0259 bir s\u0259f\u0259ri realla\u015fd\u0131r\u0131r? Erm\u0259nil\u0259rin fantaziyas\u0131 bitib-t\u00fck\u0259nmir v\u0259 iddia edirl\u0259r ki, T\u00fcrkiy\u0259-Az\u0259rbaycan-Pakistan birliyin\u0259 qar\u015f\u0131 \u0130r\u0259van-Dehli-Afina birliyinin yarad\u0131lmas\u0131 g\u00fcnd\u0259md\u0259dir. Bu c\u0259f\u0259ng iddian\u0131 is\u0259 erm\u0259nil\u0259rd\u0259n ba\u015fqa he\u00e7 kim dil\u0259 g\u0259tirmir. S\u0259f\u0259r, sad\u0259c\u0259, iki \u00f6lk\u0259 aras\u0131nda m\u00fcnasib\u0259tl\u0259r\u0259 h\u0259sr olunub. Hans\u0131sa regional m\u0259s\u0259l\u0259l\u0259rin m\u00fczakir\u0259 olunmad\u0131\u011f\u0131 vur\u011fulan\u0131r. Yunan\u0131stan, sad\u0259c\u0259, Hindistan\u0131n bir s\u0131ra beyn\u0259lxalq m\u0259s\u0259l\u0259l\u0259rd\u0259, o c\u00fcml\u0259d\u0259n BMT T\u0259hl\u00fck\u0259sizlik \u015euras\u0131nda daim yer \u0259ld\u0259 etm\u0259k m\u0259s\u0259l\u0259sind\u0259 d\u0259st\u0259kl\u0259y\u0259n \u00f6lk\u0259 olub. Yunanlar Hindistan\u0131n Avropaya qap\u0131s\u0131 kimi \u00e7\u0131x\u0131\u015f etm\u0259k ist\u0259yirl\u0259r. Y\u0259ni erm\u0259ni t\u0259r\u0259finin iddias\u0131 \u0259sass\u0131zd\u0131r v\u0259 yalanlar \u00fcz\u0259rind\u0259 qurulub. Eyni zamanda, g\u0259l\u0259n il Hindistanda parlament se\u00e7kisi ke\u00e7iril\u0259c\u0259k v\u0259 Modinin aktiv xarici siyas\u0259t kursu aparmas\u0131 da bununla ba\u011fl\u0131d\u0131r.<\/p>\n<p><img src=\"https:\/\/cdn.oxu.az\/uploads\/W1siZiIsIjIwMjMvMDgvMjkvMTUvMzIvMzgvODNmOGFjM2MtZjYzZS00ZDQ0LTgxNmMtOGU1MWNiOGM4MTdlLzUxNmZjM2VjLTJkZGMtMzU2ZC04MjM0LWEwMzBmMjNjYzE1Zi5qcGciXSxbInAiLCJlbmNvZGUiLCJqcGciLCItcXVhbGl0eSA4MCJdLFsicCIsInRodW1iIiwiNTkweDU5MFx1MDAzZSJdXQ?sha=6296ceaac65dd595\" alt=\"\" \/><\/p>\n<p>Erm\u0259nistan hakimiyy\u0259ti \u00f6z\u00fcn\u0259 t\u0259s\u0259lli verir ki, Hindistanla \u0259m\u0259kda\u015fl\u0131\u011f\u0131 g\u00fccl\u0259ndirm\u0259kl\u0259 d\u00fcnyan\u0131n \u0259n \u00e7ox \u0259halisi olan \u00f6lk\u0259nin d\u0259st\u0259yini qazanacaq, lakin yan\u0131l\u0131r. Birincisi, h\u0259r bir \u00f6lk\u0259nin q\u00fcdr\u0259ti, ilk n\u00f6vb\u0259d\u0259, onun iqtisadiyyat\u0131 il\u0259 ba\u011fl\u0131d\u0131r. Hindistan da \u0259hali say\u0131na g\u00f6r\u0259 d\u00fcnyada ilk yerl\u0259rd\u0259 q\u0259rarla\u015fsa da, yoxsulluq i\u00e7ind\u0259dir. \u0130kincisi, Hindistan Erm\u0259nistandan uzaq m\u0259saf\u0259d\u0259 yerl\u0259\u015fir. D\u00fczd\u00fcr, iki \u00f6lk\u0259 \u0130rana \u00fcmid ets\u0259 d\u0259, bu \u00f6lk\u0259nin son ill\u0259r f\u0259aliyy\u0259ti onu dem\u0259y\u0259 \u0259sas verir ki, Tehran \u0130r\u0259vanla irimiqyasl\u0131 layih\u0259l\u0259r\u0259 ciddi \u00f6n\u0259m vermir. Ortaya atd\u0131\u011f\u0131 layih\u0259l\u0259rin he\u00e7 birinin realla\u015fmamas\u0131 da bunu dem\u0259y\u0259 \u0259sas verir. \u00dc\u00e7\u00fcnc\u00fcs\u00fc, Fransan\u0131n t\u0259hriki il\u0259 Erm\u0259nistanla \u0259m\u0259kda\u015fl\u0131\u011fa ged\u0259n Dehli \u00f6z\u00fc bel\u0259, m\u00f6vqeyind\u0259 yekdil deyil. Silah sat\u0131\u015f\u0131na g\u0259ldikd\u0259, erm\u0259nil\u0259r\u0259 veril\u0259n texnika k\u00f6hn\u0259dir.<\/p>\n<p><img src=\"https:\/\/cdn.oxu.az\/uploads\/W1siZiIsIjIwMjMvMDgvMjkvMTUvMzIvMzcvMGQ1YWQ0N2MtNTM2OC00OWUyLTkwMzItNGE0OWNmZDcwNjllL2UzMTJiNDk5LThkOTUtMzI5Ny1hY2VhLTM1YzMyNGNkZGIxOC5qcGciXSxbInAiLCJlbmNvZGUiLCJqcGciLCItcXVhbGl0eSA4MCJdLFsicCIsInRodW1iIiwiNTkweDU5MFx1MDAzZSJdXQ?sha=6692b7004eaffc04\" alt=\"\" \/><\/p>\n<p>Erm\u0259nistan\u0131n ba\u015f naziri Nikol Pa\u015finyan Hindistandan ucuz qiym\u0259t\u0259 keyfiyy\u0259tsiz silah al\u0131b erm\u0259ni c\u0259miyy\u0259tin\u0259 bunu \u201cordunu g\u00fccl\u0259ndirir\u0259m\u201d formas\u0131nda s\u0131r\u0131ma\u011fa \u00e7al\u0131\u015f\u0131r. \u0130st\u0259yir, \u0259hali g\u00f6rs\u00fcn ki, guya ordunu b\u0259rpa edir, h\u0259rbi sah\u0259d\u0259 i\u015fl\u0259r apar\u0131r v\u0259 s. Amma burada \u0259sasl\u0131 bir \u015fey yoxdur. N\u0259 m\u00fcharib\u0259 etm\u0259k iqtidar\u0131ndad\u0131r, n\u0259 ald\u0131qlar\u0131 silahlar m\u00fcasir silahlard\u0131r. D\u00f6rd\u00fcnc\u00fcs\u00fc, Erm\u0259nistan\u0131n yax\u0131n T\u00fcrkiy\u0259ni qoyub uzaq Hindistanla \u0259m\u0259kda\u015fl\u0131\u011fa \u00fcz tutmas\u0131 n\u00f6vb\u0259ti u\u011fursuzlu\u011funa i\u015far\u0259dir. Halbuki, T\u00fcrkiy\u0259d\u0259 se\u00e7kil\u0259rd\u0259n sonra h\u0259r k\u0259s \u00fcmid edirdi ki, iki \u00f6lk\u0259 yax\u0131n zamanlarda bu istiqam\u0259td\u0259 ciddi add\u0131mlara ba\u015flayacaq v\u0259 bu, erm\u0259nil\u0259rin Q\u0259rb\u0259 inteqrasiya prosesini s\u00fcr\u0259tl\u0259ndir\u0259c\u0259k. Be\u015fincisi, Erm\u0259nistan\u0131n xarici siyas\u0259t kursu haz\u0131rda b\u00fct\u00fcn f\u0259aliyy\u0259tini bir \u00f6lk\u0259nin dikt\u0259si v\u0259 f\u0259aliyy\u0259ti \u00fcz\u0259rind\u0259 qurub. T\u0259bii ki, bu da Fransad\u0131r.<\/p>\n<p>El\u0259 Erm\u0259nistan-Hindistan-\u0130ran geosiyasi \u00fc\u00e7buca\u011f\u0131n\u0131 qurmaq x\u0259yal\u0131 da m\u0259hz Parisd\u0259n qaynaqlan\u0131r. Y\u0259ni Fransa bu m\u0259s\u0259l\u0259d\u0259, ola bilsin, lokomotiv rolunu oynay\u0131b. R\u0259smi Paris Hindistan\u0131 uzaq v\u0259 perspektivsiz, yoxsul Erm\u0259nistanla \u0259m\u0259kda\u015fl\u0131q x\u0259tti g\u00f6t\u00fcrm\u0259y\u0259 m\u0259cbur edir. M\u0259s\u0259l\u0259 ondad\u0131r ki, Parisl\u0259 Dehlini silah alq\u0131-satq\u0131s\u0131 \u0259m\u0259kda\u015fl\u0131\u011f\u0131 birl\u0259\u015fdirir. Hindistan\u0131 erm\u0259nil\u0259rl\u0259 \u0259m\u0259kda\u015fl\u0131q etm\u0259y\u0259 m\u0259cbur ed\u0259n d\u0259 m\u0259hz Fransa, daha d\u0259qiq ifad\u0259 ets\u0259k, Emmanuel Makronun u\u011fursuz, \u201cuzaqg\u00f6r\u0259n\u201d siyas\u0259tidir.<\/p>\n<p><img src=\"https:\/\/cdn.oxu.az\/uploads\/W1siZiIsIjIwMjMvMDgvMjkvMTUvMzIvMzcvOTQ1ZTI5NjEtZjI3NC00NzQ4LWEzOTgtMjBlOGI0MjM0N2QwL2M1Njk1MzU2LWI1NGItMzdhYy04ZDliLWMyMzViMWY2NDA0Zi5qcGciXSxbInAiLCJlbmNvZGUiLCJqcGciLCItcXVhbGl0eSA4MCJdLFsicCIsInRodW1iIiwiNTkweDU5MFx1MDAzZSJdXQ?sha=abcf7e304cf2c9cc\" alt=\"\" \/><\/p>\n<p>Yeri g\u0259lmi\u015fk\u0259n, erm\u0259ni c\u0259miyy\u0259tind\u0259 Hindistanla \u0259m\u0259kda\u015fl\u0131\u011f\u0131 ri\u015fx\u0259ndl\u0259 qar\u015f\u0131layan, bel\u0259 bir \u0259m\u0259kda\u015fl\u0131\u011f\u0131n perspektivsizliyin\u0259 i\u015far\u0259 ed\u0259nl\u0259r d\u0259 tap\u0131l\u0131rlar. Onlar\u0131n q\u0259na\u0259tinc\u0259, Erm\u0259nistan Hindistana yox, \u00c7in\u0259 \u00fcst\u00fcnl\u00fck verm\u0259lidir. Q\u0259rbl\u0259 deyil, \u0130ran, Rusiya il\u0259 yana\u015f\u0131, \u00c7inl\u0259 \u0259m\u0259kda\u015fl\u0131q etm\u0259li oldu\u011fu \u00f6n\u0259 \u00e7\u0259kilir. M\u0259s\u0259l\u0259n, erm\u0259ni politoloq Qriqor Balasanyan hesab edir ki, \u00f6lk\u0259nin xilas\u0131 m\u0259hz qeyd etdiyi \u201cgeosiyasi \u00fc\u00e7bucaq\u201ddad\u0131r. \u201cQ\u0259rb son be\u015f ild\u0259 s\u00fcbut etdi ki, etibarl\u0131 t\u0259r\u0259fda\u015f ola bilm\u0259z. Bu, Fransaya da aiddir. \u00c7\u00fcnki bu \u00f6lk\u0259 2020-ci ild\u0259 Az\u0259rbaycana peykl\u0259r verib v\u0259 m\u00fcharib\u0259d\u0259 d\u0259 onlardan istifad\u0259 edib. Avropan\u0131n bizi qorumaq \u00fc\u00e7\u00fcn mara\u011f\u0131 s\u0131f\u0131rd\u0131r. Az\u0259rbaycan\u0131 qorumaq \u00fc\u00e7\u00fcn is\u0259 motivl\u0259ri kifay\u0259t q\u0259d\u0259rdir &#8211; qaz v\u0259 \u0259n birincisi, qar\u015f\u0131dan q\u0131\u015f g\u0259lir\u201d.<\/p>\n<p>Bel\u0259likl\u0259, erm\u0259nil\u0259rin xarici siyas\u0259t kursunu uzaq Hindistana tu\u015flamas\u0131n\u0131n r\u0259smi \u0130r\u0259van\u0131n n\u00f6vb\u0259ti u\u011fursuzlu\u011funa g\u0259tirib \u00e7\u0131xaraca\u011f\u0131 \u015f\u00fcbh\u0259sizdir. Erm\u0259nistan hakimiyy\u0259ti bu layih\u0259y\u0259 \u00fcmidl\u0259 baxa bil\u0259r, lakin \u0259sas m\u0259s\u0259l\u0259 ondad\u0131r ki, zaman onun \u0259leyhin\u0259 i\u015fl\u0259yir. H\u0259r ke\u00e7\u0259n g\u00fcn d\u0259 onun \u00fc\u00e7\u00fcn \u015fanslar\u0131n itirilm\u0259si dem\u0259kdir.<\/p>\n<p><strong>\u201cReport\u201d \u0130nformasiya Agentliyi<\/strong><\/p>\n","protected":false},"excerpt":{"rendered":"<p>Erm\u0259nistan b\u00fct\u00fcn sah\u0259l\u0259rd\u0259 u\u011fursuzluqlarla \u00fczl\u0259\u015fib &#8211; xaotik, nizams\u0131z add\u0131mlar at\u0131r, n\u0259 yax\u0131n, n\u0259 d\u0259 uzaq perspektiv \u00fc\u00e7\u00fcn hesablanan populist gedi\u015fl\u0259rl\u0259 g\u00fcnd\u0259md\u0259 olma\u011fa \u00e7al\u0131\u015f\u0131r. Bu d\u0259f\u0259 d\u0259 \u00f6z\u00fcn\u0259 yeni \u201cyiy\u0259\u201d v\u0259 m\u00fctt\u0259fiq axtar\u0131\u015f\u0131na \u00e7\u0131x\u0131b. Erm\u0259ni medias\u0131 v\u0259 siyasil\u0259ri art\u0131q bir m\u00fcdd\u0259tdir ki, Dehli-Tehran-\u0130r\u0259van m\u00fcnasib\u0259tl\u0259rini tirajlay\u0131r, iki \u00f6lk\u0259ni ba\u011flayan tell\u0259rd\u0259n d\u0259m vurur. \u0130ranla ba\u011fl\u0131 m\u0259s\u0259l\u0259 ayd\u0131nd\u0131r &#8211; fars-erm\u0259ni \u0259m\u0259kda\u015fl\u0131\u011f\u0131 ill\u0259rdir davam edir, Tehran Erm\u0259nistan \u00fc\u00e7\u00fcn 30 il \u201cn\u0259f\u0259slik\u201d rolunu oynay\u0131b v\u0259 proses davam edir. Hindistana g\u0259ldikd\u0259 is\u0259 \u0259n optimist ekspert v\u0259 m\u00fc\u015fahid\u0259\u00e7il\u0259r bel\u0259, onun perspektivsizliyini qabard\u0131rlar. Erm\u0259ni t\u0259r\u0259fi is\u0259 h\u0259r v\u0259chl\u0259 bel\u0259&hellip;<\/p>\n","protected":false},"author":2,"featured_media":625986,"comment_status":"closed","ping_status":"closed","sticky":false,"template":"","format":"standard","meta":{"om_disable_all_campaigns":false,"_monsterinsights_skip_tracking":false,"_monsterinsights_sitenote_active":false,"_monsterinsights_sitenote_note":"","_monsterinsights_sitenote_category":0},"categories":[4],"tags":[],"aioseo_notices":[],"gutentor_comment":0,"rttpg_featured_image_url":{"full":["https:\/\/arantv.az\/wp-content\/uploads\/2023\/08\/dad84470-08be-35ce-b7b0-87a0bfe0b35a_850.jpg",620,413,false],"landscape":["https:\/\/arantv.az\/wp-content\/uploads\/2023\/08\/dad84470-08be-35ce-b7b0-87a0bfe0b35a_850.jpg",620,413,false],"portraits":["https:\/\/arantv.az\/wp-content\/uploads\/2023\/08\/dad84470-08be-35ce-b7b0-87a0bfe0b35a_850.jpg",620,413,false],"thumbnail":["https:\/\/arantv.az\/wp-content\/uploads\/2023\/08\/dad84470-08be-35ce-b7b0-87a0bfe0b35a_850-500x280.jpg",500,280,true],"medium":["https:\/\/arantv.az\/wp-content\/uploads\/2023\/08\/dad84470-08be-35ce-b7b0-87a0bfe0b35a_850-548x365.jpg",548,365,true],"large":["https:\/\/arantv.az\/wp-content\/uploads\/2023\/08\/dad84470-08be-35ce-b7b0-87a0bfe0b35a_850.jpg",620,413,false],"1536x1536":["https:\/\/arantv.az\/wp-content\/uploads\/2023\/08\/dad84470-08be-35ce-b7b0-87a0bfe0b35a_850.jpg",620,413,false],"2048x2048":["https:\/\/arantv.az\/wp-content\/uploads\/2023\/08\/dad84470-08be-35ce-b7b0-87a0bfe0b35a_850.jpg",620,413,false],"post-thumbnail":["https:\/\/arantv.az\/wp-content\/uploads\/2023\/08\/dad84470-08be-35ce-b7b0-87a0bfe0b35a_850-240x172.jpg",240,172,true],"advps-thumb-one":["https:\/\/arantv.az\/wp-content\/uploads\/2023\/08\/dad84470-08be-35ce-b7b0-87a0bfe0b35a_850.jpg",620,413,false]},"rttpg_author":{"display_name":"V\u00fcsal Rafiqo\u011flu","author_link":"https:\/\/arantv.az\/?author=2"},"rttpg_comment":0,"rttpg_category":"<a href=\"https:\/\/arantv.az\/?cat=4\" rel=\"category\">Siyas\u0259t<\/a>","rttpg_excerpt":"Erm\u0259nistan b\u00fct\u00fcn sah\u0259l\u0259rd\u0259 u\u011fursuzluqlarla \u00fczl\u0259\u015fib &#8211; xaotik, nizams\u0131z add\u0131mlar at\u0131r, n\u0259 yax\u0131n, n\u0259 d\u0259 uzaq perspektiv \u00fc\u00e7\u00fcn hesablanan populist gedi\u015fl\u0259rl\u0259 g\u00fcnd\u0259md\u0259 olma\u011fa \u00e7al\u0131\u015f\u0131r. Bu d\u0259f\u0259 d\u0259 \u00f6z\u00fcn\u0259 yeni \u201cyiy\u0259\u201d v\u0259 m\u00fctt\u0259fiq axtar\u0131\u015f\u0131na \u00e7\u0131x\u0131b. Erm\u0259ni medias\u0131 v\u0259 siyasil\u0259ri art\u0131q bir m\u00fcdd\u0259tdir ki, Dehli-Tehran-\u0130r\u0259van m\u00fcnasib\u0259tl\u0259rini tirajlay\u0131r, iki \u00f6lk\u0259ni ba\u011flayan tell\u0259rd\u0259n d\u0259m vurur. \u0130ranla ba\u011fl\u0131 m\u0259s\u0259l\u0259 ayd\u0131nd\u0131r &#8211;&hellip;","_links":{"self":[{"href":"https:\/\/arantv.az\/index.php?rest_route=\/wp\/v2\/posts\/625982"}],"collection":[{"href":"https:\/\/arantv.az\/index.php?rest_route=\/wp\/v2\/posts"}],"about":[{"href":"https:\/\/arantv.az\/index.php?rest_route=\/wp\/v2\/types\/post"}],"author":[{"embeddable":true,"href":"https:\/\/arantv.az\/index.php?rest_route=\/wp\/v2\/users\/2"}],"replies":[{"embeddable":true,"href":"https:\/\/arantv.az\/index.php?rest_route=%2Fwp%2Fv2%2Fcomments&post=625982"}],"version-history":[{"count":0,"href":"https:\/\/arantv.az\/index.php?rest_route=\/wp\/v2\/posts\/625982\/revisions"}],"wp:featuredmedia":[{"embeddable":true,"href":"https:\/\/arantv.az\/index.php?rest_route=\/wp\/v2\/media\/625986"}],"wp:attachment":[{"href":"https:\/\/arantv.az\/index.php?rest_route=%2Fwp%2Fv2%2Fmedia&parent=625982"}],"wp:term":[{"taxonomy":"category","embeddable":true,"href":"https:\/\/arantv.az\/index.php?rest_route=%2Fwp%2Fv2%2Fcategories&post=625982"},{"taxonomy":"post_tag","embeddable":true,"href":"https:\/\/arantv.az\/index.php?rest_route=%2Fwp%2Fv2%2Ftags&post=625982"}],"curies":[{"name":"wp","href":"https:\/\/api.w.org\/{rel}","templated":true}]}}