{"id":625994,"date":"2023-08-29T21:08:08","date_gmt":"2023-08-29T17:08:08","guid":{"rendered":"https:\/\/arantv.az\/?p=625994"},"modified":"2023-08-29T21:08:08","modified_gmt":"2023-08-29T17:08:08","slug":"30-ild%c9%99n-sonra-dogma-yurda-qayidan-98-yasli-sakin-lacin-m%c9%99ni-cox-goz%c9%99l-qarsiladi","status":"publish","type":"post","link":"https:\/\/arantv.az\/?p=625994","title":{"rendered":"30 ild\u0259n sonra do\u011fma yurda qay\u0131dan 98 ya\u015fl\u0131 sakin: &#8220;La\u00e7\u0131n m\u0259ni \u00e7ox g\u00f6z\u0259l qar\u015f\u0131lad\u0131&#8221;"},"content":{"rendered":"<div class=\"text-content\" data-id=\"\" data-url=\"\">\n<p><strong>&#8220;La\u00e7\u0131n\u0131n ad\u0131 \u00e7\u0259kil\u0259nd\u0259 \u00fcr\u0259yim titr\u0259yir. La\u00e7\u0131n m\u0259ni \u00e7ox g\u00f6z\u0259l qar\u015f\u0131lad\u0131&#8221;.<\/strong><\/p>\n<p><strong>ARANTV.AZ <\/strong>\u00a0x\u0259b\u0259r verir ki, bunu La\u00e7\u0131n \u015f\u0259h\u0259rinin 98 ya\u015fl\u0131 sakini, 30 illik ayr\u0131l\u0131qdan sonra do\u011fma yurda qay\u0131dan N\u0259rgiz X\u0259lil q\u0131z\u0131 \u018fs\u0259dova Qa\u00e7q\u0131nlar\u0131n v\u0259 M\u0259cburi K\u00f6\u00e7k\u00fcnl\u0259rin \u0130\u015fl\u0259ri \u00fczr\u0259 D\u00f6vl\u0259t Komit\u0259sinin haz\u0131rlad\u0131\u011f\u0131 video\u00e7arxda deyib.<\/p>\n<p>&#8220;98 ya\u015f\u0131m var. M\u00fc\u0259llim i\u015fl\u0259mi\u015f\u0259m. La\u00e7\u0131nda olan m\u00fchit he\u00e7 yerd\u0259 yoxdur. H\u0259r \u015fey var La\u00e7\u0131nda, ba\u011f\u0131 var, bostan\u0131 var. Burada bizim h\u0259r bir ehtiyac\u0131m\u0131z qar\u015f\u0131lan\u0131r&#8221;, &#8211; La\u00e7\u0131n sakini qeyd edib.<\/p>\n<p>Art\u0131q bir aydan \u00e7oxdur ki, o, \u015f\u0259h\u0259rd\u0259ki b\u0259rpa olunmu\u015f evind\u0259 ya\u015fay\u0131r. La\u00e7\u0131n\u0131 daha da abad g\u00f6rm\u0259sind\u0259n b\u00f6y\u00fck sevinc v\u0259 q\u00fcrur hissi ke\u00e7irir. Buradak\u0131 yeni h\u0259yat\u0131ndan, onlar \u00fc\u00e7\u00fcn yarad\u0131lm\u0131\u015f \u015f\u0259raitd\u0259n raz\u0131l\u0131q ed\u0259n N\u0259rgiz n\u0259n\u0259 Prezident \u0130lham \u018fliyev\u0259 minn\u0259tdarl\u0131\u011f\u0131n\u0131 bildirib.<\/p>\n<p><iframe src=\"https:\/\/www.youtube.com\/embed\/5BNGaLZCkew\" allowfullscreen=\"allowfullscreen\" data-mce-fragment=\"1\"><\/iframe><\/p>\n<\/div>\n<div><\/div>\n<div>\n<div class=\"banner banner-6cdd60ea0045eb7a6ec44c54d29ed402\" data-banner=\"MTg0\">\n<div><\/div>\n<\/div>\n<\/div>\n<div class=\"inner-social-box\">\n<div class=\"subs-in-social subs-instagram\"><\/div>\n<\/div>\n","protected":false},"excerpt":{"rendered":"<p>&#8220;La\u00e7\u0131n\u0131n ad\u0131 \u00e7\u0259kil\u0259nd\u0259 \u00fcr\u0259yim titr\u0259yir. La\u00e7\u0131n m\u0259ni \u00e7ox g\u00f6z\u0259l qar\u015f\u0131lad\u0131&#8221;. ARANTV.AZ \u00a0x\u0259b\u0259r verir ki, bunu La\u00e7\u0131n \u015f\u0259h\u0259rinin 98 ya\u015fl\u0131 sakini, 30 illik ayr\u0131l\u0131qdan sonra do\u011fma yurda qay\u0131dan N\u0259rgiz X\u0259lil q\u0131z\u0131 \u018fs\u0259dova Qa\u00e7q\u0131nlar\u0131n v\u0259 M\u0259cburi K\u00f6\u00e7k\u00fcnl\u0259rin \u0130\u015fl\u0259ri \u00fczr\u0259 D\u00f6vl\u0259t Komit\u0259sinin haz\u0131rlad\u0131\u011f\u0131 video\u00e7arxda deyib. &#8220;98 ya\u015f\u0131m var. M\u00fc\u0259llim i\u015fl\u0259mi\u015f\u0259m. La\u00e7\u0131nda olan m\u00fchit he\u00e7 yerd\u0259 yoxdur. H\u0259r \u015fey var La\u00e7\u0131nda, ba\u011f\u0131 var, bostan\u0131 var. Burada bizim h\u0259r bir ehtiyac\u0131m\u0131z qar\u015f\u0131lan\u0131r&#8221;, &#8211; La\u00e7\u0131n sakini qeyd edib. Art\u0131q bir aydan \u00e7oxdur ki, o, \u015f\u0259h\u0259rd\u0259ki b\u0259rpa olunmu\u015f evind\u0259 ya\u015fay\u0131r. La\u00e7\u0131n\u0131 daha da abad g\u00f6rm\u0259sind\u0259n b\u00f6y\u00fck sevinc&hellip;<\/p>\n","protected":false},"author":2,"featured_media":625996,"comment_status":"closed","ping_status":"closed","sticky":false,"template":"","format":"standard","meta":{"om_disable_all_campaigns":false,"_monsterinsights_skip_tracking":false,"_monsterinsights_sitenote_active":false,"_monsterinsights_sitenote_note":"","_monsterinsights_sitenote_category":0},"categories":[1],"tags":[],"aioseo_notices":[],"gutentor_comment":0,"rttpg_featured_image_url":{"full":["https:\/\/arantv.az\/wp-content\/uploads\/2023\/08\/86790395cf9516245f988f3ec37d0db1.jpg",850,500,false],"landscape":["https:\/\/arantv.az\/wp-content\/uploads\/2023\/08\/86790395cf9516245f988f3ec37d0db1.jpg",850,500,false],"portraits":["https:\/\/arantv.az\/wp-content\/uploads\/2023\/08\/86790395cf9516245f988f3ec37d0db1.jpg",850,500,false],"thumbnail":["https:\/\/arantv.az\/wp-content\/uploads\/2023\/08\/86790395cf9516245f988f3ec37d0db1-500x280.jpg",500,280,true],"medium":["https:\/\/arantv.az\/wp-content\/uploads\/2023\/08\/86790395cf9516245f988f3ec37d0db1-621x365.jpg",621,365,true],"large":["https:\/\/arantv.az\/wp-content\/uploads\/2023\/08\/86790395cf9516245f988f3ec37d0db1-840x494.jpg",640,376,true],"1536x1536":["https:\/\/arantv.az\/wp-content\/uploads\/2023\/08\/86790395cf9516245f988f3ec37d0db1.jpg",850,500,false],"2048x2048":["https:\/\/arantv.az\/wp-content\/uploads\/2023\/08\/86790395cf9516245f988f3ec37d0db1.jpg",850,500,false],"post-thumbnail":["https:\/\/arantv.az\/wp-content\/uploads\/2023\/08\/86790395cf9516245f988f3ec37d0db1-240x172.jpg",240,172,true],"advps-thumb-one":["https:\/\/arantv.az\/wp-content\/uploads\/2023\/08\/86790395cf9516245f988f3ec37d0db1.jpg",850,500,false]},"rttpg_author":{"display_name":"V\u00fcsal Rafiqo\u011flu","author_link":"https:\/\/arantv.az\/?author=2"},"rttpg_comment":0,"rttpg_category":"<a href=\"https:\/\/arantv.az\/?cat=1\" rel=\"category\">C\u0259miyy\u0259t<\/a>","rttpg_excerpt":"&#8220;La\u00e7\u0131n\u0131n ad\u0131 \u00e7\u0259kil\u0259nd\u0259 \u00fcr\u0259yim titr\u0259yir. La\u00e7\u0131n m\u0259ni \u00e7ox g\u00f6z\u0259l qar\u015f\u0131lad\u0131&#8221;. ARANTV.AZ \u00a0x\u0259b\u0259r verir ki, bunu La\u00e7\u0131n \u015f\u0259h\u0259rinin 98 ya\u015fl\u0131 sakini, 30 illik ayr\u0131l\u0131qdan sonra do\u011fma yurda qay\u0131dan N\u0259rgiz X\u0259lil q\u0131z\u0131 \u018fs\u0259dova Qa\u00e7q\u0131nlar\u0131n v\u0259 M\u0259cburi K\u00f6\u00e7k\u00fcnl\u0259rin \u0130\u015fl\u0259ri \u00fczr\u0259 D\u00f6vl\u0259t Komit\u0259sinin haz\u0131rlad\u0131\u011f\u0131 video\u00e7arxda deyib. &#8220;98 ya\u015f\u0131m var. M\u00fc\u0259llim i\u015fl\u0259mi\u015f\u0259m. La\u00e7\u0131nda olan m\u00fchit he\u00e7 yerd\u0259 yoxdur. H\u0259r \u015fey&hellip;","_links":{"self":[{"href":"https:\/\/arantv.az\/index.php?rest_route=\/wp\/v2\/posts\/625994"}],"collection":[{"href":"https:\/\/arantv.az\/index.php?rest_route=\/wp\/v2\/posts"}],"about":[{"href":"https:\/\/arantv.az\/index.php?rest_route=\/wp\/v2\/types\/post"}],"author":[{"embeddable":true,"href":"https:\/\/arantv.az\/index.php?rest_route=\/wp\/v2\/users\/2"}],"replies":[{"embeddable":true,"href":"https:\/\/arantv.az\/index.php?rest_route=%2Fwp%2Fv2%2Fcomments&post=625994"}],"version-history":[{"count":0,"href":"https:\/\/arantv.az\/index.php?rest_route=\/wp\/v2\/posts\/625994\/revisions"}],"wp:featuredmedia":[{"embeddable":true,"href":"https:\/\/arantv.az\/index.php?rest_route=\/wp\/v2\/media\/625996"}],"wp:attachment":[{"href":"https:\/\/arantv.az\/index.php?rest_route=%2Fwp%2Fv2%2Fmedia&parent=625994"}],"wp:term":[{"taxonomy":"category","embeddable":true,"href":"https:\/\/arantv.az\/index.php?rest_route=%2Fwp%2Fv2%2Fcategories&post=625994"},{"taxonomy":"post_tag","embeddable":true,"href":"https:\/\/arantv.az\/index.php?rest_route=%2Fwp%2Fv2%2Ftags&post=625994"}],"curies":[{"name":"wp","href":"https:\/\/api.w.org\/{rel}","templated":true}]}}