{"id":625995,"date":"2023-08-29T21:09:02","date_gmt":"2023-08-29T17:09:02","guid":{"rendered":"https:\/\/arantv.az\/?p=625995"},"modified":"2023-08-29T21:09:02","modified_gmt":"2023-08-29T17:09:02","slug":"g%c9%99l%c9%99c%c9%99yin-t%c9%99minati-sayilan-g%c9%99ncliyimiz","status":"publish","type":"post","link":"https:\/\/arantv.az\/?p=625995","title":{"rendered":"G\u0259l\u0259c\u0259yin t\u0259minat\u0131 say\u0131lan g\u0259ncliyimiz"},"content":{"rendered":"<p>Ulu \u00d6nd\u0259r Heyd\u0259r \u018fliyevin apard\u0131\u011f\u0131 siyasi kursun \u0259sas t\u0259m\u0259ll\u0259rind\u0259n biri d\u0259 g\u0259ncl\u0259r siyas\u0259ti olmu\u015fdur. G\u0259nc n\u0259slin d\u00fczg\u00fcn yeti\u015fm\u0259si d\u00f6vl\u0259tin g\u0259l\u0259c\u0259yinin t\u0259minat\u0131d\u0131r. Bu c\u0259h\u0259t \u0259sas g\u00f6t\u00fcr\u00fcl\u0259r\u0259k 1996-c\u0131 il fevral ay\u0131n\u0131n 2-d\u0259 Az\u0259rbaycan G\u0259ncl\u0259rinin Birinci Forumu ke\u00e7irildi v\u0259 1997-ci ild\u0259n is\u0259 Ulu \u00d6nd\u0259r Heyd\u0259r \u018fliyevin s\u0259r\u0259ncam\u0131 il\u0259 2 fevral Az\u0259rbaycanda G\u0259ncl\u0259r G\u00fcn\u00fc kimi qeyd olundu.<\/p>\n<p>Az\u0259rbaycan xalq\u0131n\u0131n \u00dcmummilli Lideri \u00f6lk\u0259mizin m\u00fcst\u0259qilliyinin qorunmas\u0131 v\u0259 m\u00f6hk\u0259ml\u0259nm\u0259sind\u0259 g\u0259ncl\u0259rin rolunu m\u00fch\u00fcm say\u0131rd\u0131. Bu m\u00fcnasib\u0259tl\u0259 o, g\u0259ncl\u0259rl\u0259 ba\u011fl\u0131 \u00e7\u0131x\u0131\u015f\u0131nda bildirmi\u015fdir: \u201cH\u0259r bir Az\u0259rbaycan g\u0259nci \u00f6z h\u0259yat yolunu m\u00fcst\u0259qil Az\u0259rbaycan Respublikas\u0131n\u0131n g\u0259l\u0259c\u0259k yolu kimi q\u0259bul etm\u0259lidir v\u0259 \u00f6z h\u0259yat\u0131n\u0131 qurark\u0259n, \u00f6z\u00fcn\u00fc h\u0259yatda f\u0259aliyy\u0259t\u0259 haz\u0131rlayark\u0259n v\u0259 f\u0259aliyy\u0259t\u0259 ba\u015flay\u0131b onu davam etdir\u0259rk\u0259n \u00f6z\u00fc haqq\u0131nda da d\u00fc\u015f\u00fcnm\u0259lidir, ail\u0259si haqq\u0131nda da d\u00fc\u015f\u00fcnm\u0259lidir, ancaq h\u0259r \u015feyd\u0259n \u00e7ox, h\u0259r \u015feyd\u0259n art\u0131q m\u00fcst\u0259qil Az\u0259rbaycan\u0131n bu g\u00fcn\u00fc, g\u0259l\u0259c\u0259yi haqq\u0131nda d\u00fc\u015f\u00fcnm\u0259lidir\u201d. Ulu \u00d6nd\u0259rin bu s\u00f6zl\u0259ri m\u00fcst\u0259qil Az\u0259rbaycan g\u0259ncl\u0259rin\u0259 bir \u00e7a\u011f\u0131r\u0131\u015f idi. M\u00fcst\u0259qilliyimizin bizl\u0259r \u00fc\u00e7\u00fcn n\u0259 q\u0259d\u0259r vacib oldu\u011funu v\u0259 g\u0259ncliyin ona d\u0259y\u0259r verm\u0259sini a\u015f\u0131lay\u0131rd\u0131.<\/p>\n<p>Ulu \u00d6nd\u0259r Heyd\u0259r \u018fliyevin x\u00fcsusi diqq\u0259t yetirdiyi v\u0259 d\u00f6vl\u0259timizin m\u00fcst\u0259qilliyinin qorunmas\u0131nda vacib istiqam\u0259tl\u0259rd\u0259n biri say\u0131lan sah\u0259l\u0259rd\u0259n biri pe\u015f\u0259kar ordu quruculu\u011fudur. Az\u0259rbaycan xalq\u0131n\u0131n \u00dcmummilli Lideri ordunun inki\u015faf\u0131n\u0131 v\u0259 m\u00fcasirl\u0259\u015fm\u0259sini \u0259sas tuturdu. \u00c7\u00fcnki Qaraba\u011fda m\u0259\u011flubiyy\u0259timizin s\u0259b\u0259bl\u0131\u0259rind\u0131\u0259n biri d\u0259 sistemli ordunun t\u0259\u015fkil olunmamas\u0131 idi. Ulu \u00d6nd\u0259r Heyd\u0259r \u018fliyev \u00e7\u0131x\u0131\u015flar\u0131nda g\u0259ncl\u0259rin v\u0259t\u0259np\u0259rv\u0259rlik ruhunda yeti\u015fm\u0259si, orduya c\u0259lb edilm\u0259si m\u0259s\u0259l\u0259sin\u0259 d\u0259 toxunurdu. \u00c7\u0131x\u0131\u015flar\u0131n\u0131n birind\u0259 bildirmi\u015fdir: \u201cH\u0259r bir g\u0259nc v\u0259t\u0259np\u0259rv\u0259r olmal\u0131d\u0131r. V\u0259t\u0259np\u0259rv\u0259rlik b\u00f6y\u00fck bir m\u0259fhumdur. Bu, sad\u0259c\u0259 orduda xidm\u0259t etm\u0259k deyil, V\u0259t\u0259n\u0259 sadiq olmaq, V\u0259t\u0259ni sevm\u0259k, torpa\u011fa ba\u011fl\u0131 olmaq &#8211; budur v\u0259t\u0259np\u0259rv\u0259rlik\u201d.<\/p>\n<p>Bizl\u0259r 44 g\u00fcnl\u00fck V\u0259t\u0259n m\u00fcharib\u0259sind\u0259 30 il \u0259rzind\u0259 v\u0259t\u0259nini, torpa\u011f\u0131n\u0131 d\u00fc\u015fm\u0259n tapda\u011f\u0131ndan azad etm\u0259k \u00fc\u00e7\u00fcn can\u0131ndan ke\u00e7m\u0259y\u0259 haz\u0131r olan v\u0259t\u0259np\u0259rv\u0259r g\u0259ncliyin yeti\u015fdiyinin \u015fahidi olduq. G\u0259ncliyimiz q\u00fcrurumuz v\u0259 g\u0259l\u0259c\u0259yimizin t\u0259minat\u0131d\u0131r. Az\u0259rbaycan xalq\u0131n\u0131n \u00dcmummilli Lideri Heyd\u0259r \u018fliyevin ba\u015flad\u0131\u011f\u0131 v\u0259 Az\u0259rbaycan Respublikas\u0131n\u0131n Prezidenti c\u0259nab \u0130lham \u018fliyevin u\u011furla davam etdirdiyi g\u0259ncl\u0259r siyas\u0259tinin d\u00fczg\u00fcn \u015f\u0259kild\u0259 apar\u0131lmas\u0131n\u0131 bizl\u0259r 44 g\u00fcnl\u00fck V\u0259t\u0259n m\u00fcharib\u0259sind\u0259 \u015fahid olduq.<\/p>\n<p><strong>Bahar M\u0259mm\u0259dova,<\/strong><br \/>\n<em>Yeni Az\u0259rbaycan Partiyas\u0131 X\u0259tai rayon t\u0259\u015fkilat\u0131n\u0131n &#8220;General \u015e\u0131xlinski 56\/2&#8221; \u00fcnvan\u0131 \u00fczr\u0259 \u0259razi partiya t\u0259\u015fkilat\u0131n\u0131n s\u0259dri<\/em><\/p>\n","protected":false},"excerpt":{"rendered":"<p>Ulu \u00d6nd\u0259r Heyd\u0259r \u018fliyevin apard\u0131\u011f\u0131 siyasi kursun \u0259sas t\u0259m\u0259ll\u0259rind\u0259n biri d\u0259 g\u0259ncl\u0259r siyas\u0259ti olmu\u015fdur. G\u0259nc n\u0259slin d\u00fczg\u00fcn yeti\u015fm\u0259si d\u00f6vl\u0259tin g\u0259l\u0259c\u0259yinin t\u0259minat\u0131d\u0131r. Bu c\u0259h\u0259t \u0259sas g\u00f6t\u00fcr\u00fcl\u0259r\u0259k 1996-c\u0131 il fevral ay\u0131n\u0131n 2-d\u0259 Az\u0259rbaycan G\u0259ncl\u0259rinin Birinci Forumu ke\u00e7irildi v\u0259 1997-ci ild\u0259n is\u0259 Ulu \u00d6nd\u0259r Heyd\u0259r \u018fliyevin s\u0259r\u0259ncam\u0131 il\u0259 2 fevral Az\u0259rbaycanda G\u0259ncl\u0259r G\u00fcn\u00fc kimi qeyd olundu. Az\u0259rbaycan xalq\u0131n\u0131n \u00dcmummilli Lideri \u00f6lk\u0259mizin m\u00fcst\u0259qilliyinin qorunmas\u0131 v\u0259 m\u00f6hk\u0259ml\u0259nm\u0259sind\u0259 g\u0259ncl\u0259rin rolunu m\u00fch\u00fcm say\u0131rd\u0131. Bu m\u00fcnasib\u0259tl\u0259 o, g\u0259ncl\u0259rl\u0259 ba\u011fl\u0131 \u00e7\u0131x\u0131\u015f\u0131nda bildirmi\u015fdir: \u201cH\u0259r bir Az\u0259rbaycan g\u0259nci \u00f6z h\u0259yat yolunu m\u00fcst\u0259qil Az\u0259rbaycan Respublikas\u0131n\u0131n g\u0259l\u0259c\u0259k yolu kimi q\u0259bul etm\u0259lidir v\u0259 \u00f6z&hellip;<\/p>\n","protected":false},"author":2,"featured_media":625999,"comment_status":"closed","ping_status":"closed","sticky":false,"template":"","format":"standard","meta":{"om_disable_all_campaigns":false,"_monsterinsights_skip_tracking":false,"_monsterinsights_sitenote_active":false,"_monsterinsights_sitenote_note":"","_monsterinsights_sitenote_category":0},"categories":[19],"tags":[],"aioseo_notices":[],"gutentor_comment":0,"rttpg_featured_image_url":{"full":["https:\/\/arantv.az\/wp-content\/uploads\/2023\/08\/3eb2f1a0167544430192771991510614004.png",975,540,false],"landscape":["https:\/\/arantv.az\/wp-content\/uploads\/2023\/08\/3eb2f1a0167544430192771991510614004.png",975,540,false],"portraits":["https:\/\/arantv.az\/wp-content\/uploads\/2023\/08\/3eb2f1a0167544430192771991510614004.png",975,540,false],"thumbnail":["https:\/\/arantv.az\/wp-content\/uploads\/2023\/08\/3eb2f1a0167544430192771991510614004-500x280.png",500,280,true],"medium":["https:\/\/arantv.az\/wp-content\/uploads\/2023\/08\/3eb2f1a0167544430192771991510614004-660x365.png",660,365,true],"large":["https:\/\/arantv.az\/wp-content\/uploads\/2023\/08\/3eb2f1a0167544430192771991510614004-840x465.png",640,354,true],"1536x1536":["https:\/\/arantv.az\/wp-content\/uploads\/2023\/08\/3eb2f1a0167544430192771991510614004.png",975,540,false],"2048x2048":["https:\/\/arantv.az\/wp-content\/uploads\/2023\/08\/3eb2f1a0167544430192771991510614004.png",975,540,false],"post-thumbnail":["https:\/\/arantv.az\/wp-content\/uploads\/2023\/08\/3eb2f1a0167544430192771991510614004-240x172.png",240,172,true],"advps-thumb-one":["https:\/\/arantv.az\/wp-content\/uploads\/2023\/08\/3eb2f1a0167544430192771991510614004.png",975,540,false]},"rttpg_author":{"display_name":"V\u00fcsal Rafiqo\u011flu","author_link":"https:\/\/arantv.az\/?author=2"},"rttpg_comment":0,"rttpg_category":"<a href=\"https:\/\/arantv.az\/?cat=19\" rel=\"category\">G\u00fcnd\u0259m<\/a>","rttpg_excerpt":"Ulu \u00d6nd\u0259r Heyd\u0259r \u018fliyevin apard\u0131\u011f\u0131 siyasi kursun \u0259sas t\u0259m\u0259ll\u0259rind\u0259n biri d\u0259 g\u0259ncl\u0259r siyas\u0259ti olmu\u015fdur. G\u0259nc n\u0259slin d\u00fczg\u00fcn yeti\u015fm\u0259si d\u00f6vl\u0259tin g\u0259l\u0259c\u0259yinin t\u0259minat\u0131d\u0131r. Bu c\u0259h\u0259t \u0259sas g\u00f6t\u00fcr\u00fcl\u0259r\u0259k 1996-c\u0131 il fevral ay\u0131n\u0131n 2-d\u0259 Az\u0259rbaycan G\u0259ncl\u0259rinin Birinci Forumu ke\u00e7irildi v\u0259 1997-ci ild\u0259n is\u0259 Ulu \u00d6nd\u0259r Heyd\u0259r \u018fliyevin s\u0259r\u0259ncam\u0131 il\u0259 2 fevral Az\u0259rbaycanda G\u0259ncl\u0259r G\u00fcn\u00fc kimi qeyd olundu. Az\u0259rbaycan xalq\u0131n\u0131n&hellip;","_links":{"self":[{"href":"https:\/\/arantv.az\/index.php?rest_route=\/wp\/v2\/posts\/625995"}],"collection":[{"href":"https:\/\/arantv.az\/index.php?rest_route=\/wp\/v2\/posts"}],"about":[{"href":"https:\/\/arantv.az\/index.php?rest_route=\/wp\/v2\/types\/post"}],"author":[{"embeddable":true,"href":"https:\/\/arantv.az\/index.php?rest_route=\/wp\/v2\/users\/2"}],"replies":[{"embeddable":true,"href":"https:\/\/arantv.az\/index.php?rest_route=%2Fwp%2Fv2%2Fcomments&post=625995"}],"version-history":[{"count":0,"href":"https:\/\/arantv.az\/index.php?rest_route=\/wp\/v2\/posts\/625995\/revisions"}],"wp:featuredmedia":[{"embeddable":true,"href":"https:\/\/arantv.az\/index.php?rest_route=\/wp\/v2\/media\/625999"}],"wp:attachment":[{"href":"https:\/\/arantv.az\/index.php?rest_route=%2Fwp%2Fv2%2Fmedia&parent=625995"}],"wp:term":[{"taxonomy":"category","embeddable":true,"href":"https:\/\/arantv.az\/index.php?rest_route=%2Fwp%2Fv2%2Fcategories&post=625995"},{"taxonomy":"post_tag","embeddable":true,"href":"https:\/\/arantv.az\/index.php?rest_route=%2Fwp%2Fv2%2Ftags&post=625995"}],"curies":[{"name":"wp","href":"https:\/\/api.w.org\/{rel}","templated":true}]}}