{"id":626003,"date":"2023-08-29T21:10:11","date_gmt":"2023-08-29T17:10:11","guid":{"rendered":"https:\/\/arantv.az\/?p=626003"},"modified":"2023-08-29T21:10:11","modified_gmt":"2023-08-29T17:10:11","slug":"sabah-bir-nec%c9%99-rayonun-qaz-t%c9%99chizatinda-fasil%c9%99-yaranacaq","status":"publish","type":"post","link":"https:\/\/arantv.az\/?p=626003","title":{"rendered":"Sabah bir ne\u00e7\u0259 rayonun qaz t\u0259chizat\u0131nda fasil\u0259 yaranacaq"},"content":{"rendered":"<p>Sabah\u00a0bir ne\u00e7\u0259 rayonun qaz t\u0259chizat\u0131nda m\u00fcv\u0259qq\u0259ti fasil\u0259 yaranacaq.<\/p>\n<p>&#8220;Report&#8221;\u00a0x\u0259b\u0259r verir ki, avqustun 30-da saat 08:00-dan \u201cK\u00fcrd\u0259mir\u201d \u00f6l\u00e7\u00fc qov\u015fa\u011f\u0131ndan qidalanan qaz k\u0259m\u0259rinin v\u0259 saat 10:00-dan \u201cT\u00fcrkan-1\u201d QPS-d\u0259n T\u00fcrkan q\u0259s\u0259b\u0259sin\u0259 ged\u0259n orta t\u0259zyiqli qaz k\u0259m\u0259rinin kipliy\u0259 s\u0131naq olunmas\u0131, saat 10:00-dan Yasamal rayonu \u00dc.\u018fkb\u0259rov v\u0259 D.B\u00fcnyadzad\u0259 k\u00fc\u00e7\u0259l\u0259rinin k\u0259si\u015fm\u0259sind\u0259 istismar\u0131 dayand\u0131r\u0131lm\u0131\u015f qaz x\u0259ttinin \u015f\u0259b\u0259k\u0259d\u0259n ayr\u0131lmas\u0131 v\u0259 yeni \u00e7\u0259kilmi\u015f qaz x\u0259ttinin \u015f\u0259b\u0259k\u0259y\u0259 qo\u015fulmas\u0131, h\u0259m\u00e7inin \u201cQaz \u0130xrac\u201d \u0130dar\u0259si t\u0259r\u0259find\u0259n saat 09:00-dan \u201cUcar\u201d QPS-in \u0259razisind\u0259 yeni siyirtm\u0259l\u0259rin v\u0259 saat 10:00-dan \u201cTovuz\u201d QPS-in qol qaz k\u0259m\u0259ri \u00fcz\u0259rind\u0259 200 mm-lik siyirtm\u0259nin qura\u015fd\u0131r\u0131lmas\u0131 il\u0259 \u0259laq\u0259dar qaz t\u0259chizat\u0131 dayand\u0131r\u0131lacaq.<\/p>\n<p>T\u0259mir i\u015fl\u0259ri apar\u0131lan m\u00fcdd\u0259td\u0259 X\u0259z\u0259r rayonunun T\u00fcrkan q\u0259s\u0259b\u0259sinin, Yasamal rayonunun \u00dc.\u018fkb\u0259rov v\u0259 D.B\u00fcnyadzad\u0259 k\u00fc\u00e7\u0259l\u0259rinin, Yeni Yasamal massivinin (tam olaraq) v\u0259 2-ci Alatava ya\u015fay\u0131\u015f massivinin (bir hiss\u0259sinin), K\u00fcrd\u0259mir rayonunun (bir hiss\u0259sinin), Ucar, A\u011fstafa v\u0259 Tovuz rayonlar\u0131n\u0131n (tam olaraq) qaz t\u0259chizat\u0131nda m\u00fcv\u0259qq\u0259ti fasil\u0259 yaranacaq.<\/p>\n","protected":false},"excerpt":{"rendered":"<p>Sabah\u00a0bir ne\u00e7\u0259 rayonun qaz t\u0259chizat\u0131nda m\u00fcv\u0259qq\u0259ti fasil\u0259 yaranacaq. &#8220;Report&#8221;\u00a0x\u0259b\u0259r verir ki, avqustun 30-da saat 08:00-dan \u201cK\u00fcrd\u0259mir\u201d \u00f6l\u00e7\u00fc qov\u015fa\u011f\u0131ndan qidalanan qaz k\u0259m\u0259rinin v\u0259 saat 10:00-dan \u201cT\u00fcrkan-1\u201d QPS-d\u0259n T\u00fcrkan q\u0259s\u0259b\u0259sin\u0259 ged\u0259n orta t\u0259zyiqli qaz k\u0259m\u0259rinin kipliy\u0259 s\u0131naq olunmas\u0131, saat 10:00-dan Yasamal rayonu \u00dc.\u018fkb\u0259rov v\u0259 D.B\u00fcnyadzad\u0259 k\u00fc\u00e7\u0259l\u0259rinin k\u0259si\u015fm\u0259sind\u0259 istismar\u0131 dayand\u0131r\u0131lm\u0131\u015f qaz x\u0259ttinin \u015f\u0259b\u0259k\u0259d\u0259n ayr\u0131lmas\u0131 v\u0259 yeni \u00e7\u0259kilmi\u015f qaz x\u0259ttinin \u015f\u0259b\u0259k\u0259y\u0259 qo\u015fulmas\u0131, h\u0259m\u00e7inin \u201cQaz \u0130xrac\u201d \u0130dar\u0259si t\u0259r\u0259find\u0259n saat 09:00-dan \u201cUcar\u201d QPS-in \u0259razisind\u0259 yeni siyirtm\u0259l\u0259rin v\u0259 saat 10:00-dan \u201cTovuz\u201d QPS-in qol qaz k\u0259m\u0259ri \u00fcz\u0259rind\u0259 200 mm-lik siyirtm\u0259nin qura\u015fd\u0131r\u0131lmas\u0131 il\u0259 \u0259laq\u0259dar qaz t\u0259chizat\u0131 dayand\u0131r\u0131lacaq. T\u0259mir i\u015fl\u0259ri&hellip;<\/p>\n","protected":false},"author":2,"featured_media":626006,"comment_status":"closed","ping_status":"closed","sticky":false,"template":"","format":"standard","meta":{"om_disable_all_campaigns":false,"_monsterinsights_skip_tracking":false,"_monsterinsights_sitenote_active":false,"_monsterinsights_sitenote_note":"","_monsterinsights_sitenote_category":0},"categories":[1],"tags":[],"aioseo_notices":[],"gutentor_comment":0,"rttpg_featured_image_url":{"full":["https:\/\/arantv.az\/wp-content\/uploads\/2023\/08\/20c9f570166123262487724913210944246-1.jpg",975,540,false],"landscape":["https:\/\/arantv.az\/wp-content\/uploads\/2023\/08\/20c9f570166123262487724913210944246-1.jpg",975,540,false],"portraits":["https:\/\/arantv.az\/wp-content\/uploads\/2023\/08\/20c9f570166123262487724913210944246-1.jpg",975,540,false],"thumbnail":["https:\/\/arantv.az\/wp-content\/uploads\/2023\/08\/20c9f570166123262487724913210944246-1-500x280.jpg",500,280,true],"medium":["https:\/\/arantv.az\/wp-content\/uploads\/2023\/08\/20c9f570166123262487724913210944246-1-660x365.jpg",660,365,true],"large":["https:\/\/arantv.az\/wp-content\/uploads\/2023\/08\/20c9f570166123262487724913210944246-1-840x465.jpg",640,354,true],"1536x1536":["https:\/\/arantv.az\/wp-content\/uploads\/2023\/08\/20c9f570166123262487724913210944246-1.jpg",975,540,false],"2048x2048":["https:\/\/arantv.az\/wp-content\/uploads\/2023\/08\/20c9f570166123262487724913210944246-1.jpg",975,540,false],"post-thumbnail":["https:\/\/arantv.az\/wp-content\/uploads\/2023\/08\/20c9f570166123262487724913210944246-1-240x172.jpg",240,172,true],"advps-thumb-one":["https:\/\/arantv.az\/wp-content\/uploads\/2023\/08\/20c9f570166123262487724913210944246-1.jpg",975,540,false]},"rttpg_author":{"display_name":"V\u00fcsal Rafiqo\u011flu","author_link":"https:\/\/arantv.az\/?author=2"},"rttpg_comment":0,"rttpg_category":"<a href=\"https:\/\/arantv.az\/?cat=1\" rel=\"category\">C\u0259miyy\u0259t<\/a>","rttpg_excerpt":"Sabah\u00a0bir ne\u00e7\u0259 rayonun qaz t\u0259chizat\u0131nda m\u00fcv\u0259qq\u0259ti fasil\u0259 yaranacaq. &#8220;Report&#8221;\u00a0x\u0259b\u0259r verir ki, avqustun 30-da saat 08:00-dan \u201cK\u00fcrd\u0259mir\u201d \u00f6l\u00e7\u00fc qov\u015fa\u011f\u0131ndan qidalanan qaz k\u0259m\u0259rinin v\u0259 saat 10:00-dan \u201cT\u00fcrkan-1\u201d QPS-d\u0259n T\u00fcrkan q\u0259s\u0259b\u0259sin\u0259 ged\u0259n orta t\u0259zyiqli qaz k\u0259m\u0259rinin kipliy\u0259 s\u0131naq olunmas\u0131, saat 10:00-dan Yasamal rayonu \u00dc.\u018fkb\u0259rov v\u0259 D.B\u00fcnyadzad\u0259 k\u00fc\u00e7\u0259l\u0259rinin k\u0259si\u015fm\u0259sind\u0259 istismar\u0131 dayand\u0131r\u0131lm\u0131\u015f qaz x\u0259ttinin \u015f\u0259b\u0259k\u0259d\u0259n ayr\u0131lmas\u0131 v\u0259 yeni \u00e7\u0259kilmi\u015f qaz&hellip;","_links":{"self":[{"href":"https:\/\/arantv.az\/index.php?rest_route=\/wp\/v2\/posts\/626003"}],"collection":[{"href":"https:\/\/arantv.az\/index.php?rest_route=\/wp\/v2\/posts"}],"about":[{"href":"https:\/\/arantv.az\/index.php?rest_route=\/wp\/v2\/types\/post"}],"author":[{"embeddable":true,"href":"https:\/\/arantv.az\/index.php?rest_route=\/wp\/v2\/users\/2"}],"replies":[{"embeddable":true,"href":"https:\/\/arantv.az\/index.php?rest_route=%2Fwp%2Fv2%2Fcomments&post=626003"}],"version-history":[{"count":0,"href":"https:\/\/arantv.az\/index.php?rest_route=\/wp\/v2\/posts\/626003\/revisions"}],"wp:featuredmedia":[{"embeddable":true,"href":"https:\/\/arantv.az\/index.php?rest_route=\/wp\/v2\/media\/626006"}],"wp:attachment":[{"href":"https:\/\/arantv.az\/index.php?rest_route=%2Fwp%2Fv2%2Fmedia&parent=626003"}],"wp:term":[{"taxonomy":"category","embeddable":true,"href":"https:\/\/arantv.az\/index.php?rest_route=%2Fwp%2Fv2%2Fcategories&post=626003"},{"taxonomy":"post_tag","embeddable":true,"href":"https:\/\/arantv.az\/index.php?rest_route=%2Fwp%2Fv2%2Ftags&post=626003"}],"curies":[{"name":"wp","href":"https:\/\/api.w.org\/{rel}","templated":true}]}}