{"id":626020,"date":"2023-08-29T21:57:55","date_gmt":"2023-08-29T17:57:55","guid":{"rendered":"https:\/\/arantv.az\/?p=626020"},"modified":"2023-08-29T21:57:55","modified_gmt":"2023-08-29T17:57:55","slug":"kohn%c9%99lmis-imperiyanin-suqutu-video","status":"publish","type":"post","link":"https:\/\/arantv.az\/?p=626020","title":{"rendered":"K\u00f6hn\u0259lmi\u015f imperiyan\u0131n s\u00fcqutu &#8211; V\u0130DEO"},"content":{"rendered":"<p>Bu h\u0259ft\u0259 Fransan\u0131n Niger liderl\u0259ri il\u0259 hesabla\u015fmaq c\u0259hdi utancverici m\u0259\u011flubiyy\u0259t\u0259 u\u011frad\u0131. Afrika \u00f6lk\u0259l\u0259ri qarda\u015f \u00f6lk\u0259y\u0259\u00a0imperiya ambisiyalar\u0131 namin\u0259 Fransan\u0131n h\u00fccumunda i\u015ftirak etm\u0259kd\u0259n uzaqla\u015f\u0131r. Paris irq\u00e7ilik v\u0259 m\u00fcst\u0259ml\u0259k\u0259\u00e7ilikd\u0259n \u0259l \u00e7\u0259km\u0259k ist\u0259m\u0259diyi \u00fc\u00e7\u00fcn \u201cAfrikan\u0131 itirir\u201d.<\/p>\n<p>Bu bar\u0259d\u0259 \u201cCaliber\u201din \u201cYouTube\u201d kanal\u0131nda yay\u0131mlanan videos\u00fcjetd\u0259 b\u0259hs olunur.<\/p>\n<p>\u201cFransa t\u0259kc\u0259 buna g\u00f6r\u0259 Afrikan\u0131 itirmir. Qeyri-avropal\u0131, xristian olmayan xalqlara qar\u015f\u0131 irq\u00e7ilik v\u0259 imperializm Fransan\u0131n bir \u00e7ox ba\u015fqa \u00f6lk\u0259l\u0259rl\u0259 v\u0259 \u00f6z \u0259halisinin bir hiss\u0259si il\u0259 m\u00fcnasib\u0259tl\u0259rind\u0259 m\u00fcnt\u0259z\u0259m olaraq probleml\u0259r yarad\u0131r. T\u0259\u0259cc\u00fcbl\u00fc deyil ki, \u0259r\u0259b medias\u0131 2024-c\u00fc il Olimpiya Oyunlar\u0131n\u0131n Parisd\u0259 ke\u00e7irilm\u0259sinin etikas\u0131n\u0131 \u015f\u00fcbh\u0259 alt\u0131na al\u0131blar\u201d, &#8211; materialda qeyd olunur.<\/p>\n<p>Daha \u0259trafl\u0131 videos\u00fcjetd\u0259:<\/p>\n<div><iframe loading=\"lazy\" title=\"YouTube video player\" src=\"https:\/\/www.youtube.com\/embed\/SO4Vrxl1xGQ?si=R7str9ZzLHW3a_2y\" width=\"560\" height=\"315\" frameborder=\"0\" allowfullscreen=\"allowfullscreen\" data-mce-fragment=\"1\"><\/iframe><\/div>\n<p>&nbsp;<\/p>\n","protected":false},"excerpt":{"rendered":"<p>Bu h\u0259ft\u0259 Fransan\u0131n Niger liderl\u0259ri il\u0259 hesabla\u015fmaq c\u0259hdi utancverici m\u0259\u011flubiyy\u0259t\u0259 u\u011frad\u0131. Afrika \u00f6lk\u0259l\u0259ri qarda\u015f \u00f6lk\u0259y\u0259\u00a0imperiya ambisiyalar\u0131 namin\u0259 Fransan\u0131n h\u00fccumunda i\u015ftirak etm\u0259kd\u0259n uzaqla\u015f\u0131r. Paris irq\u00e7ilik v\u0259 m\u00fcst\u0259ml\u0259k\u0259\u00e7ilikd\u0259n \u0259l \u00e7\u0259km\u0259k ist\u0259m\u0259diyi \u00fc\u00e7\u00fcn \u201cAfrikan\u0131 itirir\u201d. Bu bar\u0259d\u0259 \u201cCaliber\u201din \u201cYouTube\u201d kanal\u0131nda yay\u0131mlanan videos\u00fcjetd\u0259 b\u0259hs olunur. \u201cFransa t\u0259kc\u0259 buna g\u00f6r\u0259 Afrikan\u0131 itirmir. Qeyri-avropal\u0131, xristian olmayan xalqlara qar\u015f\u0131 irq\u00e7ilik v\u0259 imperializm Fransan\u0131n bir \u00e7ox ba\u015fqa \u00f6lk\u0259l\u0259rl\u0259 v\u0259 \u00f6z \u0259halisinin bir hiss\u0259si il\u0259 m\u00fcnasib\u0259tl\u0259rind\u0259 m\u00fcnt\u0259z\u0259m olaraq probleml\u0259r yarad\u0131r. T\u0259\u0259cc\u00fcbl\u00fc deyil ki, \u0259r\u0259b medias\u0131 2024-c\u00fc il Olimpiya Oyunlar\u0131n\u0131n Parisd\u0259 ke\u00e7irilm\u0259sinin etikas\u0131n\u0131 \u015f\u00fcbh\u0259 alt\u0131na al\u0131blar\u201d, &#8211; materialda qeyd olunur.&hellip;<\/p>\n","protected":false},"author":2,"featured_media":626025,"comment_status":"closed","ping_status":"closed","sticky":false,"template":"","format":"standard","meta":{"om_disable_all_campaigns":false,"_monsterinsights_skip_tracking":false,"_monsterinsights_sitenote_active":false,"_monsterinsights_sitenote_note":"","_monsterinsights_sitenote_category":0},"categories":[7],"tags":[],"aioseo_notices":[],"gutentor_comment":0,"rttpg_featured_image_url":{"full":["https:\/\/arantv.az\/wp-content\/uploads\/2023\/08\/FotoJet-7-6.jpg",620,413,false],"landscape":["https:\/\/arantv.az\/wp-content\/uploads\/2023\/08\/FotoJet-7-6.jpg",620,413,false],"portraits":["https:\/\/arantv.az\/wp-content\/uploads\/2023\/08\/FotoJet-7-6.jpg",620,413,false],"thumbnail":["https:\/\/arantv.az\/wp-content\/uploads\/2023\/08\/FotoJet-7-6-500x280.jpg",500,280,true],"medium":["https:\/\/arantv.az\/wp-content\/uploads\/2023\/08\/FotoJet-7-6-548x365.jpg",548,365,true],"large":["https:\/\/arantv.az\/wp-content\/uploads\/2023\/08\/FotoJet-7-6.jpg",620,413,false],"1536x1536":["https:\/\/arantv.az\/wp-content\/uploads\/2023\/08\/FotoJet-7-6.jpg",620,413,false],"2048x2048":["https:\/\/arantv.az\/wp-content\/uploads\/2023\/08\/FotoJet-7-6.jpg",620,413,false],"post-thumbnail":["https:\/\/arantv.az\/wp-content\/uploads\/2023\/08\/FotoJet-7-6-240x172.jpg",240,172,true],"advps-thumb-one":["https:\/\/arantv.az\/wp-content\/uploads\/2023\/08\/FotoJet-7-6.jpg",620,413,false]},"rttpg_author":{"display_name":"V\u00fcsal Rafiqo\u011flu","author_link":"https:\/\/arantv.az\/?author=2"},"rttpg_comment":0,"rttpg_category":"<a href=\"https:\/\/arantv.az\/?cat=7\" rel=\"category\">D\u00fcnya<\/a>","rttpg_excerpt":"Bu h\u0259ft\u0259 Fransan\u0131n Niger liderl\u0259ri il\u0259 hesabla\u015fmaq c\u0259hdi utancverici m\u0259\u011flubiyy\u0259t\u0259 u\u011frad\u0131. Afrika \u00f6lk\u0259l\u0259ri qarda\u015f \u00f6lk\u0259y\u0259\u00a0imperiya ambisiyalar\u0131 namin\u0259 Fransan\u0131n h\u00fccumunda i\u015ftirak etm\u0259kd\u0259n uzaqla\u015f\u0131r. Paris irq\u00e7ilik v\u0259 m\u00fcst\u0259ml\u0259k\u0259\u00e7ilikd\u0259n \u0259l \u00e7\u0259km\u0259k ist\u0259m\u0259diyi \u00fc\u00e7\u00fcn \u201cAfrikan\u0131 itirir\u201d. Bu bar\u0259d\u0259 \u201cCaliber\u201din \u201cYouTube\u201d kanal\u0131nda yay\u0131mlanan videos\u00fcjetd\u0259 b\u0259hs olunur. \u201cFransa t\u0259kc\u0259 buna g\u00f6r\u0259 Afrikan\u0131 itirmir. Qeyri-avropal\u0131, xristian olmayan xalqlara qar\u015f\u0131 irq\u00e7ilik v\u0259 imperializm&hellip;","_links":{"self":[{"href":"https:\/\/arantv.az\/index.php?rest_route=\/wp\/v2\/posts\/626020"}],"collection":[{"href":"https:\/\/arantv.az\/index.php?rest_route=\/wp\/v2\/posts"}],"about":[{"href":"https:\/\/arantv.az\/index.php?rest_route=\/wp\/v2\/types\/post"}],"author":[{"embeddable":true,"href":"https:\/\/arantv.az\/index.php?rest_route=\/wp\/v2\/users\/2"}],"replies":[{"embeddable":true,"href":"https:\/\/arantv.az\/index.php?rest_route=%2Fwp%2Fv2%2Fcomments&post=626020"}],"version-history":[{"count":0,"href":"https:\/\/arantv.az\/index.php?rest_route=\/wp\/v2\/posts\/626020\/revisions"}],"wp:featuredmedia":[{"embeddable":true,"href":"https:\/\/arantv.az\/index.php?rest_route=\/wp\/v2\/media\/626025"}],"wp:attachment":[{"href":"https:\/\/arantv.az\/index.php?rest_route=%2Fwp%2Fv2%2Fmedia&parent=626020"}],"wp:term":[{"taxonomy":"category","embeddable":true,"href":"https:\/\/arantv.az\/index.php?rest_route=%2Fwp%2Fv2%2Fcategories&post=626020"},{"taxonomy":"post_tag","embeddable":true,"href":"https:\/\/arantv.az\/index.php?rest_route=%2Fwp%2Fv2%2Ftags&post=626020"}],"curies":[{"name":"wp","href":"https:\/\/api.w.org\/{rel}","templated":true}]}}