{"id":626187,"date":"2023-08-30T12:06:02","date_gmt":"2023-08-30T08:06:02","guid":{"rendered":"https:\/\/arantv.az\/?p=626187"},"modified":"2023-08-30T12:06:02","modified_gmt":"2023-08-30T08:06:02","slug":"makronun-%c9%99liyev%c9%99-z%c9%99ngi-fransa-n%c9%99-etm%c9%99y%c9%99-calisir-t%c9%99hlil","status":"publish","type":"post","link":"https:\/\/arantv.az\/?p=626187","title":{"rendered":"Makronun \u018fliyev\u0259 z\u0259ngi: Fransa n\u0259 etm\u0259y\u0259 \u00e7al\u0131\u015f\u0131r? &#8211; T\u018fHL\u0130L"},"content":{"rendered":"<p>Avqustun 29-da Fransa Prezidenti Emmanuel Makron Az\u0259rbaycan Prezidenti\u00a0<strong>\u0130lham \u018fliyev\u0259<\/strong>\u00a0z\u0259ng ed\u0259r\u0259k m\u00fczakir\u0259l\u0259r apar\u0131b.<\/p>\n<p>Makronla \u018fliyevin m\u00fczakir\u0259l\u0259ri Fransan\u0131n C\u0259nubi Qafqaz siyas\u0259tind\u0259 n\u00f6vb\u0259ti m\u0259rh\u0259l\u0259ni h\u0259yata ke\u00e7irm\u0259k c\u0259hdi il\u0259 \u0259laq\u0259li m\u0259s\u0259l\u0259l\u0259ri \u0259hat\u0259 edir.<\/p>\n<p>Makronun \u018fliyev\u0259 z\u0259ngi:<\/p>\n<p>&#8211; Fransa r\u0259smil\u0259rinin \u0130r\u0259vandan Xank\u0259ndiy\u0259 humanitar y\u00fck da\u015f\u0131nmas\u0131n\u0131 m\u00fc\u015fayi\u0259t etm\u0259sinin fonunda,<\/p>\n<p>&#8211; Az\u0259rbaycan\u0131n is\u0259 alternativ olaraq A\u011fdam-Xank\u0259ndi yolu il\u0259 Qaraba\u011fdak\u0131 erm\u0259nil\u0259r\u0259 humanitar y\u00fck g\u00f6nd\u0259rm\u0259sinin i\u015f\u0131\u011f\u0131nda diqq\u0259t\u0259layiqdir.<\/p>\n<p>Makronun \u018fliyevl\u0259 dan\u0131\u015f\u0131\u011f\u0131ndan sonra bu q\u0259na\u0259t hakim olur ki, Fransa Az\u0259rbaycanla Erm\u0259nistan liderl\u0259rini \u00f6z vasit\u0259\u00e7ilik masas\u0131 \u0259traf\u0131nda dan\u0131\u015f\u0131qlara c\u0259lb etm\u0259k ist\u0259yir.<\/p>\n<p>\u00c7\u00fcnki Makron eyni g\u00fcnd\u0259 Erm\u0259nistan\u0131n ba\u015f naziri Nikol Pa\u015finyanla da dan\u0131\u015f\u0131b.<\/p>\n<p>\u00dcmumi planda Fransan\u0131n m\u0259ntiqi regionda m\u00fcnaqi\u015f\u0259li v\u0259ziyy\u0259t yarad\u0131b \u00f6z\u00fcn\u00fc h\u0259min konfliktl\u0259rin yaratd\u0131\u011f\u0131 bo\u015fluqlara s\u0131zd\u0131rmaq prinsipin\u0259 s\u00f6yk\u0259nir.<\/p>\n<p>Az\u0259rbaycan v\u0259 T\u00fcrkiy\u0259 strateji m\u00fctt\u0259fiqliyi, regionda yaranm\u0131\u015f reall\u0131qlarda rol alan aktorlar\u0131n maraqlar\u0131n\u0131n konteksti is\u0259 Fransan\u0131n \u00e7arx\u0131n\u0131 \u0259ksin\u0259 f\u0131rlad\u0131r.<\/p>\n<p>Paris n\u0259 q\u0259d\u0259r g\u00fcc vers\u0259 d\u0259, qlobal itkil\u0259rini C\u0259nubi Qafqaz hesab\u0131na kompensasiya etm\u0259k c\u0259hdl\u0259rind\u0259n n\u0259tic\u0259 qopara bilmir.<\/p>\n<p>Qeyd edim ki, qlobal m\u0259kanda Fransan\u0131n s\u0131x\u0131\u015fd\u0131r\u0131lmas\u0131 spesifik m\u00f6vzudur v\u0259 m\u00fcr\u0259kk\u0259blik d\u0259r\u0259c\u0259si el\u0259 s\u0259viyy\u0259d\u0259dir ki, yaln\u0131z m\u00fcnaqi\u015f\u0259l\u0259r v\u0259d edir.<\/p>\n<p>\u00c7\u00fcnki Fransa AB\u015e v\u0259 B\u00f6y\u00fck Britaniyan\u0131n m\u00fc\u015ft\u0259r\u0259k, Rusiyan\u0131n is\u0259 ayr\u0131ca t\u0259zyiql\u0259rin\u0259 qar\u015f\u0131 tab g\u0259tirm\u0259k \u00fc\u00e7\u00fcn ba\u015fqa problemli \u0259razil\u0259rd\u0259 eskalasiya riski yaratma\u011fa h\u0259v\u0259s g\u00f6st\u0259rir. Paris bunu r\u0259qibl\u0259rin\u0259 qar\u015f\u0131 tarazla\u015fd\u0131r\u0131c\u0131 akt kimi qiym\u0259tl\u0259ndirir, h\u0259r\u00e7\u0259nd ki, Rusiya il\u0259 s\u00f6vd\u0259l\u0259\u015fm\u0259l\u0259r d\u0259 Parisin siyas\u0259ti \u00fc\u00e7\u00fcn adi v\u0259rdi\u015fl\u0259rd\u0259n birin\u0259 \u00e7evrilib.<\/p>\n<p>Bunlardan savay\u0131, n\u00fcv\u0259 silah\u0131na malik olan Fransan\u0131n xarici siyas\u0259t doktrinas\u0131n\u0131n \u0259lahidd\u0259 ekspansiya spesifikas\u0131 m\u00f6vcuddur, y\u0259ni Paris s\u0131x\u0131\u015fd\u0131r\u0131lmasayd\u0131 bel\u0259, yen\u0259 eyni add\u0131mlar atacaqd\u0131.<\/p>\n<p>Ona g\u00f6r\u0259 d\u0259 Fransan\u0131n C\u0259nubi Qafqaz siyas\u0259tini h\u0259m r\u0259smi Parisin qlobal n\u00fcfuz dair\u0259sind\u0259ki t\u0259cridi, h\u0259m d\u0259 onun ayr\u0131ca xarici siyas\u0259t h\u0259dl\u0259ri fonunda ba\u015fa d\u00fc\u015fm\u0259k laz\u0131md\u0131r.<\/p>\n<p>H\u0259r\u00e7\u0259nd ki, Paris C\u0259nubi Qafqaz orbitind\u0259 ist\u0259dikl\u0259rini ala bilm\u0259kd\u0259 aciz v\u0259ziyy\u0259t\u0259 d\u00fc\u015f\u00fcr v\u0259 getdikc\u0259 di\u015fl\u0259rini daha \u00e7ox q\u0131cay\u0131r.<\/p>\n<p>Fransa b\u0259rk q\u0131\u015fq\u0131rsa da, regiona di\u015f bat\u0131ra bilmir, \u0259v\u0259zind\u0259 Az\u0259rbaycana qar\u015f\u0131 r\u0259smi v\u0259 diplomatik etiket qaydalar\u0131n\u0131 tapdalayan m\u00f6vqe n\u00fcmayi\u015f etdirir.<\/p>\n<p>\u00c7\u00fcnki Fransa bilir ki, onun m\u00fc\u015fayi\u0259t etdiyi y\u00fck ma\u015f\u0131nlar\u0131n\u0131 Az\u0259rbaycan \u201cLa\u00e7\u0131n\u201d s\u0259rh\u0259d-burax\u0131l\u0131\u015f m\u0259nt\u0259q\u0259sind\u0259n ke\u00e7irm\u0259y\u0259c\u0259k. Parisin m\u0259qs\u0259di he\u00e7 o TIR-lar\u0131 Qaraba\u011fa g\u00f6nd\u0259rm\u0259k d\u0259 deyil, sad\u0259 m\u0259ntiq bel\u0259 deyir ki, Fransan\u0131n m\u0259ram\u0131 Az\u0259rbaycan\u0131 t\u0259xribata \u00e7\u0259km\u0259kdir.<\/p>\n<p>H\u0259m d\u0259 A\u011fdam-Xank\u0259ndi mar\u015frutuna qar\u015f\u0131 Gorus-Xank\u0259ndi yolunun alternativ kimi t\u0259qdim edilm\u0259si Parisin regionda aktivl\u0259\u015fm\u0259k c\u0259hdl\u0259rinin yeni dal\u011fas\u0131n\u0131 g\u00f6st\u0259rir.<\/p>\n<p>Lakin ipl\u0259ri \u0259lind\u0259n buraxan Fransa Qaraba\u011fda a\u00e7\u0131q qalan m\u0259s\u0259l\u0259l\u0259rd\u0259, Az\u0259rbaycan-Erm\u0259nistan s\u0259rh\u0259d delimitasiyas\u0131 m\u0259s\u0259l\u0259l\u0259rind\u0259 n\u0259 q\u0259d\u0259r \u00e7ox erm\u0259nip\u0259r\u0259st m\u00f6vqe tutursa, bu, onun regionda t\u0259sir yaratmaq \u00fc\u00e7\u00fcn real imkanlar\u0131n\u0131 azaldacaq.<\/p>\n<p>Makron buna g\u00f6r\u0259 \u018fliyev\u0259, bel\u0259 dem\u0259k m\u00fcmk\u00fcns\u0259, a\u011f\u0131z a\u00e7\u0131r, o m\u0259nada ki, Fransan\u0131n regiondak\u0131 rolunu s\u00fclh v\u0259 t\u0259hl\u00fck\u0259sizlik m\u00fchiti formala\u015fd\u0131ran formul kimi izah etm\u0259y\u0259 \u00e7al\u0131\u015f\u0131r.<\/p>\n<p>Bu, Fransa diplomatiyas\u0131nda yeni bir hal deyil, Az\u0259rbaycan da Parisin yalan\u00e7\u0131 s\u00f6zl\u0259rin\u0259 inanan deyil. Ona g\u00f6r\u0259 d\u0259 Makronun \u018fliyevl\u0259 dan\u0131\u015f\u0131qlar\u0131 Az\u0259rbaycan-Fransa m\u00fcnasib\u0259tl\u0259rind\u0259ki Erm\u0259nistanla ba\u011fl\u0131 t\u0259m\u0259l m\u00fcbahis\u0259l\u0259r\u0259 son qoymaqdan uzaqd\u0131r.<\/p>\n<p>Fransan\u0131n niyy\u0259ti Az\u0259rbaycan-Erm\u0259nistan m\u00fcnasib\u0259tl\u0259ri \u00fcz\u0259rind\u0259n informasiya \u015f\u0259raiti yaratmaq, bununla \u00f6z\u00fcn\u00fcn rolunu beyn\u0259lxalq g\u00fcnd\u0259md\u0259 t\u0259bli\u011f etm\u0259kdir &#8211; Makron-\u018fliyev dan\u0131\u015f\u0131qlar\u0131n\u0131n \u00fcmumi ruhunu bu c\u00fcr t\u0259svir etm\u0259k olar.<\/p>\n<p>Fransan\u0131n s\u0259y g\u00f6st\u0259rdiyi ba\u015fqa bir m\u0259qam Qaraba\u011fda Rusiya s\u00fclhm\u0259raml\u0131lar\u0131n\u0131n mandat\u0131 ba\u015fa \u00e7atd\u0131qdan sonra \u00f6z\u00fcn\u00fc h\u0259min zonaya hans\u0131sa formada daxil etm\u0259kdir, lakin bu plan\u0131n ba\u015f tutaca\u011f\u0131 real s\u0259sl\u0259nmir.<\/p>\n<p><img src=\"https:\/\/cdn.oxu.az\/uploads\/W1siZiIsIjIwMjMvMDgvMzAvMTAvNTQvNTgvMzA2NjNlZWQtNzc4YS00NDA2LTkyNzQtOTIzN2UwNGUzZWQzLzM2NTY4NzgzM182MzM4NzIwOTQyODI5NjczXzI0MDE3Nzk0OTcwMzMwNDQxMzNfbi5qcGciXSxbInAiLCJlbmNvZGUiLCJqcGciLCItcXVhbGl0eSA4MCJdLFsicCIsInRodW1iIiwiNTkweDU5MFx1MDAzZSJdXQ?sha=d91494b8e436ee47\" alt=\"\" \/><\/p>\n","protected":false},"excerpt":{"rendered":"<p>Avqustun 29-da Fransa Prezidenti Emmanuel Makron Az\u0259rbaycan Prezidenti\u00a0\u0130lham \u018fliyev\u0259\u00a0z\u0259ng ed\u0259r\u0259k m\u00fczakir\u0259l\u0259r apar\u0131b. Makronla \u018fliyevin m\u00fczakir\u0259l\u0259ri Fransan\u0131n C\u0259nubi Qafqaz siyas\u0259tind\u0259 n\u00f6vb\u0259ti m\u0259rh\u0259l\u0259ni h\u0259yata ke\u00e7irm\u0259k c\u0259hdi il\u0259 \u0259laq\u0259li m\u0259s\u0259l\u0259l\u0259ri \u0259hat\u0259 edir. Makronun \u018fliyev\u0259 z\u0259ngi: &#8211; Fransa r\u0259smil\u0259rinin \u0130r\u0259vandan Xank\u0259ndiy\u0259 humanitar y\u00fck da\u015f\u0131nmas\u0131n\u0131 m\u00fc\u015fayi\u0259t etm\u0259sinin fonunda, &#8211; Az\u0259rbaycan\u0131n is\u0259 alternativ olaraq A\u011fdam-Xank\u0259ndi yolu il\u0259 Qaraba\u011fdak\u0131 erm\u0259nil\u0259r\u0259 humanitar y\u00fck g\u00f6nd\u0259rm\u0259sinin i\u015f\u0131\u011f\u0131nda diqq\u0259t\u0259layiqdir. Makronun \u018fliyevl\u0259 dan\u0131\u015f\u0131\u011f\u0131ndan sonra bu q\u0259na\u0259t hakim olur ki, Fransa Az\u0259rbaycanla Erm\u0259nistan liderl\u0259rini \u00f6z vasit\u0259\u00e7ilik masas\u0131 \u0259traf\u0131nda dan\u0131\u015f\u0131qlara c\u0259lb etm\u0259k ist\u0259yir. \u00c7\u00fcnki Makron eyni g\u00fcnd\u0259 Erm\u0259nistan\u0131n ba\u015f naziri Nikol Pa\u015finyanla da dan\u0131\u015f\u0131b.&hellip;<\/p>\n","protected":false},"author":2,"featured_media":626191,"comment_status":"closed","ping_status":"closed","sticky":false,"template":"","format":"standard","meta":{"om_disable_all_campaigns":false,"_monsterinsights_skip_tracking":false,"_monsterinsights_sitenote_active":false,"_monsterinsights_sitenote_note":"","_monsterinsights_sitenote_category":0},"categories":[4],"tags":[],"aioseo_notices":[],"gutentor_comment":0,"rttpg_featured_image_url":{"full":["https:\/\/arantv.az\/wp-content\/uploads\/2023\/08\/FotoJet-107.jpg",620,413,false],"landscape":["https:\/\/arantv.az\/wp-content\/uploads\/2023\/08\/FotoJet-107.jpg",620,413,false],"portraits":["https:\/\/arantv.az\/wp-content\/uploads\/2023\/08\/FotoJet-107.jpg",620,413,false],"thumbnail":["https:\/\/arantv.az\/wp-content\/uploads\/2023\/08\/FotoJet-107-500x280.jpg",500,280,true],"medium":["https:\/\/arantv.az\/wp-content\/uploads\/2023\/08\/FotoJet-107-548x365.jpg",548,365,true],"large":["https:\/\/arantv.az\/wp-content\/uploads\/2023\/08\/FotoJet-107.jpg",620,413,false],"1536x1536":["https:\/\/arantv.az\/wp-content\/uploads\/2023\/08\/FotoJet-107.jpg",620,413,false],"2048x2048":["https:\/\/arantv.az\/wp-content\/uploads\/2023\/08\/FotoJet-107.jpg",620,413,false],"post-thumbnail":["https:\/\/arantv.az\/wp-content\/uploads\/2023\/08\/FotoJet-107-240x172.jpg",240,172,true],"advps-thumb-one":["https:\/\/arantv.az\/wp-content\/uploads\/2023\/08\/FotoJet-107.jpg",620,413,false]},"rttpg_author":{"display_name":"V\u00fcsal Rafiqo\u011flu","author_link":"https:\/\/arantv.az\/?author=2"},"rttpg_comment":0,"rttpg_category":"<a href=\"https:\/\/arantv.az\/?cat=4\" rel=\"category\">Siyas\u0259t<\/a>","rttpg_excerpt":"Avqustun 29-da Fransa Prezidenti Emmanuel Makron Az\u0259rbaycan Prezidenti\u00a0\u0130lham \u018fliyev\u0259\u00a0z\u0259ng ed\u0259r\u0259k m\u00fczakir\u0259l\u0259r apar\u0131b. Makronla \u018fliyevin m\u00fczakir\u0259l\u0259ri Fransan\u0131n C\u0259nubi Qafqaz siyas\u0259tind\u0259 n\u00f6vb\u0259ti m\u0259rh\u0259l\u0259ni h\u0259yata ke\u00e7irm\u0259k c\u0259hdi il\u0259 \u0259laq\u0259li m\u0259s\u0259l\u0259l\u0259ri \u0259hat\u0259 edir. Makronun \u018fliyev\u0259 z\u0259ngi: &#8211; Fransa r\u0259smil\u0259rinin \u0130r\u0259vandan Xank\u0259ndiy\u0259 humanitar y\u00fck da\u015f\u0131nmas\u0131n\u0131 m\u00fc\u015fayi\u0259t etm\u0259sinin fonunda, &#8211; Az\u0259rbaycan\u0131n is\u0259 alternativ olaraq A\u011fdam-Xank\u0259ndi yolu il\u0259 Qaraba\u011fdak\u0131 erm\u0259nil\u0259r\u0259 humanitar y\u00fck&hellip;","_links":{"self":[{"href":"https:\/\/arantv.az\/index.php?rest_route=\/wp\/v2\/posts\/626187"}],"collection":[{"href":"https:\/\/arantv.az\/index.php?rest_route=\/wp\/v2\/posts"}],"about":[{"href":"https:\/\/arantv.az\/index.php?rest_route=\/wp\/v2\/types\/post"}],"author":[{"embeddable":true,"href":"https:\/\/arantv.az\/index.php?rest_route=\/wp\/v2\/users\/2"}],"replies":[{"embeddable":true,"href":"https:\/\/arantv.az\/index.php?rest_route=%2Fwp%2Fv2%2Fcomments&post=626187"}],"version-history":[{"count":0,"href":"https:\/\/arantv.az\/index.php?rest_route=\/wp\/v2\/posts\/626187\/revisions"}],"wp:featuredmedia":[{"embeddable":true,"href":"https:\/\/arantv.az\/index.php?rest_route=\/wp\/v2\/media\/626191"}],"wp:attachment":[{"href":"https:\/\/arantv.az\/index.php?rest_route=%2Fwp%2Fv2%2Fmedia&parent=626187"}],"wp:term":[{"taxonomy":"category","embeddable":true,"href":"https:\/\/arantv.az\/index.php?rest_route=%2Fwp%2Fv2%2Fcategories&post=626187"},{"taxonomy":"post_tag","embeddable":true,"href":"https:\/\/arantv.az\/index.php?rest_route=%2Fwp%2Fv2%2Ftags&post=626187"}],"curies":[{"name":"wp","href":"https:\/\/api.w.org\/{rel}","templated":true}]}}